{"id":148539,"date":"2025-09-30T12:20:07","date_gmt":"2025-09-30T12:20:07","guid":{"rendered":"https:\/\/www.europesays.com\/es\/148539\/"},"modified":"2025-09-30T12:20:07","modified_gmt":"2025-09-30T12:20:07","slug":"el-toro-da-revancha-el-financiero","status":"publish","type":"post","link":"https:\/\/www.europesays.com\/es\/148539\/","title":{"rendered":"El toro da revancha \u2013 El Financiero"},"content":{"rendered":"<p class=\"c-paragraph\">El mundo de los toros es \u00fanico, fascinante, extra\u00f1o, dif\u00edcil, cruel, capaz de llevarte del infierno al cielo o, de pronto, devolverte de lo m\u00e1s alto a la nada. Detr\u00e1s de cada animal que cruza los toriles para entregar su vida en el ruedo \u2014acto que atormenta a quienes no entienden el significado de la tauromaquia, que creen mil mentiras y las toman como verdades\u2014 late una realidad incuestionable: por cada toro lidiado, nueve viven en libertad en el campo. Un espacio que los ecologistas urbanos \u2014esos prohibicionistas de escritorio\u2014 jam\u00e1s pisan, porque desconocen el equilibrio natural de las cosas. Se quedan \u00fanicamente en la sangre que hiere sus fr\u00e1giles sensibilidades y prefieren eliminar al toro bravo del planeta antes que conocerlo y respetarlo.<\/p>\n<p class=\"c-paragraph\">En este mundo donde no siempre dos m\u00e1s dos suman cuatro, tarde o temprano quien pone a todos en su sitio es el toro. Funcionar como torero es una empresa casi imposible: hace falta valor, t\u00e9cnica, personalidad, carisma, arte, vocaci\u00f3n, capacidad de sacrificio y, adem\u00e1s, estar dispuesto a morir. Y aun con todo eso, no basta. Se necesita suerte: que en la plaza grande toque el toro propicio, que el matador lo entienda y lo lidie bien, que la espada no falle, que el puntillero no lo levante, que la emoci\u00f3n prenda en el tendido, que el juez tenga sensibilidad y que los trofeos se otorguen en justicia. Despu\u00e9s, que la repercusi\u00f3n medi\u00e1tica sea favorable y que las empresas correspondan. S\u00f3lo entonces, con el nombre encendido en la boca del p\u00fablico, los aficionados volver\u00e1n a comprar un boleto para verte.<\/p>\n<p class=\"c-paragraph\">El domingo pasado, Ernesto Javier Calita, l\u00edder del escalaf\u00f3n nacional desde hace algunas temporadas, volvi\u00f3 a escribir una de esas p\u00e1ginas que dan sentido a toda una vida. Matador que por casi una d\u00e9cada sufri\u00f3 el desprecio y el olvido empresarial, que se aferr\u00f3 a su sue\u00f1o de manera casi irracional cuando parec\u00eda imposible, que nunca baj\u00f3 la guardia y siempre estuvo preparado, encontr\u00f3 la oportunidad, la tom\u00f3 con fuerza, triunf\u00f3 y asumi\u00f3 la responsabilidad. Desde entonces su carrera ha sido una l\u00ednea ascendente, no sin tropiezos, pero firme.<\/p>\n<p class=\"c-paragraph\">Hace algunos a\u00f1os, estando en gran momento, sufri\u00f3 una de las semanas m\u00e1s duras: tres avisos en la Plaza M\u00e9xico y, a la semana siguiente, la misma historia en Guadalajara. Las dos plazas m\u00e1s importantes del pa\u00eds. Fue un golpe devastador, y sobre \u00e9l cay\u00f3 con dureza un sector del p\u00fablico, de la prensa y del propio medio. \u00bfQu\u00e9 hizo? Redoblar el esfuerzo, aprender de los errores, prepararse m\u00e1s, no bajarse del carro.<\/p>\n<p class=\"c-paragraph\">Las temporadas siguientes fueron internacionales. El a\u00f1o pasado firm\u00f3 una actuaci\u00f3n seria en Madrid, y su paso por las plazas ha sido triunfal. La deuda con aquella tarde oscura en La M\u00e9xico estaba saldada; quedaba pendiente Guadalajara. El pasado domingo, ante dos grandes toros de Ordaz, el mexiquense de sangre sevillana firm\u00f3 una de sus m\u00e1s grandes tardes como matador: un triunfo rotundo de cuatro orejas y un rabo a un lote excepcional del hierro queretano que hoy da mucho y bien de qu\u00e9 hablar.<\/p>\n<p class=\"c-paragraph\">No hab\u00eda margen de error: ante toros de nota mayor, o se est\u00e1 a la altura o se naufraga. Calita respondi\u00f3 como responden los toreros importantes en las tardes clave: con brillantez, en la Perla Tapat\u00eda, en la plaza donde se lidia el toro m\u00e1s serio de M\u00e9xico, frente a un p\u00fablico conocedor y exigente como pocos.<\/p>\n<p class=\"c-paragraph\">El toro le dio revancha. En el sorteo le tocaron dos astados de bandera que pod\u00edan significar la gloria o la ruina. Su preparaci\u00f3n, su determinaci\u00f3n y su ambici\u00f3n lo llevaron al triunfo clamoroso. Y junto a los hermanos Ordaz, que paso a paso consolidan su proyecto ganadero, la tarde se convirti\u00f3 en un canto a la grandeza de la tauromaquia.<\/p>\n","protected":false},"excerpt":{"rendered":"El mundo de los toros es \u00fanico, fascinante, extra\u00f1o, dif\u00edcil, cruel, capaz de llevarte del infierno al cielo&hellip;\n","protected":false},"author":2,"featured_media":148540,"comment_status":"","ping_status":"","sticky":false,"template":"","format":"standard","meta":{"footnotes":""},"categories":[277],"tags":[45381,45382,45379,45380,373,168,45378,25,24,2940,14876,45383,23,167,374],"class_list":{"0":"post-148539","1":"post","2":"type-post","3":"status-publish","4":"format-standard","5":"has-post-thumbnail","7":"category-toreo","8":"tag-cuales-son-las-plazas-de-toros-mas-grandes-de-mexico","9":"tag-cuales-son-las-plazas-de-toros-mas-importantes","10":"tag-quien-es-calita","11":"tag-quien-es-el-calita","12":"tag-bullfighting","13":"tag-deportes","14":"tag-ernesto-javier-calita","15":"tag-es","16":"tag-espana","17":"tag-khp","18":"tag-monumental-plaza-de-toros-mexico","19":"tag-plaza-de-toros-de-guadalajara","20":"tag-spain","21":"tag-sports","22":"tag-toreo"},"share_on_mastodon":{"url":"","error":""},"_links":{"self":[{"href":"https:\/\/www.europesays.com\/es\/wp-json\/wp\/v2\/posts\/148539","targetHints":{"allow":["GET"]}}],"collection":[{"href":"https:\/\/www.europesays.com\/es\/wp-json\/wp\/v2\/posts"}],"about":[{"href":"https:\/\/www.europesays.com\/es\/wp-json\/wp\/v2\/types\/post"}],"author":[{"embeddable":true,"href":"https:\/\/www.europesays.com\/es\/wp-json\/wp\/v2\/users\/2"}],"replies":[{"embeddable":true,"href":"https:\/\/www.europesays.com\/es\/wp-json\/wp\/v2\/comments?post=148539"}],"version-history":[{"count":0,"href":"https:\/\/www.europesays.com\/es\/wp-json\/wp\/v2\/posts\/148539\/revisions"}],"wp:featuredmedia":[{"embeddable":true,"href":"https:\/\/www.europesays.com\/es\/wp-json\/wp\/v2\/media\/148540"}],"wp:attachment":[{"href":"https:\/\/www.europesays.com\/es\/wp-json\/wp\/v2\/media?parent=148539"}],"wp:term":[{"taxonomy":"category","embeddable":true,"href":"https:\/\/www.europesays.com\/es\/wp-json\/wp\/v2\/categories?post=148539"},{"taxonomy":"post_tag","embeddable":true,"href":"https:\/\/www.europesays.com\/es\/wp-json\/wp\/v2\/tags?post=148539"}],"curies":[{"name":"wp","href":"https:\/\/api.w.org\/{rel}","templated":true}]}}