{"id":148541,"date":"2025-09-30T12:21:10","date_gmt":"2025-09-30T12:21:10","guid":{"rendered":"https:\/\/www.europesays.com\/es\/148541\/"},"modified":"2025-09-30T12:21:10","modified_gmt":"2025-09-30T12:21:10","slug":"jackson-lee-vs-hecher-sosa-en-dana-whites-contender-series-82-cartelera-cuando-es-fecha-a-que-hora-es-canal-tv-y-donde-ver-online-la-pelea-de-mma-en-espana-dazn","status":"publish","type":"post","link":"https:\/\/www.europesays.com\/es\/148541\/","title":{"rendered":"Jackson Lee vs Hecher Sosa en Dana White&#039;s Contender Series 82: cartelera, cu\u00e1ndo es, fecha, a qu\u00e9 hora es, canal, TV y d\u00f3nde ver online la pelea de MMA en Espa\u00f1a &#8211; DAZN"},"content":{"rendered":"<ol>\n<li><a href=\"https:\/\/news.google.com\/rss\/articles\/CBMi-AFBVV95cUxNNGl3eXNodDFBc1M0VXZQem14V3E4SVEtb3JzVm5SLTItNU8wRDVMZHhhQUJSenloZ20wLXhDN2hYVnpjMFlYemVXX1lway1ob0U4dUVabGFITGNyZS1NaEVQUFFqU04weHJiRFYyZ1A5SXZBNklZZG5BTVlQbTRpaWpWcUNsYVdWTE5pT1pmdkcwc0NNU2F6cWhadTVPS2hrMFNXQmxjZmdyTGRvazY2RkxfS1diMVdodkR3djBRZHRuRlhCRTYyQXAwWlVDRXdPTlBtNGhGaUN0Ql85amJ4Z1JLYWttMklqRXZnTXhnV19RZ0FYcGVzaQ?oc=5\" target=\"_blank\" rel=\"nofollow noopener\">Jackson Lee vs Hecher Sosa en Dana White&#8217;s Contender Series 82: cartelera, cu\u00e1ndo es, fecha, a qu\u00e9 hora es, canal, TV y d\u00f3nde ver online la pelea de MMA en Espa\u00f1a<\/a>&nbsp;&nbsp;DAZN<\/li>\n<li><a href=\"https:\/\/news.google.com\/rss\/articles\/CBMibkFVX3lxTFBRbzJRSkliOGNGeWRzQW5fcjJiRWNlWktqNkMtSXUxRDQxd2Z2ZFVOWnlYZWlvOE9VbS10QU0ySG5JcGRHb0ZfQ2VOS1pyRzVWdlEyV0xEaUstaTNHV2wzcjY2U2dzdUNpUnlFS0VB?oc=5\" target=\"_blank\" rel=\"nofollow noopener\">Hecher Sosa, tras lograr un contrato con la UFC: \u00abQuiero ser grande en este deporte; nada ni nadie va a pararme\u00bb<\/a>&nbsp;&nbsp;ABC<\/li>\n<li><a href=\"https:\/\/news.google.com\/rss\/articles\/CBMi3AFBVV95cUxPUGhkb3MwQ3VnNEVNNG9NVmJtS3RzTzNqenhVRXp5Nm5jd2VXQ1pUVTA5ekt3Q2xEcFJqZXZ4NXJ5WF9WN3NodmF4QXlwOW5jLVRvVWFTMm9OeEVnS01hVkdkb1U3MTZBNVZTX0RLcEh0YUNIV3BzZnF4cFdoZFpqQkpLTTVvazNTNnlaNEtOaHNJVGR1S0xoWE1nMUZNcUw1bE1uX3VnZ1ZaNXhlSGFKV3NHakoySERoWVhJWkhWNTZYcUpoeVhkQjdjZnI3ZFM3SEdSRk5YX1N5cmdT?oc=5\" target=\"_blank\" rel=\"nofollow noopener\">Topuria da la bienvenida a Hecher Sosa, el nuevo espa\u00f1ol en la UFC: \u00abOtro ejemplo de que si quieres, puedes\u00bb<\/a>&nbsp;&nbsp;El Confidencial<\/li>\n<li><a href=\"https:\/\/news.google.com\/rss\/articles\/CBMi0wFBVV95cUxPMUJDQ3dUUjRENWNjZU02SEdndGdLbDViU0tteGNBeEh2ZGI3SWx0RFhFX2RQVS1CWF9JWC1Ea2hWNjludkxTdVlvQTdzZlBZWjhCUzgyV0gzQXhIMDkxa1dJVGdnYWxlTjQwYkZwRkM3bE1VZVVGT1Voc2t5TDRmSWVNZV8yWXpnZGNzSmt4cW03WVdFX2FOclFQdGNVbjZ4dGdhdGZ0N1pJOHE5NGRhanEtVE5fckxjaFNtNGpLY21IV2g2Q0hEeWV0STJBS05DZ2FN?oc=5\" target=\"_blank\" rel=\"nofollow noopener\">Hecher Sosa regresa a Lanzarote con un recibimiento multitudinario tras firmar con la UFC<\/a>&nbsp;&nbsp;lanzarote Deportiva<\/li>\n<li><a href=\"https:\/\/news.google.com\/rss\/articles\/CBMinAFBVV95cUxNMFBfam5UT19JNFhZbXAzV3hhTnhpbU1kZHAxY1ViT3V3dEltRm9WWHREVnJ5NWJ1VFlQc3JKb0l5cjFSQy03bmpiX2dmcWdSaUxQdkNJZ0FXanVoYTY3bUdJd2FPa0thQVo3QXRNWHF0YUhlc1ZIZjdRcGU5ZDkxd0phZmdMRE9VN0R1THJZci1wamhjTkRRYnZOcVc?oc=5\" target=\"_blank\" rel=\"nofollow noopener\">Hecher Sosa consigui\u00f3 una gran victoria que le da acceso a la UFC<\/a>&nbsp;&nbsp;Revista Alsolajero Lanzarote<\/li>\n<\/ol>\n","protected":false},"excerpt":{"rendered":"Jackson Lee vs Hecher Sosa en Dana White&#8217;s Contender Series 82: cartelera, cu\u00e1ndo es, fecha, a qu\u00e9 hora&hellip;\n","protected":false},"author":2,"featured_media":147755,"comment_status":"","ping_status":"","sticky":false,"template":"","format":"standard","meta":{"footnotes":""},"categories":[276],"tags":[168,25,24,23,167,343],"class_list":{"0":"post-148541","1":"post","2":"type-post","3":"status-publish","4":"format-standard","5":"has-post-thumbnail","7":"category-ufc","8":"tag-deportes","9":"tag-es","10":"tag-espana","11":"tag-spain","12":"tag-sports","13":"tag-ufc"},"share_on_mastodon":{"url":"","error":""},"_links":{"self":[{"href":"https:\/\/www.europesays.com\/es\/wp-json\/wp\/v2\/posts\/148541","targetHints":{"allow":["GET"]}}],"collection":[{"href":"https:\/\/www.europesays.com\/es\/wp-json\/wp\/v2\/posts"}],"about":[{"href":"https:\/\/www.europesays.com\/es\/wp-json\/wp\/v2\/types\/post"}],"author":[{"embeddable":true,"href":"https:\/\/www.europesays.com\/es\/wp-json\/wp\/v2\/users\/2"}],"replies":[{"embeddable":true,"href":"https:\/\/www.europesays.com\/es\/wp-json\/wp\/v2\/comments?post=148541"}],"version-history":[{"count":0,"href":"https:\/\/www.europesays.com\/es\/wp-json\/wp\/v2\/posts\/148541\/revisions"}],"wp:featuredmedia":[{"embeddable":true,"href":"https:\/\/www.europesays.com\/es\/wp-json\/wp\/v2\/media\/147755"}],"wp:attachment":[{"href":"https:\/\/www.europesays.com\/es\/wp-json\/wp\/v2\/media?parent=148541"}],"wp:term":[{"taxonomy":"category","embeddable":true,"href":"https:\/\/www.europesays.com\/es\/wp-json\/wp\/v2\/categories?post=148541"},{"taxonomy":"post_tag","embeddable":true,"href":"https:\/\/www.europesays.com\/es\/wp-json\/wp\/v2\/tags?post=148541"}],"curies":[{"name":"wp","href":"https:\/\/api.w.org\/{rel}","templated":true}]}}