{"id":148545,"date":"2025-09-30T12:25:07","date_gmt":"2025-09-30T12:25:07","guid":{"rendered":"https:\/\/www.europesays.com\/es\/148545\/"},"modified":"2025-09-30T12:25:07","modified_gmt":"2025-09-30T12:25:07","slug":"asi-es-el-nuevo-revuelto-mansory-de-esteban-ocon-estrella-de-la-f1","status":"publish","type":"post","link":"https:\/\/www.europesays.com\/es\/148545\/","title":{"rendered":"As\u00ed es el nuevo Revuelto Mansory de Esteban Ocon, estrella de la F1"},"content":{"rendered":"<p>No es ning\u00fan secreto que muchos pilotos de F\u00f3rmula 1 se gastan mucho dinero en hipercoches supercaros que a menudo aparcan en sus garajes de M\u00f3naco y los dejan parados. El piloto de Haas Esteban Ocon, por supuesto, no quiere ser peor y ha llevado su nuevo Lamborghini Revuelto a los tan denostados talleres Mansory, que han sustituido grandes partes de la carrocer\u00eda por fibra de carbono roja\/negra y han vuelto a coser el interior. No se ha hecho nada en el interior de los paneles de aluminio y fibra de carbono porque Mansory cree que el motor y la transmisi\u00f3n ya son suficientemente potentes.<\/p>\n<p><a href=\"https:\/\/www.carscoops.com\/2025\/09\/even-f1-drivers-dig-mansorys-latest-revuelto\/\" target=\"_blank\" rel=\"nofollow noopener\">Carbuzz:<\/a><br \/>\u00abEn la parte trasera del Revuelto tambi\u00e9n hay mucho que hacer. Para empezar, el aler\u00f3n trasero hidr\u00e1ulico original se ha sustituido por uno acabado en fibra de carbono forjada y tambi\u00e9n se ha a\u00f1adido un difusor trasero m\u00e1s pronunciado. Un juego de intrincadas llantas posventa remata el aspecto. Aunque es dif\u00edcil estar detr\u00e1s de algunos de los proyectos de Mansory, en realidad \u00e9ste no nos disgusta. Los toques \u00fanicos no se han detenido en el exterior. En el interior hay zonas de cuero rojo brillante, incluso en el dashboard y el t\u00fanel de transmisi\u00f3n. Tambi\u00e9n se ha a\u00f1adido el logotipo de Ocon a los paneles de las puertas y al revestimiento del techo. El bot\u00f3n de arranque\/parada del motor tambi\u00e9n se ha reubicado en el techo interior. Los cinturones de seguridad rojos completan las modificaciones\u00bb.<\/p>\n<p><img loading=\"lazy\" decoding=\"async\" id=\"img-1519253-4687233\" data-fullsize=\"\/media\/72\/thisisf1_4687233b.png\" data-lazy=\"\" src=\"https:\/\/www.gamereactor.eshttps:\/\/www.gamereactor.es\/media\/72\/thisisf1_4687233_650x.png\" width=\"650\" onclick=\"if (!window.__cfRLUnblockHandlers) return false; gallery_openmodal('1519253','4687233',false,'878f5f9e636d573852ea900d162e0430');\" height=\"409\" alt=\"As\u00ed es el nuevo Revuelto Mansory de Esteban Ocon, estrella de la F1\" class=\"rwd_col_content lazy\" data-cf-modified-b2620c19474b66c2c68e171e-=\"\"\/><img loading=\"lazy\" decoding=\"async\" id=\"img-1519253-4687243\" data-fullsize=\"\/media\/72\/thisisf1_4687243b.png\" data-lazy=\"\" src=\"https:\/\/www.gamereactor.eshttps:\/\/www.gamereactor.es\/media\/72\/thisisf1_4687243_650x.png\" width=\"650\" onclick=\"if (!window.__cfRLUnblockHandlers) return false; gallery_openmodal('1519253','4687243',false,'878f5f9e636d573852ea900d162e0430');\" height=\"609\" alt=\"As\u00ed es el nuevo Revuelto Mansory de Esteban Ocon, estrella de la F1\" class=\"rwd_col_content lazy\" data-cf-modified-b2620c19474b66c2c68e171e-=\"\"\/><img loading=\"lazy\" decoding=\"async\" id=\"img-1519253-4687253\" data-fullsize=\"\/media\/72\/thisisf1_4687253b.png\" data-lazy=\"\" src=\"https:\/\/www.gamereactor.eshttps:\/\/www.gamereactor.es\/media\/72\/thisisf1_4687253_650x.png\" width=\"650\" onclick=\"if (!window.__cfRLUnblockHandlers) return false; gallery_openmodal('1519253','4687253',false,'878f5f9e636d573852ea900d162e0430');\" height=\"446\" alt=\"As\u00ed es el nuevo Revuelto Mansory de Esteban Ocon, estrella de la F1\" class=\"rwd_col_content lazy\" data-cf-modified-b2620c19474b66c2c68e171e-=\"\"\/><img loading=\"lazy\" decoding=\"async\" id=\"img-1519253-4687263\" data-fullsize=\"\/media\/72\/thisisf1_4687263b.png\" data-lazy=\"\" src=\"https:\/\/www.gamereactor.eshttps:\/\/www.gamereactor.es\/media\/72\/thisisf1_4687263_650x.png\" width=\"650\" onclick=\"if (!window.__cfRLUnblockHandlers) return false; gallery_openmodal('1519253','4687263',false,'878f5f9e636d573852ea900d162e0430');\" height=\"531\" alt=\"As\u00ed es el nuevo Revuelto Mansory de Esteban Ocon, estrella de la F1\" class=\"rwd_col_content lazy\" data-cf-modified-b2620c19474b66c2c68e171e-=\"\"\/><\/p>\n","protected":false},"excerpt":{"rendered":"No es ning\u00fan secreto que muchos pilotos de F\u00f3rmula 1 se gastan mucho dinero en hipercoches supercaros que&hellip;\n","protected":false},"author":2,"featured_media":148546,"comment_status":"","ping_status":"","sticky":false,"template":"","format":"standard","meta":{"footnotes":""},"categories":[270],"tags":[168,25,24,306,271,272,23,167],"class_list":{"0":"post-148545","1":"post","2":"type-post","3":"status-publish","4":"format-standard","5":"has-post-thumbnail","7":"category-formula-1","8":"tag-deportes","9":"tag-es","10":"tag-espana","11":"tag-f1","12":"tag-formula-1","13":"tag-formula1","14":"tag-spain","15":"tag-sports"},"share_on_mastodon":{"url":"","error":""},"_links":{"self":[{"href":"https:\/\/www.europesays.com\/es\/wp-json\/wp\/v2\/posts\/148545","targetHints":{"allow":["GET"]}}],"collection":[{"href":"https:\/\/www.europesays.com\/es\/wp-json\/wp\/v2\/posts"}],"about":[{"href":"https:\/\/www.europesays.com\/es\/wp-json\/wp\/v2\/types\/post"}],"author":[{"embeddable":true,"href":"https:\/\/www.europesays.com\/es\/wp-json\/wp\/v2\/users\/2"}],"replies":[{"embeddable":true,"href":"https:\/\/www.europesays.com\/es\/wp-json\/wp\/v2\/comments?post=148545"}],"version-history":[{"count":0,"href":"https:\/\/www.europesays.com\/es\/wp-json\/wp\/v2\/posts\/148545\/revisions"}],"wp:featuredmedia":[{"embeddable":true,"href":"https:\/\/www.europesays.com\/es\/wp-json\/wp\/v2\/media\/148546"}],"wp:attachment":[{"href":"https:\/\/www.europesays.com\/es\/wp-json\/wp\/v2\/media?parent=148545"}],"wp:term":[{"taxonomy":"category","embeddable":true,"href":"https:\/\/www.europesays.com\/es\/wp-json\/wp\/v2\/categories?post=148545"},{"taxonomy":"post_tag","embeddable":true,"href":"https:\/\/www.europesays.com\/es\/wp-json\/wp\/v2\/tags?post=148545"}],"curies":[{"name":"wp","href":"https:\/\/api.w.org\/{rel}","templated":true}]}}