{"id":148547,"date":"2025-09-30T12:26:14","date_gmt":"2025-09-30T12:26:14","guid":{"rendered":"https:\/\/www.europesays.com\/es\/148547\/"},"modified":"2025-09-30T12:26:14","modified_gmt":"2025-09-30T12:26:14","slug":"ucam-murcia-cb-el-ucam-cierra-su-pretemporada-mas-redonda-con-un-solo-lunar","status":"publish","type":"post","link":"https:\/\/www.europesays.com\/es\/148547\/","title":{"rendered":"UCAM Murcia CB | El UCAM cierra su pretemporada m\u00e1s redonda con un solo lunar"},"content":{"rendered":"<p class=\"ft-text\"><strong>Las \u00faltimas pretemporadas del <\/strong><a class=\"ft-link ft-link--decoration\" href=\"https:\/\/www.laopiniondemurcia.es\/tags\/ucam-murcia-cb.html\" rel=\"nofollow noopener\" target=\"_blank\"><strong>UCAM Murcia CB<\/strong><\/a><strong> han estado marcadas por la escasez de partidos disputados<\/strong>. Sin embargo, la antesala del curso 2025-2026, que comienza este domingo con la visita al Palacio de los Deportes del MoraBanc Andorra, ha sido la m\u00e1s redonda. <strong>Siete encuentros, tres de ellos de competici\u00f3n oficial, adem\u00e1s de un entrenamiento a puerta cerrada contra un equipo ACB<\/strong>. Y en toda esa fase de preparaci\u00f3n el equipo solo ha tenido un lunar, el firmado en la final de la previa de la Basketball Champions League contra el Elan Chalon.<\/p>\n<p class=\"ft-text\">Los partidos de preparaci\u00f3n comenzaron con ese entrenamiento contra el Granada en Murcia que despu\u00e9s dio paso a un duelo, el \u00fanico disputado en la Regi\u00f3n, contra el Valencia Basket, campe\u00f3n de la Supercopa y que entonces estaba mermado por las ausencias de sus internacionales. <a class=\"ft-link ft-link--decoration\" href=\"https:\/\/www.laopiniondemurcia.es\/deportes\/2025\/09\/07\/pretemporada-ucam-murcia-victoria-valencia-121326461.html\" target=\"_blank\" rel=\"nofollow noopener\">El conjunto universitario gan\u00f3 por 92-85 con Michael Forrest (17 puntos) y Devontae Cacok (12) como jugadores con m\u00e1s protagonismo anotador. <\/a><\/p>\n<p><img decoding=\"async\" src=\"https:\/\/www.europesays.com\/es\/wp-content\/uploads\/2025\/09\/b9a2fc62-d33f-4615-943b-6017f11e5b85_alta-libre-aspect-ratio_default_0.jpg\" width=\"1200\" height=\"800\" alt=\"Dylan Ennis, del UCAM Murcia, en el partido ante el Limoges.\" class=\"ft-helper-img-rd\" loading=\"lazy\" hasdataaida=\"true\"\/><\/p>\n<p class=\"ft-helper-fontColor-quaternary ft-helper-fontSize-body-S ft-helper-spacer-t-xxs\">Dylan Ennis, del UCAM Murcia, en el partido ante el Limoges.  \/ UCAM Murcia CB<\/p>\n<p class=\"ft-text\"><strong>Una semana despu\u00e9s el equipo disput\u00f3 dos amistosos en Francia<\/strong>. <a class=\"ft-link ft-link--decoration\" href=\"https:\/\/www.laopiniondemurcia.es\/deportes\/2025\/09\/12\/ucam-murcia-coge-velocidad-francia-121517193.html\" target=\"_blank\" rel=\"nofollow noopener\">En el primero, ante el ESSM Le portel, venci\u00f3 por 100-70 otra vez con Forrest<\/a> como protagonista (22 puntos con 7 de 10 en triples), para despu\u00e9s derrotar al <a class=\"ft-link ft-link--decoration\" href=\"https:\/\/www.laopiniondemurcia.es\/deportes\/2025\/09\/14\/ucam-gana-limoges-cambio-protagonistas-121570980.html\" target=\"_blank\" rel=\"nofollow noopener\">Limoges (58-72) con Cacok (19 puntos y 6 rebotes) y Dylan Ennis (14) liderando al equipo ofensivamente. <\/a><\/p>\n<p class=\"ft-text\"><strong>En la fase previa de la Champions el equipo tuvo tres partidos muy diferentes<\/strong>. <a class=\"ft-link ft-link--decoration\" href=\"https:\/\/www.laopiniondemurcia.es\/deportes\/2025\/09\/21\/previa-champions-league-basketball-champions-league-bulgaria-ucam-murcia-victoria-lublin-start-121787227.html\" target=\"_blank\" rel=\"nofollow noopener\">En el primero gan\u00f3 el Star Lublin (100-84) con Cacok (17 puntos) de nuevo con un rol protagonista<\/a>, bien secundado por Toni Nakic (14 y 6 rebotes) y Emanuel Cate (15 y 6).<\/p>\n<p class=\"ft-text\">En el segundo <a class=\"ft-link ft-link--decoration\" href=\"https:\/\/www.laopiniondemurcia.es\/deportes\/2025\/09\/23\/previa-ucam-murcia-basketball-champions-league-juventus-utena-victoria-121841764.html\" target=\"_blank\" rel=\"nofollow noopener\">tuvo que pisar m\u00e1s el acelerador para derrotar al Utena lituano (71-81) con David DeJulius (19 puntos)<\/a> como m\u00e1ximo anotador y de nuevo brillando dentro de la zona Cate (13 puntos y 11 rebotes). Y en el <a class=\"ft-link ft-link--decoration\" href=\"https:\/\/www.laopiniondemurcia.es\/deportes\/2025\/09\/24\/ucam-murcia-basketball-champions-league-elan-chalon-bulgaria-europe-cup-121924616.html\" target=\"_blank\" rel=\"nofollow noopener\">tercero y \u00faltimo, ante el Elan Chalon (88-96), lleg\u00f3 la \u00fanica derrota en la pretemporada<\/a>, un lunar m\u00e1s por el juego que por el <a class=\"ft-link ft-link--decoration\" href=\"https:\/\/www.sport.es\/es\/motor\/moto-gp\/calendario\/\" target=\"_blank\" rel=\"nofollow noopener\">resultado<\/a>, ya que el \u00fanico jugador que se salv\u00f3 fue Cate (15 puntos).<\/p>\n<p class=\"ft-text\">El \u00faltimo test fue el pasado domingo en <a class=\"ft-link ft-link--decoration\" href=\"https:\/\/www.laopiniondemurcia.es\/deportes\/2025\/09\/28\/ucam-gana-granada-ultimo-amistoso-122049680.html\" target=\"_blank\" rel=\"nofollow noopener\">Granada, con victoria de nuevo (66-77) frente al Covir\u00e1n pese a las ausencias por descanso de Ennis, Sant-Roos y Cacok. DeJulius<\/a>, <strong>Radebaugh y Forrest (39 puntos entre los tres) fueron los m\u00e1s acertados en ataque.<\/strong><\/p>\n","protected":false},"excerpt":{"rendered":"Las \u00faltimas pretemporadas del UCAM Murcia CB han estado marcadas por la escasez de partidos disputados. Sin embargo,&hellip;\n","protected":false},"author":2,"featured_media":148548,"comment_status":"","ping_status":"","sticky":false,"template":"","format":"standard","meta":{"footnotes":""},"categories":[269],"tags":[299,298,500,168,25,24,494,2918,9789,961,42106,23,167,9413,1402],"class_list":{"0":"post-148547","1":"post","2":"type-post","3":"status-publish","4":"format-standard","5":"has-post-thumbnail","7":"category-baloncesto","8":"tag-baloncesto","9":"tag-basketball","10":"tag-cierra","11":"tag-deportes","12":"tag-es","13":"tag-espana","14":"tag-granada","15":"tag-la-liga","16":"tag-lunar","17":"tag-pretemporada","18":"tag-redonda","19":"tag-spain","20":"tag-sports","21":"tag-ucam","22":"tag-ucam-murcia-cb"},"share_on_mastodon":{"url":"","error":""},"_links":{"self":[{"href":"https:\/\/www.europesays.com\/es\/wp-json\/wp\/v2\/posts\/148547","targetHints":{"allow":["GET"]}}],"collection":[{"href":"https:\/\/www.europesays.com\/es\/wp-json\/wp\/v2\/posts"}],"about":[{"href":"https:\/\/www.europesays.com\/es\/wp-json\/wp\/v2\/types\/post"}],"author":[{"embeddable":true,"href":"https:\/\/www.europesays.com\/es\/wp-json\/wp\/v2\/users\/2"}],"replies":[{"embeddable":true,"href":"https:\/\/www.europesays.com\/es\/wp-json\/wp\/v2\/comments?post=148547"}],"version-history":[{"count":0,"href":"https:\/\/www.europesays.com\/es\/wp-json\/wp\/v2\/posts\/148547\/revisions"}],"wp:featuredmedia":[{"embeddable":true,"href":"https:\/\/www.europesays.com\/es\/wp-json\/wp\/v2\/media\/148548"}],"wp:attachment":[{"href":"https:\/\/www.europesays.com\/es\/wp-json\/wp\/v2\/media?parent=148547"}],"wp:term":[{"taxonomy":"category","embeddable":true,"href":"https:\/\/www.europesays.com\/es\/wp-json\/wp\/v2\/categories?post=148547"},{"taxonomy":"post_tag","embeddable":true,"href":"https:\/\/www.europesays.com\/es\/wp-json\/wp\/v2\/tags?post=148547"}],"curies":[{"name":"wp","href":"https:\/\/api.w.org\/{rel}","templated":true}]}}