{"id":148551,"date":"2025-09-30T12:28:10","date_gmt":"2025-09-30T12:28:10","guid":{"rendered":"https:\/\/www.europesays.com\/es\/148551\/"},"modified":"2025-09-30T12:28:10","modified_gmt":"2025-09-30T12:28:10","slug":"rompe-con-su-patron-de-estilo-clasico-y-marca-un-nuevo-rumbo-con-este-minivestido-de-flores","status":"publish","type":"post","link":"https:\/\/www.europesays.com\/es\/148551\/","title":{"rendered":"rompe con su patr\u00f3n de estilo cl\u00e1sico y marca un nuevo rumbo con este minivestido de flores"},"content":{"rendered":"\n<p> Hay algo magn\u00e9tico en cada aparici\u00f3n p\u00fablica de <strong>Amal Clooney.<\/strong> No importa cu\u00e1ntas estrellas del cine, la m\u00fasica o la alta costura compartan escena con ella: sus movimientos, su porte y su elegancia logran acaparar todas las miradas. Lo fascinante es que no se trata de una figura nacida del espect\u00e1culo, sino de una abogada de carrera cuya proyecci\u00f3n medi\u00e1tica ha sido conquistada a fuerza de autenticidad, inteligencia y un innegable sentido del estilo. <a href=\"https:\/\/www.vanitatis.elconfidencial.com\/estilo\/moda\/2025-06-09\/premios-tony-alfombra-roja-amal-clooney-looks_4147127\/\" target=\"_self\" rel=\"nofollow noopener\">Por este motivo y por ser la mujer del actor George Clooney.<\/a> <\/p>\n<p> Lo ha conseguido gracias a su carisma y su visi\u00f3n de la moda.<strong> Dotada de un estilo depurado, siempre impecable, fan\u00e1tica de las grandes firmas de lujo y reina del minimalismo,<\/strong> para su nueva aparici\u00f3n p\u00fablica se ha reinventado con<a href=\"https:\/\/www.vanitatis.elconfidencial.com\/novias\/2025-08-20\/amal-clooney-nuevo-look-tendencia-vestido-invitada_4193806\/\" target=\"_self\" rel=\"nofollow noopener\"> un look que se sale del molde que marca siempre. <\/a> <\/p>\n<p>               Amal y George Clooney. (Getty Images)             <\/p>\n<p> <strong>Amal Clooney <\/strong>ha sorprendido al romper con su patr\u00f3n de estilo cl\u00e1sico y marcar un nuevo rumbo con este minivestido de flores. La mujer de <strong>George Clooney<\/strong> acompa\u00f1\u00f3 al actor al estreno de su nueva pel\u00edcula, &#8216;Jay Kelly&#8217;,<a href=\"https:\/\/www.vanitatis.elconfidencial.com\/estilo\/moda\/2025-08-27\/amal-clooney-george-venecia-glamour-tendencia_4197339\/\" target=\"_self\" rel=\"nofollow noopener\"> con un outfit inusual que se escapa de su personalidad.<\/a> <\/p>\n<p> La cita ha tenido lugar en la Gran Manzana en el marco de la 63.\u00aa edici\u00f3n del New York Film Festival. Una ocasi\u00f3n en la que la abogada aprovech\u00f3 para demostrar que en su fondo de armario nada es lo que parece <strong>apostando por un look completamente diferente a los que nos tiene acostumbrados.<\/strong> <\/p>\n<p>               Amal y George Clooney. (Getty Images)             <\/p>\n<p> Habitual de los dise\u00f1os minimalistas sin grandes adornos, Amal ha estrenado un modelo rompedor de <strong>Oscar de la Renta, <\/strong>una de sus firmas de referencia.<strong> El vestido, corto y decorado con flores en 3D, <\/strong>forma parte de la colecci\u00f3n &#8216;ready to wear&#8217; para 2025 que la ense\u00f1a present\u00f3 precisamente en Nueva York hace unos meses. <\/p>\n<p> De escote palabra de honor y cuerpo ce\u00f1ido, llama la atenci\u00f3n por su falda, un modelo voluminoso a base de flores tridimensionales, todo en rojo sangre. Como se aprecia en la imagen, el vestido corto que ha lucido<strong> Amal Clooney<\/strong> est\u00e1 fabricado con un dise\u00f1o de terciopelo en esa tonalidad de rojo que roza el burgundy. La falda se compone de varias flores superpuestas con p\u00e9talos de raso y el pistilo, el centro de la flor, bordado con pedrer\u00eda dorada. <\/p>\n<p> <strong>Valorado en unos 13.500 euros, <\/strong>es un modelo de precio elevado que<a href=\"https:\/\/www.vanitatis.elconfidencial.com\/estilo\/moda\/2025-08-27\/amal-clooney-george-venecia-glamour-tendencia_4197339\/\" target=\"_self\" rel=\"nofollow noopener\"> pone un punto y aparte en los outfits que suele llevar la abogada.<\/a> <\/p>\n<p>                   El vestido de Oscar de la Renta. (Cortes\u00eda)             <\/p>\n<p> A diferencia de la propuesta que hizo la marca en su desfile con medias tupidas negras y sandalias en ese mismo color, <a href=\"https:\/\/www.vanitatis.elconfidencial.com\/estilo\/moda\/2025-08-27\/amal-clooney-george-venecia-glamour-tendencia_4197339\/\" target=\"_self\" rel=\"nofollow noopener\">la mujer del actor estadounidense<\/a><strong> ha preferido combinarlo con elementos dorados y prescindir de medias.<\/strong> <\/p>\n<p> Unos zapatos de sal\u00f3n acabados en punta y tac\u00f3n de aguja de acabado oro, un bolso de mano r\u00edgido que combinada el dorado y el granate, y unos pendientes largos, han culminado<strong> uno de los looks m\u00e1s ins\u00f3litos de Amal Clooney.<\/strong> <\/p>\n<p> Hay algo magn\u00e9tico en cada aparici\u00f3n p\u00fablica de <strong>Amal Clooney.<\/strong> No importa cu\u00e1ntas estrellas del cine, la m\u00fasica o la alta costura compartan escena con ella: sus movimientos, su porte y su elegancia logran acaparar todas las miradas. Lo fascinante es que no se trata de una figura nacida del espect\u00e1culo, sino de una abogada de carrera cuya proyecci\u00f3n medi\u00e1tica ha sido conquistada a fuerza de autenticidad, inteligencia y un innegable sentido del estilo. <a href=\"https:\/\/www.vanitatis.elconfidencial.com\/estilo\/moda\/2025-06-09\/premios-tony-alfombra-roja-amal-clooney-looks_4147127\/\" target=\"_self\" rel=\"nofollow noopener\">Por este motivo y por ser la mujer del actor George Clooney.<\/a> <\/p>\n","protected":false},"excerpt":{"rendered":"Hay algo magn\u00e9tico en cada aparici\u00f3n p\u00fablica de Amal Clooney. No importa cu\u00e1ntas estrellas del cine, la m\u00fasica&hellip;\n","protected":false},"author":2,"featured_media":148552,"comment_status":"","ping_status":"","sticky":false,"template":"","format":"standard","meta":{"footnotes":""},"categories":[174],"tags":[255,146,147,25,24,256,23],"class_list":{"0":"post-148551","1":"post","2":"type-post","3":"status-publish","4":"format-standard","5":"has-post-thumbnail","7":"category-famosos","8":"tag-celebrities","9":"tag-entertainment","10":"tag-entretenimiento","11":"tag-es","12":"tag-espana","13":"tag-famosos","14":"tag-spain"},"share_on_mastodon":{"url":"","error":""},"_links":{"self":[{"href":"https:\/\/www.europesays.com\/es\/wp-json\/wp\/v2\/posts\/148551","targetHints":{"allow":["GET"]}}],"collection":[{"href":"https:\/\/www.europesays.com\/es\/wp-json\/wp\/v2\/posts"}],"about":[{"href":"https:\/\/www.europesays.com\/es\/wp-json\/wp\/v2\/types\/post"}],"author":[{"embeddable":true,"href":"https:\/\/www.europesays.com\/es\/wp-json\/wp\/v2\/users\/2"}],"replies":[{"embeddable":true,"href":"https:\/\/www.europesays.com\/es\/wp-json\/wp\/v2\/comments?post=148551"}],"version-history":[{"count":0,"href":"https:\/\/www.europesays.com\/es\/wp-json\/wp\/v2\/posts\/148551\/revisions"}],"wp:featuredmedia":[{"embeddable":true,"href":"https:\/\/www.europesays.com\/es\/wp-json\/wp\/v2\/media\/148552"}],"wp:attachment":[{"href":"https:\/\/www.europesays.com\/es\/wp-json\/wp\/v2\/media?parent=148551"}],"wp:term":[{"taxonomy":"category","embeddable":true,"href":"https:\/\/www.europesays.com\/es\/wp-json\/wp\/v2\/categories?post=148551"},{"taxonomy":"post_tag","embeddable":true,"href":"https:\/\/www.europesays.com\/es\/wp-json\/wp\/v2\/tags?post=148551"}],"curies":[{"name":"wp","href":"https:\/\/api.w.org\/{rel}","templated":true}]}}