{"id":148553,"date":"2025-09-30T12:29:35","date_gmt":"2025-09-30T12:29:35","guid":{"rendered":"https:\/\/www.europesays.com\/es\/148553\/"},"modified":"2025-09-30T12:29:35","modified_gmt":"2025-09-30T12:29:35","slug":"77-fotos-de-una-noche-en-el-antiguo-egipto-la-cena-a-beneficio-del-museo-nacional-de-bellas-artes","status":"publish","type":"post","link":"https:\/\/www.europesays.com\/es\/148553\/","title":{"rendered":"77 fotos de \u201cUna noche en el Antiguo Egipto\u201d, la cena a beneficio del Museo Nacional de Bellas Artes"},"content":{"rendered":"<p>30 Sep, 2025 06:33 a.m. EST<\/p>\n<p><img alt=\"El presidente de la comisi\u00f3n\" class=\"global-image\" decoding=\"async\" fetchpriority=\"high\" height=\"1277\" loading=\"eager\" src=\"https:\/\/www.europesays.com\/es\/wp-content\/uploads\/2025\/09\/M4TZ34VUEBFMZJUEPKMI2PGY6A.jpg\" width=\"1920\"\/>El presidente de la comisi\u00f3n directiva de la Asociaci\u00f3n Amigos del Museo Nacional de Bellas Artes (AAMNBA), Julio C\u00e9sar Crivelli<img alt=\"El vicepresidente de la Corte\" class=\"global-image\" decoding=\"async\" fetchpriority=\"low\" height=\"1277\" loading=\"lazy\" src=\"https:\/\/www.europesays.com\/es\/wp-content\/uploads\/2025\/09\/JIC6XK534RAIZD27JT5FLSSKTQ.jpg\" width=\"1920\"\/>El vicepresidente de la Corte Suprema de Justicia, Carlos Rosenkrantz<img alt=\"El secretario de Cultura, Leo\" class=\"global-image\" decoding=\"async\" fetchpriority=\"low\" height=\"1920\" loading=\"lazy\" src=\"https:\/\/www.europesays.com\/es\/wp-content\/uploads\/2025\/09\/NQC6HZXU2VCCTFH6BJPGCFOJJE.jpg\" width=\"1280\"\/>El secretario de Cultura, Leo Cifelli <img alt=\"La gala se realiz\u00f3 bajo\" class=\"global-image\" decoding=\"async\" fetchpriority=\"low\" height=\"1080\" loading=\"lazy\" src=\"https:\/\/www.europesays.com\/es\/wp-content\/uploads\/2025\/09\/X6CUVUCV2RFZBAUHY5UASL7VSI.jpg\" width=\"1920\"\/>La gala se realiz\u00f3 bajo la consigna &#8216;\u00bbUna noche en el Antiguo Egipto\u00bb<img alt=\"Amalia Amoedo \" class=\"global-image\" decoding=\"async\" fetchpriority=\"low\" height=\"1920\" loading=\"lazy\" src=\"https:\/\/www.europesays.com\/es\/wp-content\/uploads\/2025\/09\/3YFIAD7SJFDRNODS25N6EUL7ME.jpg\" width=\"1280\"\/>Amalia Amoedo <img alt=\"Fabi\u00e1n Perechodnik y Paolo Rocca\" class=\"global-image\" decoding=\"async\" fetchpriority=\"low\" height=\"1278\" loading=\"lazy\" src=\"https:\/\/www.europesays.com\/es\/wp-content\/uploads\/2025\/09\/62OCZNFRGZHVLFD3SE7JE6DK2Q.jpg\" width=\"1920\"\/>Fabi\u00e1n Perechodnik y Paolo Rocca <img alt=\"Teresa Bulgheroni y M\u00e1ximo Flugelman\" class=\"global-image\" decoding=\"async\" fetchpriority=\"low\" height=\"1920\" loading=\"lazy\" src=\"https:\/\/www.europesays.com\/es\/wp-content\/uploads\/2025\/09\/6HLJF5VLPJBTREY6POITVWUUEY.jpg\" width=\"1280\"\/>Teresa Bulgheroni y M\u00e1ximo Flugelman<img alt=\"Charlie Blaquier y Mar\u00eda Taquini\" class=\"global-image\" decoding=\"async\" fetchpriority=\"low\" height=\"1920\" loading=\"lazy\" src=\"https:\/\/www.europesays.com\/es\/wp-content\/uploads\/2025\/09\/CZWDVORSYZAWHKIUQRDP54RG24.jpg\" width=\"1280\"\/>Charlie Blaquier y Mar\u00eda Taquini de Blaquier <img alt=\"El director del Museo Nacional\" class=\"global-image\" decoding=\"async\" fetchpriority=\"low\" height=\"1277\" loading=\"lazy\" src=\"https:\/\/www.europesays.com\/es\/wp-content\/uploads\/2025\/09\/6NLVDWHKNRETDBVFX2AASMVOPU.jpg\" width=\"1920\"\/>El director del Museo Nacional de Bellas Artes, Andr\u00e9s Duprat<img alt=\"Julio Crivelli junto a Paolo\" class=\"global-image\" decoding=\"async\" fetchpriority=\"low\" height=\"1080\" loading=\"lazy\" src=\"https:\/\/www.europesays.com\/es\/wp-content\/uploads\/2025\/09\/NFWU7RRRAFHBHPHRGAXH6IMOOY.jpg\" width=\"1920\"\/>Julio Crivelli junto a Paolo Rocca y Adriana Rosenberg, presidente de Fundaci\u00f3n PROA<img alt=\"Julia Tonconogy, \u00c1ngelo y Mar\u00eda\" class=\"global-image\" decoding=\"async\" fetchpriority=\"low\" height=\"1920\" loading=\"lazy\" src=\"https:\/\/www.europesays.com\/es\/wp-content\/uploads\/2025\/09\/Q6NUJ5VE35GFTKUT5ZVOEVRMSU.jpg\" width=\"1280\"\/>Julia Tonconogy, \u00c1ngelo y Mar\u00eda Calcaterra <img alt=\"Hugo Eurnekian (Compa\u00f1\u00eda General de\" class=\"global-image\" decoding=\"async\" fetchpriority=\"low\" height=\"1278\" loading=\"lazy\" src=\"https:\/\/www.europesays.com\/es\/wp-content\/uploads\/2025\/09\/SF2LOCKSKVDKPCB45J5F6DT3S4.jpg\" width=\"1920\"\/>Hugo Eurnekian (Compa\u00f1\u00eda General de Combustibles), y su mujer, Luc\u00eda Rubio <img alt=\"Gloria C\u00e9sar junto a Mart\u00edn\" class=\"global-image\" decoding=\"async\" fetchpriority=\"low\" height=\"1920\" loading=\"lazy\" src=\"https:\/\/www.europesays.com\/es\/wp-content\/uploads\/2025\/09\/3YEHOOWVKBEVFNMOWIBUGW3QI4.jpg\" width=\"1280\"\/>Gloria C\u00e9sar junto a Mart\u00edn Cabrales y Dora S\u00e1nchez <img alt=\"El presidente de la Asociaci\u00f3n\" class=\"global-image\" decoding=\"async\" fetchpriority=\"low\" height=\"1920\" loading=\"lazy\" src=\"https:\/\/www.europesays.com\/es\/wp-content\/uploads\/2025\/09\/2VYPNPRJHZDKNGZBAKXP6SMLQQ.jpg\" width=\"1411\"\/>El presidente de la Asociaci\u00f3n de Bancos de la Argentina (ABA), Claudio Cesario, y su mujer, la artista pl\u00e1stica, N\u00e9lida Barral <img alt=\"Josefina Carles y Daniela Marcuzzi\" class=\"global-image\" decoding=\"async\" fetchpriority=\"low\" height=\"1277\" loading=\"lazy\" src=\"https:\/\/www.europesays.com\/es\/wp-content\/uploads\/2025\/09\/LQ5FHD5YNNBUPG2IQ4UVP5SFIQ.jpg\" width=\"1920\"\/>Josefina Carles y Daniela Marcuzzi de Saguier <img alt=\"Nicol\u00e1s Pinto junto a la\" class=\"global-image\" decoding=\"async\" fetchpriority=\"low\" height=\"1470\" loading=\"lazy\" src=\"https:\/\/www.europesays.com\/es\/wp-content\/uploads\/2025\/09\/VM3TUKPDXNHFZHJQYSS7NLECPU.jpg\" width=\"1920\"\/>Nicol\u00e1s Pinto junto a la artista visual, Sof\u00eda Pinto, quien luci\u00f3 un dise\u00f1o de su autor\u00eda; Cecilia Perazzo y Eduardo Mallea, ex Director General de Aduanas <img alt=\"Fern\u00e1n Saguier (La Naci\u00f3n), su\" class=\"global-image\" decoding=\"async\" fetchpriority=\"low\" height=\"1277\" loading=\"lazy\" src=\"https:\/\/www.europesays.com\/es\/wp-content\/uploads\/2025\/09\/UJVWVFRIYRE7RADT3LGS6KFNK4.jpg\" width=\"1920\"\/>Fern\u00e1n Saguier (La Naci\u00f3n), su mujer Pamela Marcuzzi de Saguier, y Daniela Marcuzzi de Saguier <img alt=\"Julio Crivelli junto a Hebe\" class=\"global-image\" decoding=\"async\" fetchpriority=\"low\" height=\"1920\" loading=\"lazy\" src=\"https:\/\/www.europesays.com\/es\/wp-content\/uploads\/2025\/09\/QN64UU2YKRHMDM5PHKGFR6XF4A.jpg\" width=\"1278\"\/>Julio Crivelli junto a Hebe Collman de Roemmers y su hijo, Alejandro Roemmers <img alt=\"Gabriela Castellani y Cristiano Rattazzi\" class=\"global-image\" decoding=\"async\" fetchpriority=\"low\" height=\"1920\" loading=\"lazy\" src=\"https:\/\/www.europesays.com\/es\/wp-content\/uploads\/2025\/09\/WVQSUSF7BJAXRATJRWMBCFJFLU.jpg\" width=\"1280\"\/>Gabriela Castellani y Cristiano Rattazzi <img alt=\"Georgie Neuss y Taina Laurino\" class=\"global-image\" decoding=\"async\" fetchpriority=\"low\" height=\"1920\" loading=\"lazy\" src=\"https:\/\/www.europesays.com\/es\/wp-content\/uploads\/2025\/09\/LKQQIOHAMBA6ZCLDNQDNKMCQ7A.jpg\" width=\"1280\"\/>Georgie Neuss y Taina Laurino Ferreira <img alt=\"Carolina Ades y Juan Pablo\" class=\"global-image\" decoding=\"async\" fetchpriority=\"low\" height=\"1920\" loading=\"lazy\" src=\"https:\/\/www.europesays.com\/es\/wp-content\/uploads\/2025\/09\/FSLXAERNF5CLTEEBVBW3XI3SLM.jpg\" width=\"1280\"\/>Carolina Ades y Juan Pablo Maglier <img alt=\"Ana Rusconi \" class=\"global-image\" decoding=\"async\" fetchpriority=\"low\" height=\"1920\" loading=\"lazy\" src=\"https:\/\/www.europesays.com\/es\/wp-content\/uploads\/2025\/09\/KP6E522YQJF63GO7AAFFW7PZ5A.jpg\" width=\"1489\"\/>Ana Rusconi <img alt=\"\u00c9rica Roberts y Woods Staton\" class=\"global-image\" decoding=\"async\" fetchpriority=\"low\" height=\"1920\" loading=\"lazy\" src=\"https:\/\/www.europesays.com\/es\/wp-content\/uploads\/2025\/09\/7J77XTCFZZFDXESSHEYQIDE5SI.jpg\" width=\"1280\"\/>\u00c9rica Roberts y Woods Staton (Arcos Dorados)<img alt=\"Juan Pablo Maglier y el\" class=\"global-image\" decoding=\"async\" fetchpriority=\"low\" height=\"1920\" loading=\"lazy\" src=\"https:\/\/www.europesays.com\/es\/wp-content\/uploads\/2025\/09\/KRCUGYYBAVCAFMCWENMVQMGDYA.jpg\" width=\"1536\"\/>Juan Pablo Maglier y el abogado, Juan Pablo Vigliero <img alt=\"Mar\u00eda Noel y Moniquita Holmberg\" class=\"global-image\" decoding=\"async\" fetchpriority=\"low\" height=\"1920\" loading=\"lazy\" src=\"https:\/\/www.europesays.com\/es\/wp-content\/uploads\/2025\/09\/TZOQETEV5RFZDIUPZRX4DANJNI.jpg\" width=\"1280\"\/>Mar\u00eda Noel y Moniquita Holmberg <img alt=\"La soprano, Sara Fleming \" class=\"global-image\" decoding=\"async\" fetchpriority=\"low\" height=\"1920\" loading=\"lazy\" src=\"https:\/\/www.europesays.com\/es\/wp-content\/uploads\/2025\/09\/L5XYPQOCUJAERJRC55F4SXLONE.jpg\" width=\"1280\"\/>La soprano, Sara Fleming <img alt=\"In\u00e9s Etchebarne Mihanovich\" class=\"global-image\" decoding=\"async\" fetchpriority=\"low\" height=\"1920\" loading=\"lazy\" src=\"https:\/\/www.europesays.com\/es\/wp-content\/uploads\/2025\/09\/ZOOWQRY3E5FH5EQWIT6LA6ROQU.jpg\" width=\"1280\"\/>In\u00e9s Etchebarne Mihanovich<img alt=\"Nuria Quintela \" class=\"global-image\" decoding=\"async\" fetchpriority=\"low\" height=\"1920\" loading=\"lazy\" src=\"https:\/\/www.europesays.com\/es\/wp-content\/uploads\/2025\/09\/S4A52LYPCFFI5DLKDKKLXNUE2Y.jpg\" width=\"1280\"\/>Nuria Quintela <img alt=\"Dora S\u00e1nchez y Sof\u00eda \u00c1lzaga\" class=\"global-image\" decoding=\"async\" fetchpriority=\"low\" height=\"1920\" loading=\"lazy\" src=\"https:\/\/www.europesays.com\/es\/wp-content\/uploads\/2025\/09\/XL6GMO34ZVGSFMZ5JUMF746RZQ.jpg\" width=\"1280\"\/>Dora S\u00e1nchez y Sof\u00eda \u00c1lzaga <img alt=\"Isabel Englebert \" class=\"global-image\" decoding=\"async\" fetchpriority=\"low\" height=\"1920\" loading=\"lazy\" src=\"https:\/\/www.europesays.com\/es\/wp-content\/uploads\/2025\/09\/WUQQXFOCU5A7ZD2E24VOQMDO64.jpg\" width=\"1280\"\/>Isabel Englebert <img alt=\"Ezequiel Barrenechea, director regional de\" class=\"global-image\" decoding=\"async\" fetchpriority=\"low\" height=\"1920\" loading=\"lazy\" src=\"https:\/\/www.europesays.com\/es\/wp-content\/uploads\/2025\/09\/JZZXLKTKOFBO3NQB5DWSRUW2TA.jpg\" width=\"1280\"\/>Ezequiel Barrenechea, director regional de Corporaci\u00f3n Am\u00e9rica Airports<img alt=\"Florencia Perotti, presidente de la\" class=\"global-image\" decoding=\"async\" fetchpriority=\"low\" height=\"1920\" loading=\"lazy\" src=\"https:\/\/www.europesays.com\/es\/wp-content\/uploads\/2025\/09\/7ML5PKRXYBHLTIAU7AFTKDHSZU.jpg\" width=\"1280\"\/>Florencia Perotti, presidente de la Asociaci\u00f3n de Amigos de Museo de Arte Moderno, y Fabi\u00e1n Bottegal <img alt=\"Gloria Cesar y Gerardo Acevedo\" class=\"global-image\" decoding=\"async\" fetchpriority=\"low\" height=\"1836\" loading=\"lazy\" src=\"https:\/\/www.europesays.com\/es\/wp-content\/uploads\/2025\/09\/RX7MJS3DIFFVLJE3ZNVHMWVLSY.jpg\" width=\"1920\"\/>Gloria Cesar y Gerardo Acevedo <img alt=\"(RS Fotos)\" class=\"global-image\" decoding=\"async\" fetchpriority=\"low\" height=\"1278\" loading=\"lazy\" src=\"https:\/\/www.europesays.com\/es\/wp-content\/uploads\/2025\/09\/QG7HZAMNVFGOTKQ6GLYGP24LGQ.jpg\" width=\"1920\"\/>(RS Fotos)<img alt=\"Daniela Marcuzzi de Saguier y\" class=\"global-image\" decoding=\"async\" fetchpriority=\"low\" height=\"1920\" loading=\"lazy\" src=\"https:\/\/www.europesays.com\/es\/wp-content\/uploads\/2025\/09\/RJF2QJUQDJC3PLW2TWNHNEJQW4.jpg\" width=\"1280\"\/>Daniela Marcuzzi de Saguier y Julio C\u00e9sar Crivelli <img alt=\"Rosi Flom \" class=\"global-image\" decoding=\"async\" fetchpriority=\"low\" height=\"1920\" loading=\"lazy\" src=\"https:\/\/www.europesays.com\/es\/wp-content\/uploads\/2025\/09\/VGHBEVPDTJFBFFFVRC753XIDUU.jpg\" width=\"1280\"\/>Rosi Flom <img alt=\"Claudia Stad \" class=\"global-image\" decoding=\"async\" fetchpriority=\"low\" height=\"1920\" loading=\"lazy\" src=\"https:\/\/www.europesays.com\/es\/wp-content\/uploads\/2025\/09\/VMI4WOPXAZD5ND65JNU7I7KYFU.jpg\" width=\"1280\"\/>Claudia Stad <img alt=\"Lila Feldman\" class=\"global-image\" decoding=\"async\" fetchpriority=\"low\" height=\"1920\" loading=\"lazy\" src=\"https:\/\/www.europesays.com\/es\/wp-content\/uploads\/2025\/09\/3OJIFR63BBCV7HDK7IWR2ITDVU.jpg\" width=\"1280\"\/>Lila Feldman<img alt=\"Nicol\u00e1s Pinto, Amalia Amoedo, Sof\u00eda\" class=\"global-image\" decoding=\"async\" fetchpriority=\"low\" height=\"1080\" loading=\"lazy\" src=\"https:\/\/www.europesays.com\/es\/wp-content\/uploads\/2025\/09\/L7ILBPE5YVBLLKNXOTHVCGKHEY.jpg\" width=\"1920\"\/>Nicol\u00e1s Pinto, Amalia Amoedo, Sof\u00eda Pinto y Alejandro Saguier <img alt=\"El presidente de la C\u00e1mara\" class=\"global-image\" decoding=\"async\" fetchpriority=\"low\" height=\"1920\" loading=\"lazy\" src=\"https:\/\/www.europesays.com\/es\/wp-content\/uploads\/2025\/09\/2DVZKO4FBNC3BJRKF6HL7UR6WM.jpg\" width=\"1280\"\/>El presidente de la C\u00e1mara Argentina de la Construcci\u00f3n, Gustavo Weiss, y Myriam Levi<img alt=\"Ignacio Noel y Josefina Carles\" class=\"global-image\" decoding=\"async\" fetchpriority=\"low\" height=\"1920\" loading=\"lazy\" src=\"https:\/\/www.europesays.com\/es\/wp-content\/uploads\/2025\/09\/P3VLDMLQQZEPJEVC4YG3Z5K7MA.jpg\" width=\"1280\"\/>Ignacio Noel y Josefina Carles <img alt=\"Alejandro Roemmers, Gina Vargas de\" class=\"global-image\" decoding=\"async\" fetchpriority=\"low\" height=\"1744\" loading=\"lazy\" src=\"https:\/\/www.europesays.com\/es\/wp-content\/uploads\/2025\/09\/DQARDEAY5BA6HBKM54Z3TGLOO4.jpg\" width=\"1920\"\/>Alejandro Roemmers, Gina Vargas de Roemmers y su marido, Alberto Roemmers <img alt=\"Min Agostini \" class=\"global-image\" decoding=\"async\" fetchpriority=\"low\" height=\"1920\" loading=\"lazy\" src=\"https:\/\/www.europesays.com\/es\/wp-content\/uploads\/2025\/09\/J73NYDNTTRHKNK4J2C4ZAVXJNQ.jpg\" width=\"1280\"\/>Min Agostini <img alt=\"Buby Garc\u00eda Calvo y Maita\" class=\"global-image\" decoding=\"async\" fetchpriority=\"low\" height=\"1920\" loading=\"lazy\" src=\"https:\/\/www.europesays.com\/es\/wp-content\/uploads\/2025\/09\/I5Q5DFJCVBATBID5UDK6SBUEPI.jpg\" width=\"1280\"\/>Buby Garc\u00eda Calvo y Maita Barrenechea<img alt=\"Ferdinand Porak y Juli\u00e1n Mizrahi\" class=\"global-image\" decoding=\"async\" fetchpriority=\"low\" height=\"1920\" loading=\"lazy\" src=\"https:\/\/www.europesays.com\/es\/wp-content\/uploads\/2025\/09\/RWBRG5I65ZE6NCKX35WSMMI6FA.jpg\" width=\"1280\"\/>Ferdinand Porak y Juli\u00e1n Mizrahi <img alt=\"Fabi\u00e1n Perechodnik \" class=\"global-image\" decoding=\"async\" fetchpriority=\"low\" height=\"1920\" loading=\"lazy\" src=\"https:\/\/www.europesays.com\/es\/wp-content\/uploads\/2025\/09\/YIIR3L3X7BBWJMLTLOVKYSBJXU.jpg\" width=\"1280\"\/>Fabi\u00e1n Perechodnik <img alt=\"Larisa Andreani, presidente de Arteba,\" class=\"global-image\" decoding=\"async\" fetchpriority=\"low\" height=\"1277\" loading=\"lazy\" src=\"https:\/\/www.europesays.com\/es\/wp-content\/uploads\/2025\/09\/JOFFJ6Q4EFFJJCJ2RPAXGYAZYE.jpg\" width=\"1920\"\/>Larisa Andreani, presidente de Arteba, y Ver\u00f3nica Zoani de Nutting <img alt=\"Cecilia Perazzo y Eduardo Mallea\" class=\"global-image\" decoding=\"async\" fetchpriority=\"low\" height=\"1920\" loading=\"lazy\" src=\"https:\/\/www.europesays.com\/es\/wp-content\/uploads\/2025\/09\/FBDCY3CSWRCUTMB37OF24ET5NA.jpg\" width=\"1280\"\/>Cecilia Perazzo y Eduardo Mallea <img alt=\"Elena Nofal (MALBA)\" class=\"global-image\" decoding=\"async\" fetchpriority=\"low\" height=\"1920\" loading=\"lazy\" src=\"https:\/\/www.europesays.com\/es\/wp-content\/uploads\/2025\/09\/ZCHNYYU2BZA5PBW2L4AXCR7GPI.jpg\" width=\"1280\"\/>Elena Nofal (MALBA)<img alt=\"Julieta Kemble\" class=\"global-image\" decoding=\"async\" fetchpriority=\"low\" height=\"1920\" loading=\"lazy\" src=\"https:\/\/www.europesays.com\/es\/wp-content\/uploads\/2025\/09\/6SB7ZNZ2MFB4HECZZACDB5QU7Q.jpg\" width=\"1280\"\/>Julieta Kemble<img alt=\"Juan Pablo Maglier, Gustavo Weiss,\" class=\"global-image\" decoding=\"async\" fetchpriority=\"low\" height=\"1080\" loading=\"lazy\" src=\"https:\/\/www.europesays.com\/es\/wp-content\/uploads\/2025\/09\/ZJ6DLFYBGVC3JHT6GEA4FQFGWU.jpg\" width=\"1920\"\/>Juan Pablo Maglier, Gustavo Weiss, Cristiano Rattazzi y Fabi\u00e1n Perechodnik <img alt=\"Sentados: Marcos G\u00fcemes, Amalia Amoedo\" class=\"global-image\" decoding=\"async\" fetchpriority=\"low\" height=\"1080\" loading=\"lazy\" src=\"https:\/\/www.europesays.com\/es\/wp-content\/uploads\/2025\/09\/AN36PDLSCVD3NAXNNZ3TMQEEMI.jpg\" width=\"1920\"\/>Sentados: Marcos G\u00fcemes, Amalia Amoedo y Nicol\u00e1s Pinto. Arriba: Malena Torres Traverso, Silvio Benvenuto, Florinda Andreoli, Santos Urribelarrea, Sof\u00eda Pinto, Mat\u00edas Martins y Paula Santamarina<img alt=\"La mesa de Josefina Carles\" class=\"global-image\" decoding=\"async\" fetchpriority=\"low\" height=\"1080\" loading=\"lazy\" src=\"https:\/\/www.europesays.com\/es\/wp-content\/uploads\/2025\/09\/OX7DMFRQGFFB7H3A5XFSBES6DE.jpg\" width=\"1920\"\/>La mesa de Josefina Carles e Ignacio Noel, quienes estuvieron acompa\u00f1ados por Charlie y Mar\u00eda Taquini de Blaquier, Dolores Casanegra, Mar\u00eda Noel y Moniquita Holmberg, entre otros invitados a la gala<img alt=\"Felisa Blaquier y Santiago Siri\" class=\"global-image\" decoding=\"async\" fetchpriority=\"low\" height=\"1920\" loading=\"lazy\" src=\"https:\/\/www.europesays.com\/es\/wp-content\/uploads\/2025\/09\/YVFO635A4JHNHPLIV75WIXKQFU.jpg\" width=\"1280\"\/>Felisa Blaquier y Santiago Siri <img alt=\"Angie Landaburu\" class=\"global-image\" decoding=\"async\" fetchpriority=\"low\" height=\"1920\" loading=\"lazy\" src=\"https:\/\/www.europesays.com\/es\/wp-content\/uploads\/2025\/09\/MJ5WLYJ2UZDCBCDBQKE3ZXVX2M.jpg\" width=\"1280\"\/>Angie Landaburu<img alt=\"Ezequiel Cassagne, Julio Cesar Crivelli\" class=\"global-image\" decoding=\"async\" fetchpriority=\"low\" height=\"1277\" loading=\"lazy\" src=\"https:\/\/www.europesays.com\/es\/wp-content\/uploads\/2025\/09\/KMFI2SZBDFGDBFRXGBPZZBQKAM.jpg\" width=\"1920\"\/>Ezequiel Cassagne, Julio Cesar Crivelli y Male Canale <img alt=\"Josefina Carles junto a Charlie\" class=\"global-image\" decoding=\"async\" fetchpriority=\"low\" height=\"1277\" loading=\"lazy\" src=\"https:\/\/www.europesays.com\/es\/wp-content\/uploads\/2025\/09\/5UWLQHTMPFCZTESUU3UFV2EATY.jpg\" width=\"1920\"\/>Josefina Carles junto a Charlie Blaquier y Mar\u00eda Taquini de Blaquier <img alt=\"Gerardo Grieco, director general del\" class=\"global-image\" decoding=\"async\" fetchpriority=\"low\" height=\"1277\" loading=\"lazy\" src=\"https:\/\/www.europesays.com\/es\/wp-content\/uploads\/2025\/09\/7ZR2SILD7ZEJFK4YAHLSBNN4NQ.jpg\" width=\"1920\"\/>Gerardo Grieco, director general del Teatro Col\u00f3n, junto a Paolo Rocca y Adriana Rosenberg <img alt=\"Gina Vargas de Roemmers y\" class=\"global-image\" decoding=\"async\" fetchpriority=\"low\" height=\"1920\" loading=\"lazy\" src=\"https:\/\/www.europesays.com\/es\/wp-content\/uploads\/2025\/09\/4MDNRJ74JRFTTK55I62MMQ4DAI.jpg\" width=\"1280\"\/>Gina Vargas de Roemmers y Mart\u00edn Cabrales <img alt=\"Marina Ach\u00e1val \" class=\"global-image\" decoding=\"async\" fetchpriority=\"low\" height=\"1920\" loading=\"lazy\" src=\"https:\/\/www.europesays.com\/es\/wp-content\/uploads\/2025\/09\/FGIUMHTIFRBVDIJMVH6GXJSXLY.jpg\" width=\"1280\"\/>Marina Ach\u00e1val <img alt=\"Fernando Cinalli e Isela Costantini\" class=\"global-image\" decoding=\"async\" fetchpriority=\"low\" height=\"1920\" loading=\"lazy\" src=\"https:\/\/www.europesays.com\/es\/wp-content\/uploads\/2025\/09\/4KLNV3J2D5HUHJE7A7BNRD3PJU.jpg\" width=\"1280\"\/>Fernando Cinalli e Isela Costantini <img alt=\"Andr\u00e9s Duprat y Carmen Ramos\" class=\"global-image\" decoding=\"async\" fetchpriority=\"low\" height=\"1920\" loading=\"lazy\" src=\"https:\/\/www.europesays.com\/es\/wp-content\/uploads\/2025\/09\/REZHTNACXZDWBCS5NJWQMQAYBQ.jpg\" width=\"1280\"\/>Andr\u00e9s Duprat y Carmen Ramos <img alt=\"Las divertidas poses de la\" class=\"global-image\" decoding=\"async\" fetchpriority=\"low\" height=\"1080\" loading=\"lazy\" src=\"https:\/\/www.europesays.com\/es\/wp-content\/uploads\/2025\/09\/PBSKFTBGNJHHHIEXS4Y6SJVI3I.jpg\" width=\"1920\"\/>Las divertidas poses de la gran velada a beneficio del Museo de Bellas Artes <img alt=\"Los abogados Cesar Litvin y\" class=\"global-image\" decoding=\"async\" fetchpriority=\"low\" height=\"1453\" loading=\"lazy\" src=\"https:\/\/www.europesays.com\/es\/wp-content\/uploads\/2025\/09\/MUZO4GADDZCMPPDMS55FFHGJXI.jpg\" width=\"1920\"\/>Los abogados Cesar Litvin y Ezequiel Cassagne junto a Juan Pablo Maglier <img alt=\"Taina Laurino Ferreira \" class=\"global-image\" decoding=\"async\" fetchpriority=\"low\" height=\"1920\" loading=\"lazy\" src=\"https:\/\/www.europesays.com\/es\/wp-content\/uploads\/2025\/09\/6PK74JZU7NEWVA2WYXBY4EZ6TM.jpg\" width=\"1280\"\/>Taina Laurino Ferreira <img alt=\"Gino Bogani &#10;\" class=\"global-image\" decoding=\"async\" fetchpriority=\"low\" height=\"1920\" loading=\"lazy\" src=\"https:\/\/www.europesays.com\/es\/wp-content\/uploads\/2025\/09\/NP7VZ2UWYVBGDEQU3NCIQL4P3Y.jpg\" width=\"1280\"\/>Gino Bogani<br \/>\n<img alt=\"Mike y Mauara Reynal \" class=\"global-image\" decoding=\"async\" fetchpriority=\"low\" height=\"1920\" loading=\"lazy\" src=\"https:\/\/www.europesays.com\/es\/wp-content\/uploads\/2025\/09\/2KZ6MVMPLBGYRMFW5GD4NR5ZE4.jpg\" width=\"1349\"\/>Mike y Mauara Reynal <img alt=\"(RS Fotos)\" class=\"global-image\" decoding=\"async\" fetchpriority=\"low\" height=\"1920\" loading=\"lazy\" src=\"https:\/\/www.europesays.com\/es\/wp-content\/uploads\/2025\/09\/CIZNRPPQYZEHXJUUBVZS5LKAHY.jpg\" width=\"1280\"\/>(RS Fotos)<img alt=\"Ver\u00f3nica Zoani de Nutting, Pela\" class=\"global-image\" decoding=\"async\" fetchpriority=\"low\" height=\"1732\" loading=\"lazy\" src=\"https:\/\/www.europesays.com\/es\/wp-content\/uploads\/2025\/09\/M2RHJQD5TZHX5KR2ENQRU6HTLM.jpg\" width=\"1920\"\/>Ver\u00f3nica Zoani de Nutting, Pela Herrero y Sof\u00eda Pinto <img alt=\"Los invitados entrando a la\" class=\"global-image\" decoding=\"async\" fetchpriority=\"low\" height=\"1277\" loading=\"lazy\" src=\"https:\/\/www.europesays.com\/es\/wp-content\/uploads\/2025\/09\/VM4MRWDKXVEDZOYBVOZWTBRH7Y.jpg\" width=\"1920\"\/>Los invitados entrando a la gala <img alt=\"Min Agostini y Malala Artola\" class=\"global-image\" decoding=\"async\" fetchpriority=\"low\" height=\"1920\" loading=\"lazy\" src=\"https:\/\/www.europesays.com\/es\/wp-content\/uploads\/2025\/09\/PRQP2MXFZJEGFLK6ED7YNT6YVE.jpg\" width=\"1582\"\/>Min Agostini y Malala Artola <img alt=\"Gast\u00f3n Zoani, In\u00e9s Etchebarne Mihanovich,\" class=\"global-image\" decoding=\"async\" fetchpriority=\"low\" height=\"1278\" loading=\"lazy\" src=\"https:\/\/www.europesays.com\/es\/wp-content\/uploads\/2025\/09\/VISXZG5UXBGTLBNVFA4YBACFTU.jpg\" width=\"1920\"\/>Gast\u00f3n Zoani, In\u00e9s Etchebarne Mihanovich, Walter D&#8217;Aloia Criado y Jos\u00e9 B\u00e1ez Pinto <img alt=\"Juan Pablo Maglier y Ezequiel\" class=\"global-image\" decoding=\"async\" fetchpriority=\"low\" height=\"1920\" loading=\"lazy\" src=\"https:\/\/www.europesays.com\/es\/wp-content\/uploads\/2025\/09\/Z7HGPHI7RZCLZCUMRO3IUX7LPQ.jpg\" width=\"1280\"\/>Juan Pablo Maglier y Ezequiel Cassagne <img alt=\"Claudio Stamato y Felipe Dur\u00e1n\" class=\"global-image\" decoding=\"async\" fetchpriority=\"low\" height=\"1920\" loading=\"lazy\" src=\"https:\/\/www.europesays.com\/es\/wp-content\/uploads\/2025\/09\/WUN5NA2B6VGHNASFCAULCTUZYE.jpg\" width=\"1280\"\/>Claudio Stamato y Felipe Dur\u00e1n<img alt=\"Amparo D\u00edscoli \" class=\"global-image\" decoding=\"async\" fetchpriority=\"low\" height=\"1920\" loading=\"lazy\" src=\"https:\/\/www.europesays.com\/es\/wp-content\/uploads\/2025\/09\/ECQGSLT3CBFZXO65UVGVBDYT5A.jpg\" width=\"1280\"\/>Amparo D\u00edscoli <img alt=\"Sol Neuss, Taina Laurino Ferreira,\" class=\"global-image\" decoding=\"async\" fetchpriority=\"low\" height=\"1277\" loading=\"lazy\" src=\"https:\/\/www.europesays.com\/es\/wp-content\/uploads\/2025\/09\/BEISZKWBFZC5HADKGS3CF5PVLA.jpg\" width=\"1920\"\/>Sol Neuss, Taina Laurino Ferreira, Pamela y Daniela Marcuzzi de Saguier y Mauara Reynal <img alt=\"\u201cUna noche en el Antiguo\" class=\"global-image\" decoding=\"async\" fetchpriority=\"low\" height=\"1080\" loading=\"lazy\" src=\"https:\/\/www.europesays.com\/es\/wp-content\/uploads\/2025\/09\/KUZC3NJUVJGQBPWY2P64BVQXG4.jpg\" width=\"1920\"\/>\u201cUna noche en el Antiguo Egipto\u201d, la comida a beneficio del Museo Nacional de Bellas Artes \/\/\/ (RS Fotos)<\/p>\n","protected":false},"excerpt":{"rendered":"30 Sep, 2025 06:33 a.m. EST El presidente de la comisi\u00f3n directiva de la Asociaci\u00f3n Amigos del Museo&hellip;\n","protected":false},"author":2,"featured_media":148554,"comment_status":"","ping_status":"","sticky":false,"template":"","format":"standard","meta":{"footnotes":""},"categories":[173],"tags":[229,233,231,230,232,234,146,147,25,24,23,30184],"class_list":{"0":"post-148553","1":"post","2":"type-post","3":"status-publish","4":"format-standard","5":"has-post-thumbnail","7":"category-arte-y-diseno","8":"tag-arte","9":"tag-arte-y-diseno","10":"tag-arts","11":"tag-arts-and-design","12":"tag-design","13":"tag-diseno","14":"tag-entertainment","15":"tag-entretenimiento","16":"tag-es","17":"tag-espana","18":"tag-spain","19":"tag-vidriera"},"share_on_mastodon":{"url":"","error":""},"_links":{"self":[{"href":"https:\/\/www.europesays.com\/es\/wp-json\/wp\/v2\/posts\/148553","targetHints":{"allow":["GET"]}}],"collection":[{"href":"https:\/\/www.europesays.com\/es\/wp-json\/wp\/v2\/posts"}],"about":[{"href":"https:\/\/www.europesays.com\/es\/wp-json\/wp\/v2\/types\/post"}],"author":[{"embeddable":true,"href":"https:\/\/www.europesays.com\/es\/wp-json\/wp\/v2\/users\/2"}],"replies":[{"embeddable":true,"href":"https:\/\/www.europesays.com\/es\/wp-json\/wp\/v2\/comments?post=148553"}],"version-history":[{"count":0,"href":"https:\/\/www.europesays.com\/es\/wp-json\/wp\/v2\/posts\/148553\/revisions"}],"wp:featuredmedia":[{"embeddable":true,"href":"https:\/\/www.europesays.com\/es\/wp-json\/wp\/v2\/media\/148554"}],"wp:attachment":[{"href":"https:\/\/www.europesays.com\/es\/wp-json\/wp\/v2\/media?parent=148553"}],"wp:term":[{"taxonomy":"category","embeddable":true,"href":"https:\/\/www.europesays.com\/es\/wp-json\/wp\/v2\/categories?post=148553"},{"taxonomy":"post_tag","embeddable":true,"href":"https:\/\/www.europesays.com\/es\/wp-json\/wp\/v2\/tags?post=148553"}],"curies":[{"name":"wp","href":"https:\/\/api.w.org\/{rel}","templated":true}]}}