{"id":148555,"date":"2025-09-30T12:30:24","date_gmt":"2025-09-30T12:30:24","guid":{"rendered":"https:\/\/www.europesays.com\/es\/148555\/"},"modified":"2025-09-30T12:30:24","modified_gmt":"2025-09-30T12:30:24","slug":"esta-novela-belica-ambientada-en-la-guerra-entre-rusia-y-finlandia-es-la-mas-premiada-y-vendida-en-francia-y-ahora-llega-a-espana","status":"publish","type":"post","link":"https:\/\/www.europesays.com\/es\/148555\/","title":{"rendered":"Esta novela b\u00e9lica ambientada en la guerra entre Rusia y Finlandia es la m\u00e1s premiada y vendida en Francia (y ahora llega a Espa\u00f1a)"},"content":{"rendered":"<p data-journey-content=\"true\" data-node-id=\"3\" class=\"css-6wxqfj emevuu60\">Igual que ocurre con los <a href=\"https:\/\/www.esquire.com\/es\/actualidad\/g41690086\/asesinos-en-serie-famosos-historia-dahmer\/\" data-vars-ga-outbound-link=\"https:\/\/www.esquire.com\/es\/actualidad\/g41690086\/asesinos-en-serie-famosos-historia-dahmer\/\" data-vars-ga-ux-element=\"Hyperlink\" data-vars-ga-call-to-action=\"asesinos en serie\" data-node-id=\"3.1\" class=\"body-link css-1kzkd1m emevuu60\" rel=\"nofollow noopener\" target=\"_blank\">asesinos en serie<\/a>, hay algo en <strong data-node-id=\"3.3\">los francotiradores<\/strong> que nos fascina. Hay una raz\u00f3n por la que han aparecido constantemente en libros, pel\u00edculas y videojuegos desde hace d\u00e9cadas. Y no hace falta ser un aficionado a los temas militares, ni siquiera un fan\u00e1tico de <a href=\"https:\/\/www.esquire.com\/es\/actualidad\/cine\/g34021123\/mejores-peliculas-accion-infravaloradas\/\" data-vars-ga-outbound-link=\"https:\/\/www.esquire.com\/es\/actualidad\/cine\/g34021123\/mejores-peliculas-accion-infravaloradas\/\" data-vars-ga-ux-element=\"Hyperlink\" data-vars-ga-call-to-action=\"las pel\u00edculas de acci\u00f3n\" data-node-id=\"3.5\" class=\"body-link css-1kzkd1m emevuu60\" rel=\"nofollow noopener\" target=\"_blank\">las pel\u00edculas de acci\u00f3n<\/a>, para admitir que la cl\u00e1sica escena de \u00abaguanta la respiraci\u00f3n y dispara\u00bb en la que un tirador de \u00e9lite elimina una amenaza desde una distancia obscenamente lejana es totalmente genial.<\/p>\n<p data-journey-content=\"true\" data-node-id=\"6\" class=\"css-6wxqfj emevuu60\">Pero si intentaras imaginar al francotirador m\u00e1s letal de la historia, es muy probable que tu mente creara a alguien sacado de un casting de Hollywood. S\u00ed, seguramente <a href=\"https:\/\/www.esquire.com\/es\/actualidad\/cine\/a60089380\/el-francotirador-bradley-cooper-oscar-donde-ver-netlix\/\" data-vars-ga-outbound-link=\"https:\/\/www.esquire.com\/es\/actualidad\/cine\/a60089380\/el-francotirador-bradley-cooper-oscar-donde-ver-netlix\/\" data-vars-ga-ux-element=\"Hyperlink\" data-vars-ga-call-to-action=\"tienes a Bradley Cooper en mente\" data-node-id=\"6.1\" class=\"body-link css-1kzkd1m emevuu60\" rel=\"nofollow noopener\" target=\"_blank\">tienes a Bradley Cooper en mente<\/a>. As\u00ed que seguramente no pensar\u00e1s en <strong data-node-id=\"6.3\">un granjero finland\u00e9s de metro y medio<\/strong> de estatura con una amplia sonrisa. Sin embargo, as\u00ed era exactamente Simo Hayha, tambi\u00e9n conocido con un nombre extra\u00f1amente mol\u00f3n: <strong data-node-id=\"6.5\">La Muerte Blanca.<\/strong> Ahora Simo es el protagonista de una novela que acaba de llegar a Espa\u00f1a despu\u00e9s de arrasar en Francia, donde ha vendido 300.000 ejemplares. Una historia de lo que ocurre cuando el esp\u00edritu de todo un pueblo decide no rendirse.  <\/p>\n<p>Mucho m\u00e1s que un relato de guerra<\/p>\n<p data-journey-content=\"true\" data-node-id=\"9\" class=\"css-6wxqfj emevuu60\">Tres meses despu\u00e9s del inicio de la Segunda Guerra Mundial, el 30 de noviembre de 1939, Finlandia \u2015una naci\u00f3n peque\u00f1a con escasa poblaci\u00f3n y apenas unas d\u00e9cadas de vida\u2015 recibe la declaraci\u00f3n de guerra de un enemigo descomunal, la Uni\u00f3n Sovi\u00e9tica de Stalin. Hasta ese momento,<strong data-node-id=\"9.1\"> Simo Hayha<\/strong> no era m\u00e1s que un granjero de Carelia al que le gustaba disparar como hobby. Pero un a\u00f1o despu\u00e9s, al final de la Guerra de Invierno entre los dos pa\u00edses, nuestro h\u00e9roe, como francotirador del Sexto Batall\u00f3n del Regimiento de Infanter\u00eda 34, ten\u00eda 542 muertes confirmadas. En menos de cien d\u00edas. Su historia y la de sus compa\u00f1eros de batalla la relata Olivier Norek en <strong data-node-id=\"9.3.0\">Los guerreros del invierno.<\/strong><\/p>\n<p>ISTORIA Los guerreros del invierno &#8211; Olivier Norek<\/p>\n<p><a target=\"_blank\" rel=\"nofollow noopener\" data-theme-key=\"product-image-wrapper\" href=\"https:\/\/www.amazon.es\/dp\/B0FCYH8YFG?tag=esquirespain-21\" aria-label=\"22\u00a0\u20ac en Amazon for Los guerreros del invierno - Olivier Norek\" data-href=\"https:\/\/www.amazon.es\/dp\/B0FCYH8YFG\" data-product-url=\"https:\/\/www.amazon.es\/dp\/B0FCYH8YFG\" data-affiliate=\"true\" data-affiliate-url=\"https:\/\/www.amazon.es\/dp\/B0FCYH8YFG?tag=esquirespain-21\" data-affiliate-network=\"{&quot;afflink_redirect&quot;:&quot;\/_p\/afflink\/xrA9\/amazon-los-guerreros-del-invierno-istoria&quot;,&quot;site_id&quot;:&quot;92d07c0b-730d-4727-bddc-68f85354bda9&quot;,&quot;network&quot;:{&quot;name&quot;:&quot;Amazon&quot;},&quot;metadata&quot;:{&quot;links&quot;:{&quot;default&quot;:&quot;https:\/\/www.amazon.es\/dp\/B0FCYH8YFG?tag=esquirespain-21&quot;}}}\" data-vars-ga-call-to-action=\"22\u00a0\u20ac en Amazon\" data-vars-ga-media-role=\"\" data-vars-ga-media-type=\"Single Product Embed\" data-vars-ga-outbound-link=\"https:\/\/www.amazon.es\/dp\/B0FCYH8YFG\" data-vars-ga-product-brand=\"ISTORIA\" data-vars-ga-product-id=\"0c3e081d-1f54-45ef-8871-6ded35942c85\" data-vars-ga-product-price=\"21,80\u00a0\u20ac\" data-vars-ga-product-retailer-id=\"2d89bdf1-1e49-4577-a660-12275ed78cbb\" data-vars-ga-product-sem3-brand=\"ISTOR\ufffdA\" data-vars-ga-product-sem3-category=\"Acci\u00f3n y aventura\" data-vars-ga-link-treatment=\"(not set) | (not set)\" data-vars-ga-sku=\"B0FCYH8YFG\" data-vars-ga-magento-tracking=\"1\" class=\"product-image-link ebgq4gw2 e1b8bpvs0 css-g6od0w e1c1bym14\"><img  alt=\"Los guerreros del invierno - Olivier Norek\" title=\"Los guerreros del invierno - Olivier Norek\" src=\"https:\/\/www.europesays.com\/es\/wp-content\/uploads\/2025\/09\/1757519144-71wmdFzWLkL.jpg\" width=\"1679\" height=\"2560\" decoding=\"async\" loading=\"lazy\"\/><\/a><\/p>\n<p data-journey-content=\"true\" data-node-id=\"14\" class=\"css-6wxqfj emevuu60\">Esta es la historia de una compa\u00f1\u00eda en el centro de la defensa de su pa\u00eds frente a una desproporcionada invasi\u00f3n. Los rusos superaban en n\u00famero a su enemigo hasta tal punto que, de no ser por la locura casi inimaginable de sus comandantes y por<strong data-node-id=\"14.1\"> el hero\u00edsmo del ej\u00e9rcito finland\u00e9s<\/strong>, sus vecinos habr\u00edan sido invadidos. Tampoco hab\u00edan tenido en cuenta el esp\u00edritu de los defensores.<\/p>\n<p data-journey-content=\"true\" data-node-id=\"16\" class=\"css-6wxqfj emevuu60\">Uno de ellos fue nuestro Simo, que logr\u00f3 sus proezas sin todo ese equipamiento de los francotiradores modernos que vemos en el <a href=\"https:\/\/www.esquire.com\/es\/actualidad\/g24428972\/call-of-duty-videojuegos\/\" data-vars-ga-outbound-link=\"https:\/\/www.esquire.com\/es\/actualidad\/g24428972\/call-of-duty-videojuegos\/\" data-vars-ga-ux-element=\"Hyperlink\" data-vars-ga-call-to-action=\"Call of Duty\" data-node-id=\"16.1.0\" class=\"body-link css-1kzkd1m emevuu60\" rel=\"nofollow noopener\" target=\"_blank\">Call of Duty<\/a>. \u00c9l se present\u00f3 a luchar en una guerra con su propio rifle de caza. Esto incluye un detalle que parece totalmente exagerado, pero que es la pura verdad: <strong data-node-id=\"16.3\">nunca utiliz\u00f3 una mira telesc\u00f3pica<\/strong>. No porque no estuvieran disponibles, sino porque se sent\u00eda m\u00e1s preciso utilizando el ojo desnudo y las viejas miras met\u00e1licas de su arma favorita.<\/p>\n<p><img draggable=\"true\" alt=\"un libro poderoso y profundamente conmovedor donde se entrecruzan el drama humano, la \u00e9pica b\u00e9lica y la construcci\u00f3n de la leyenda del francotirador m\u00e1s letal: la muerte blanca.\" title=\"Un libro poderoso y profundamente conmovedor donde se entrecruzan el drama humano, la \u00e9pica b\u00e9lica y la construcci\u00f3n de la leyenda del francotirador m\u00e1s letal: la Muerte Blanca.\" loading=\"lazy\" width=\"500\" height=\"719\" decoding=\"async\" data-nimg=\"1\" style=\"color:transparent;width:100%;height:auto;\"   src=\"https:\/\/www.europesays.com\/es\/wp-content\/uploads\/2025\/09\/simo-hayha-68c19d8b20887.jpg\" class=\"css-0 e1g79fud0\"\/>Cortes\u00eda<\/p>\n<p>Simo Hayha AKA La Muerte Blanca.<\/p>\n<p data-journey-content=\"true\" data-node-id=\"19\" class=\"css-6wxqfj emevuu60\">Hayha, con un equipo m\u00e1s humilde que el de la mayor\u00eda de los cazadores actuales, se colocaba en bancos de nieve, vestido completamente de blanco. All\u00ed, colocaba un par de guantes debajo del ca\u00f1\u00f3n de su arma para estabilizarla a\u00fan m\u00e1s y esperaba a que alg\u00fan soldado sovi\u00e9tico eligiera un camino muy desafortunado, donde ser\u00eda abatido como un pato en la feria. \u00c9l mismo result\u00f3 herido hacia el final de la guerra, cuando <strong data-node-id=\"19.1\">una bala explosiva le alcanz\u00f3 en la cara y le desfigur\u00f3<\/strong>. Fue dado por muerto y despu\u00e9s estuvo hospitalizado en coma durante una semana y despert\u00f3 el 13 de marzo de 1940, el mismo d\u00eda en que se declar\u00f3 la paz. <\/p>\n<p data-journey-content=\"true\" data-node-id=\"21\" class=\"css-6wxqfj emevuu60\">Para entonces, se hab\u00eda convertido en <strong data-node-id=\"21.1\">el francotirador m\u00e1s letal de Finlandia<\/strong>, temido y venerado a partes iguales. El David capaz de desafiar a Goliat. Cuando poco antes de morir se le pregunt\u00f3 si sent\u00eda remordimientos por haber matado a tanta gente, respondi\u00f3: \u00abHice lo que me ordenaron, lo mejor que pude. Finlandia no existir\u00eda si todos no hubieran hecho lo mismo\u00bb. <\/p>\n","protected":false},"excerpt":{"rendered":"Igual que ocurre con los asesinos en serie, hay algo en los francotiradores que nos fascina. Hay una&hellip;\n","protected":false},"author":2,"featured_media":148556,"comment_status":"","ping_status":"","sticky":false,"template":"","format":"standard","meta":{"footnotes":""},"categories":[172],"tags":[224,253,146,147,25,24,225,975,23],"class_list":{"0":"post-148555","1":"post","2":"type-post","3":"status-publish","4":"format-standard","5":"has-post-thumbnail","7":"category-libros","8":"tag-books","9":"tag-discover","10":"tag-entertainment","11":"tag-entretenimiento","12":"tag-es","13":"tag-espana","14":"tag-libros","15":"tag-seo","16":"tag-spain"},"share_on_mastodon":{"url":"","error":""},"_links":{"self":[{"href":"https:\/\/www.europesays.com\/es\/wp-json\/wp\/v2\/posts\/148555","targetHints":{"allow":["GET"]}}],"collection":[{"href":"https:\/\/www.europesays.com\/es\/wp-json\/wp\/v2\/posts"}],"about":[{"href":"https:\/\/www.europesays.com\/es\/wp-json\/wp\/v2\/types\/post"}],"author":[{"embeddable":true,"href":"https:\/\/www.europesays.com\/es\/wp-json\/wp\/v2\/users\/2"}],"replies":[{"embeddable":true,"href":"https:\/\/www.europesays.com\/es\/wp-json\/wp\/v2\/comments?post=148555"}],"version-history":[{"count":0,"href":"https:\/\/www.europesays.com\/es\/wp-json\/wp\/v2\/posts\/148555\/revisions"}],"wp:featuredmedia":[{"embeddable":true,"href":"https:\/\/www.europesays.com\/es\/wp-json\/wp\/v2\/media\/148556"}],"wp:attachment":[{"href":"https:\/\/www.europesays.com\/es\/wp-json\/wp\/v2\/media?parent=148555"}],"wp:term":[{"taxonomy":"category","embeddable":true,"href":"https:\/\/www.europesays.com\/es\/wp-json\/wp\/v2\/categories?post=148555"},{"taxonomy":"post_tag","embeddable":true,"href":"https:\/\/www.europesays.com\/es\/wp-json\/wp\/v2\/tags?post=148555"}],"curies":[{"name":"wp","href":"https:\/\/api.w.org\/{rel}","templated":true}]}}