{"id":148569,"date":"2025-09-30T12:39:09","date_gmt":"2025-09-30T12:39:09","guid":{"rendered":"https:\/\/www.europesays.com\/es\/148569\/"},"modified":"2025-09-30T12:39:09","modified_gmt":"2025-09-30T12:39:09","slug":"las-principales-reacciones-al-plan-de-paz-de-trump-para-gaza","status":"publish","type":"post","link":"https:\/\/www.europesays.com\/es\/148569\/","title":{"rendered":"Las principales reacciones al plan de paz de Trump para Gaza"},"content":{"rendered":"<p>    <img src=\"https:\/\/www.europesays.com\/es\/wp-content\/uploads\/2025\/09\/2025-09-30T123A033A58Z-90091969.jpg\" width=\"1024\" height=\"576\" alt=\"\" loading=\"eager\" decoding=\"sync\" fetchpriority=\"high\"\/><\/p>\n<p>            afp_tickers        <\/p>\n<p>        Este contenido fue publicado en    <\/p>\n<p>        30 septiembre 2025 &#8211; 14:03\n<\/p>\n<p>Numerosos pa\u00edses del mundo, comenzando por los \u00e1rabes y musulmanes, acogieron con satisfacci\u00f3n el plan de paz para Gaza presentado el lunes por el presidente estadounidense, Donald Trump.<\/p>\n<p>Estas son las principales reacciones:<\/p>\n<p>\u2013 Pa\u00edses \u00e1rabes y musulmanes<\/p>\n<p>Egipto, Jordania, Arabia Saudita, Catar, Emiratos \u00c1rabes Unidos, Turqu\u00eda, Indonesia y Pakist\u00e1n aseguraron, en un comunicado conjunto, que aplauden \u00abel papel del presidente estadounidense y sus sinceros esfuerzos por poner fin a la guerra\u00bb entre Israel y el grupo islamista Ham\u00e1s.<\/p>\n<p>Reafirmaron \u00absu voluntad de colaborar de manera positiva y constructiva con Estados Unidos y las partes interesadas para finalizar el acuerdo y garantizar su aplicaci\u00f3n\u00bb.<\/p>\n<p>\u2013 Europa<\/p>\n<p>El presidente franc\u00e9s, Emmanuel Macron, tambi\u00e9n elogi\u00f3 \u00abel compromiso\u00bb de Trump \u00abpara poner fin a la guerra en Gaza y lograr la liberaci\u00f3n de todos los rehenes\u00bb.<\/p>\n<p>\u00abEspero que Israel se comprometa firmemente sobre esta base. Ham\u00e1s no tiene m\u00e1s remedio que liberar inmediatamente a todos los rehenes y seguir este plan\u00bb, escribi\u00f3 en la red social X.<\/p>\n<p>El presidente del Consejo de la Uni\u00f3n Europea, Antonio Costa, inst\u00f3 a todas las partes a \u00abaprovechar este momento para dar una oportunidad genuina a la paz\u00bb.\u00a0<\/p>\n<p>\u00abLa situaci\u00f3n en Gaza es intolerable. Las hostilidades deben cesar y todos los rehenes deben ser liberados de inmediato\u00bb, a\u00f1adi\u00f3 en X.<\/p>\n<p>El ministro de Relaciones Exteriores alem\u00e1n, Johann Wadephul, consider\u00f3 que, \u00abpor fin, israel\u00edes y palestinos pueden esperar que esta guerra llegue pronto a su fin\u00bb.<\/p>\n<p>\u00abEsta oportunidad no debe desperdiciarse. Ham\u00e1s debe aprovecharla. Insto a todos aquellos que pueden ejercer influencia sobre Ham\u00e1s a que lo hagan ahora mismo\u00bb, a\u00f1adi\u00f3.<\/p>\n<p>El presidente del gobierno espa\u00f1ol, Pedro S\u00e1nchez, dijo en X que su pa\u00eds \u00abda la bienvenida a la propuesta de paz\u00bb y exigi\u00f3 que \u00abhay que poner punto final a tanto sufrimiento\u00bb.<\/p>\n<p>\u00abEs la hora de que cese la violencia, se produzca la inmediata liberaci\u00f3n de todos los rehenes y se d\u00e9 acceso a la ayuda humanitaria para la poblaci\u00f3n civil. La soluci\u00f3n de dos Estados, Israel y Palestina, conviviendo uno junto a otro en paz y seguridad, es la \u00fanica posible\u00bb, a\u00f1adi\u00f3.<\/p>\n<p>El gobierno italiano de Giorgia Meloni calific\u00f3 el plan de Trump como un \u00abambicioso proyecto para la estabilizaci\u00f3n, la reconstrucci\u00f3n y el desarrollo de la Franja de Gaza\u00bb, as\u00ed como un posible \u00abpunto de inflexi\u00f3n\u00bb, seg\u00fan un comunicado.<\/p>\n<p>Fuera de la Uni\u00f3n Europea, el primer ministro brit\u00e1nico, Keir Starmer, dijo en una nota que \u00abapoya firmemente los esfuerzos (de Trump) para poner fin a los combates, liberar a los rehenes y garantizar la prestaci\u00f3n de ayuda humanitaria de emergencia a la poblaci\u00f3n de Gaza\u00bb.\u00a0<\/p>\n<p>\u00abEs nuestra m\u00e1xima prioridad y debe hacerse de inmediato\u00bb, agreg\u00f3.<\/p>\n<p>\u2013 Tony Blair<\/p>\n<p>El ex primer ministro brit\u00e1nico Tony Blair, quien se prev\u00e9 que desempe\u00f1e un papel importante en un comit\u00e9 que supervisar\u00e1 la transici\u00f3n en Gaza, aplaudi\u00f3 este plan \u00abaudaz e inteligente\u00bb.<\/p>\n<p>\u00abNos ofrece la mejor oportunidad de poner fin a dos a\u00f1os de guerra\u00bb, declar\u00f3 en un comunicado.<\/p>\n<p>\u2013 Entre los palestinos<\/p>\n<p>La Autoridad Palestina destac\u00f3 los \u00abesfuerzos sinceros y decididos\u00bb de Trump, seg\u00fan un bolet\u00edn, y afirm\u00f3 \u00abconfiar en su capacidad para encontrar un camino hacia la paz\u00bb.<\/p>\n<p>Por el contrario, la Yihad Isl\u00e1mica, un grupo armado palestino que lucha junto a Ham\u00e1s en Gaza, denunci\u00f3 en un comunicado \u00abuna receta\u00bb para seguir atacando a los palestinos.<\/p>\n<p>\u00abLo que se anunci\u00f3 en la conferencia de prensa entre Trump y Netanyahu es un acuerdo entre Estados Unidos e Israel y representa la posici\u00f3n de todo el \u2018establishment\u2019 israel\u00ed. Es una receta para continuar la agresi\u00f3n contra el pueblo palestino\u00bb, afirm\u00f3 el movimiento islamista.<\/p>\n<p>Un responsable enterado de los di\u00e1logos dijo a la AFP que los mediadores Catar y Egipto entregaron el plan a los negociadores de Ham\u00e1s, quienes \u00abdeclararon que examinar\u00e1n de buena fe y dar\u00e1n una respuesta\u00bb.<\/p>\n<p>bur-lb\/pno\/arm\/cjc<\/p>\n","protected":false},"excerpt":{"rendered":"afp_tickers Este contenido fue publicado en 30 septiembre 2025 &#8211; 14:03 Numerosos pa\u00edses del mundo, comenzando por los&hellip;\n","protected":false},"author":2,"featured_media":148570,"comment_status":"","ping_status":"","sticky":false,"template":"","format":"standard","meta":{"footnotes":""},"categories":[42],"tags":[635,17,18,636,13,14,11,61,62,63,64,19,20,9,10,15,16,90,12,21,22,65,66,67],"class_list":{"0":"post-148569","1":"post","2":"type-post","3":"status-publish","4":"format-standard","5":"has-post-thumbnail","7":"category-internacional","8":"tag-armed-conflict","9":"tag-breaking-news","10":"tag-breakingnews","11":"tag-conflict","12":"tag-featured-news","13":"tag-featurednews","14":"tag-headlines","15":"tag-internacional","16":"tag-international","17":"tag-international-news","18":"tag-internationalnews","19":"tag-latest-news","20":"tag-latestnews","21":"tag-news","22":"tag-noticias","23":"tag-noticias-destacadas","24":"tag-noticiasdestacadas","25":"tag-ticker","26":"tag-titulares","27":"tag-ultimas-noticias","28":"tag-ultimasnoticias","29":"tag-world","30":"tag-world-news","31":"tag-worldnews"},"share_on_mastodon":{"url":"","error":""},"_links":{"self":[{"href":"https:\/\/www.europesays.com\/es\/wp-json\/wp\/v2\/posts\/148569","targetHints":{"allow":["GET"]}}],"collection":[{"href":"https:\/\/www.europesays.com\/es\/wp-json\/wp\/v2\/posts"}],"about":[{"href":"https:\/\/www.europesays.com\/es\/wp-json\/wp\/v2\/types\/post"}],"author":[{"embeddable":true,"href":"https:\/\/www.europesays.com\/es\/wp-json\/wp\/v2\/users\/2"}],"replies":[{"embeddable":true,"href":"https:\/\/www.europesays.com\/es\/wp-json\/wp\/v2\/comments?post=148569"}],"version-history":[{"count":0,"href":"https:\/\/www.europesays.com\/es\/wp-json\/wp\/v2\/posts\/148569\/revisions"}],"wp:featuredmedia":[{"embeddable":true,"href":"https:\/\/www.europesays.com\/es\/wp-json\/wp\/v2\/media\/148570"}],"wp:attachment":[{"href":"https:\/\/www.europesays.com\/es\/wp-json\/wp\/v2\/media?parent=148569"}],"wp:term":[{"taxonomy":"category","embeddable":true,"href":"https:\/\/www.europesays.com\/es\/wp-json\/wp\/v2\/categories?post=148569"},{"taxonomy":"post_tag","embeddable":true,"href":"https:\/\/www.europesays.com\/es\/wp-json\/wp\/v2\/tags?post=148569"}],"curies":[{"name":"wp","href":"https:\/\/api.w.org\/{rel}","templated":true}]}}