{"id":148600,"date":"2025-09-30T13:01:09","date_gmt":"2025-09-30T13:01:09","guid":{"rendered":"https:\/\/www.europesays.com\/es\/148600\/"},"modified":"2025-09-30T13:01:09","modified_gmt":"2025-09-30T13:01:09","slug":"caixabank-apuesta-por-el-contenido-para-conectar-con-nuevas-audiencias","status":"publish","type":"post","link":"https:\/\/www.europesays.com\/es\/148600\/","title":{"rendered":"Caixabank apuesta por el contenido para conectar con nuevas audiencias"},"content":{"rendered":"<p><strong>La entidad bancaria ampl\u00eda su ecosistema digital con un espacio gratuito a modo de plataforma que ofrece art\u00edculos, entrevistas, p\u00f3dcast y videop\u00f3dcast en seis categor\u00edas tem\u00e1ticas<\/strong><\/p>\n<p><a href=\"https:\/\/www.caixabank.es\/particular\/home\/particulares_es.html\" rel=\"nofollow noopener\" target=\"_blank\">Caixabank<\/a> ha presentado <a href=\"https:\/\/www.caixabank.com\/es\/esfera.html\" rel=\"nofollow noopener\" target=\"_blank\"><strong>Esfera<\/strong><\/a>, una nueva plataforma de contenidos digitales que busca acercar la entidad a nuevas audiencias a trav\u00e9s de formatos diversos e innovadores. El proyecto se integra en la estrategia de transformaci\u00f3n comunicativa del banco y refuerza su apuesta por la divulgaci\u00f3n, la transparencia y la cultura financiera.<\/p>\n<p>Disponible de forma gratuita y sin necesidad de registro en la web corporativa de CaixaBank, Esfera re\u00fane art\u00edculos informativos, reportajes, entrevistas y gu\u00edas, junto a p\u00f3dcast y videop\u00f3dcast producidos por la entidad. Los contenidos se organizan en seis categor\u00edas: entorno econ\u00f3mico, bienestar, aprender, emprender, compromiso e innovaci\u00f3n.<\/p>\n<p>La iniciativa pretende convertirse en un punto de encuentro entre la sociedad y la entidad, ofreciendo desde an\u00e1lisis de tendencias globales hasta historias humanas o voces expertas. Entre los formatos audiovisuales destacan series de p\u00f3dcast centradas en liderazgo femenino, empoderamiento a trav\u00e9s del deporte, cultura financiera o las necesidades de las personas mayores.<\/p>\n<p>Con el lema \u201cDonde todo se conecta\u201d, la compa\u00f1\u00eda plantea Esfera como un espacio din\u00e1mico que refleje la rapidez con la que evolucionan la innovaci\u00f3n y el conocimiento. Seg\u00fan la entidad, la plataforma busca no solo informar, sino tambi\u00e9n inspirar y entretener, aportando una visi\u00f3n m\u00e1s amplia sobre los cambios sociales y econ\u00f3micos actuales.<\/p>\n<p>\u00a0<\/p>\n<p>\u00a0<\/p>\n","protected":false},"excerpt":{"rendered":"La entidad bancaria ampl\u00eda su ecosistema digital con un espacio gratuito a modo de plataforma que ofrece art\u00edculos,&hellip;\n","protected":false},"author":2,"featured_media":148601,"comment_status":"","ping_status":"","sticky":false,"template":"","format":"standard","meta":{"footnotes":""},"categories":[80],"tags":[9613,9616,229,1924,82,5262,3213,9618,9610,234,95,94,25,24,9611,244,1294,9614,2736,1827,9609,9612,9608,6371,9617,23,9615],"class_list":{"0":"post-148600","1":"post","2":"type-post","3":"status-publish","4":"format-standard","5":"has-post-thumbnail","7":"category-economia","8":"tag-advertainment","9":"tag-anuncios","10":"tag-arte","11":"tag-branded-content","12":"tag-business","13":"tag-comunicacion","14":"tag-consumo","15":"tag-control-de-publici","16":"tag-creatividad","17":"tag-diseno","18":"tag-economia","19":"tag-economy","20":"tag-es","21":"tag-espana","22":"tag-estrategia-publicitaria","23":"tag-fotografia","24":"tag-investigacion","25":"tag-marcas","26":"tag-marketing","27":"tag-medios","28":"tag-mobile","29":"tag-planner","30":"tag-produccion","31":"tag-publicidad","32":"tag-publicistas","33":"tag-spain","34":"tag-transmedia"},"share_on_mastodon":{"url":"","error":""},"_links":{"self":[{"href":"https:\/\/www.europesays.com\/es\/wp-json\/wp\/v2\/posts\/148600","targetHints":{"allow":["GET"]}}],"collection":[{"href":"https:\/\/www.europesays.com\/es\/wp-json\/wp\/v2\/posts"}],"about":[{"href":"https:\/\/www.europesays.com\/es\/wp-json\/wp\/v2\/types\/post"}],"author":[{"embeddable":true,"href":"https:\/\/www.europesays.com\/es\/wp-json\/wp\/v2\/users\/2"}],"replies":[{"embeddable":true,"href":"https:\/\/www.europesays.com\/es\/wp-json\/wp\/v2\/comments?post=148600"}],"version-history":[{"count":0,"href":"https:\/\/www.europesays.com\/es\/wp-json\/wp\/v2\/posts\/148600\/revisions"}],"wp:featuredmedia":[{"embeddable":true,"href":"https:\/\/www.europesays.com\/es\/wp-json\/wp\/v2\/media\/148601"}],"wp:attachment":[{"href":"https:\/\/www.europesays.com\/es\/wp-json\/wp\/v2\/media?parent=148600"}],"wp:term":[{"taxonomy":"category","embeddable":true,"href":"https:\/\/www.europesays.com\/es\/wp-json\/wp\/v2\/categories?post=148600"},{"taxonomy":"post_tag","embeddable":true,"href":"https:\/\/www.europesays.com\/es\/wp-json\/wp\/v2\/tags?post=148600"}],"curies":[{"name":"wp","href":"https:\/\/api.w.org\/{rel}","templated":true}]}}