{"id":148612,"date":"2025-09-30T13:10:09","date_gmt":"2025-09-30T13:10:09","guid":{"rendered":"https:\/\/www.europesays.com\/es\/148612\/"},"modified":"2025-09-30T13:10:09","modified_gmt":"2025-09-30T13:10:09","slug":"mas-de-40-single-tracks-anticipan-una-edicion-explosiva-de-la-tierra-estella-epic-mtb-uci","status":"publish","type":"post","link":"https:\/\/www.europesays.com\/es\/148612\/","title":{"rendered":"M\u00e1s de 40 single tracks anticipan una edici\u00f3n explosiva de la Tierra Estella Epic MTB UCI"},"content":{"rendered":"<p data-mrf-recirculation=\"Links P\u00e1rrafos\" class=\"ue-c-article__paragraph paragraph ue-c-article--first-letter-highlighted\">El pr\u00f3ximo<strong> s\u00e1bado 4 de octubre<\/strong>, m\u00e1s de 1.200 bikers se dar\u00e1n cita en Ayegui para vivir la novena edici\u00f3n de la Tierra Estella Epic, una de las pruebas m\u00e1s esperadas del calendario <strong>UCI MTB Marathon<\/strong>. Con dos modalidades \u2014la Bike Marathon (89,4 km y m\u00e1s de 2.500 m de desnivel) y el Medio Fondo (54 km y 1.650 m de desnivel)\u2014, la carrera volver\u00e1 a reunir a un pelot\u00f3n internacional que afrontar\u00e1 un recorrido espectacular, dise\u00f1ado para dejar huella.<\/p>\n<p>Los imprescindibles del recorrido<\/p>\n<p data-mrf-recirculation=\"Links P\u00e1rrafos\" class=\"ue-c-article__paragraph paragraph\">Pero si hay un elemento que convierte a la Tierra Estella Epic en algo \u00fanico, <strong>son sus 43 singletracks. <\/strong>Cada uno con nombre, longitud y cartel propio, estos tramos t\u00e9cnicos dotan de identidad al recorrido y lo convierten en un aut\u00e9ntico <strong>rompepiernas<\/strong>. Una f\u00f3rmula inspirada en la Par\u00eds-Roubaix, que la organizaci\u00f3n introdujo como se\u00f1a de identidad de la prueba y que hoy es ya tradici\u00f3n. Numerados en orden inverso, el viaje arranca <strong>con el 43, \u201cEl Raso\u201d, y culmina con el m\u00edtico 1,<\/strong> \u201cBarranco de Aranguren\u201d, punto final antes de la meta.<\/p>\n<p data-mrf-recirculation=\"Links P\u00e1rrafos\" class=\"ue-c-article__paragraph paragraph\"><strong>Entre los singletracks m\u00e1s emblem\u00e1ticos destacan:<\/strong><\/p>\n<ul class=\"ue-c-article__list ue-c-article__ ue-c-article__list--unordered\">\n<li><strong>\u201cLa Estampida\u201d <\/strong>(n\u00ba 39, km 10): un sendero hist\u00f3rico de 1,8 km que los vecinos de Arellano utilizaban para acceder a Montejurra y que ha sido recuperado tras a\u00f1os en desuso. Pedregoso, rectil\u00edneo y t\u00e9cnico, supone la tercera gran bajada de Montejurra en la historia de la prueba.<\/li>\n<li><strong>\u201cEl Fuerte\u201d<\/strong> (n\u00ba 22, km 43,7): estrecho, empinado y con pasos complicados, es considerado la \u201cpesadilla\u201d de la Epic. Superarlo con fuerza es casi garant\u00eda de acabar con \u00e9xito la prueba.<\/li>\n<li><strong>\u201cArieta Integral\u201d <\/strong>(n\u00ba 3, km 84,8): uno de los \u00faltimos grandes retos. Combina rampas duras, pasos de piedra y un final r\u00e1pido pero exigente. Aqu\u00ed, a pocos kil\u00f3metros de la meta, las piernas y la cabeza deciden qui\u00e9n llega entero a Ayegui.<\/li>\n<\/ul>\n<p data-mrf-recirculation=\"Links P\u00e1rrafos\" class=\"ue-c-article__paragraph paragraph\">Este a\u00f1o la organizaci\u00f3n a\u00f1ade ocho nuevos singletracks, entre ellos el recuperado \u201cPradillo\u201d (n\u00ba 32, km 20,1), un tramo de 1,1 km con bajadas, subidas explosivas y trazados que exigen precisi\u00f3n total. Tambi\u00e9n regresa \u201cZarralagaiza\u201d (n\u00ba 31, km 22), t\u00e9cnico en su parte central con un descenso pedregoso donde el control de la bici marcar\u00e1 la diferencia.<\/p>\n<p><img decoding=\"async\" width=\"1022\" height=\"1024\" class=\"ue-c-article__image lazyload\" alt=\"Recorrido Tierra Estella Epic.\" loading=\"lazy\" src=\"https:\/\/www.europesays.com\/es\/wp-content\/uploads\/2025\/09\/68dbaef9a1e8c.jpeg\"\/><\/p>\n<p>Recorrido Tierra Estella Epic.Propietario<\/p>\n<p data-mrf-recirculation=\"Links P\u00e1rrafos\" class=\"ue-c-article__paragraph paragraph\">La Tierra Estella Epic volver\u00e1 a ofrecer<strong> retransmisi\u00f3n en streaming en directo, <\/strong>con e-bikes de seguimiento y drones que capturar\u00e1n los puntos m\u00e1s espectaculares del recorrido. Una cobertura que acerca al espectador toda la emoci\u00f3n de la carrera desde la salida hasta la meta.<\/p>\n<p data-mrf-recirculation=\"Links P\u00e1rrafos\" class=\"ue-c-article__paragraph paragraph\">Con las <strong>inscripciones agotadas<\/strong> y un recorrido que combina dureza, espect\u00e1culo y belleza, la Tierra Estella Epic promete volver a ser un \u00e9xito. Un evento que confirma a Tierra Estella como territorio MTB de referencia internacional y que regalar\u00e1 a cada participante una experiencia inolvidable.<\/p>\n","protected":false},"excerpt":{"rendered":"El pr\u00f3ximo s\u00e1bado 4 de octubre, m\u00e1s de 1.200 bikers se dar\u00e1n cita en Ayegui para vivir la&hellip;\n","protected":false},"author":2,"featured_media":148613,"comment_status":"","ping_status":"","sticky":false,"template":"","format":"standard","meta":{"footnotes":""},"categories":[273],"tags":[313,312,168,25,24,23,167],"class_list":{"0":"post-148612","1":"post","2":"type-post","3":"status-publish","4":"format-standard","5":"has-post-thumbnail","7":"category-ciclismo","8":"tag-ciclismo","9":"tag-cycling","10":"tag-deportes","11":"tag-es","12":"tag-espana","13":"tag-spain","14":"tag-sports"},"share_on_mastodon":{"url":"","error":""},"_links":{"self":[{"href":"https:\/\/www.europesays.com\/es\/wp-json\/wp\/v2\/posts\/148612","targetHints":{"allow":["GET"]}}],"collection":[{"href":"https:\/\/www.europesays.com\/es\/wp-json\/wp\/v2\/posts"}],"about":[{"href":"https:\/\/www.europesays.com\/es\/wp-json\/wp\/v2\/types\/post"}],"author":[{"embeddable":true,"href":"https:\/\/www.europesays.com\/es\/wp-json\/wp\/v2\/users\/2"}],"replies":[{"embeddable":true,"href":"https:\/\/www.europesays.com\/es\/wp-json\/wp\/v2\/comments?post=148612"}],"version-history":[{"count":0,"href":"https:\/\/www.europesays.com\/es\/wp-json\/wp\/v2\/posts\/148612\/revisions"}],"wp:featuredmedia":[{"embeddable":true,"href":"https:\/\/www.europesays.com\/es\/wp-json\/wp\/v2\/media\/148613"}],"wp:attachment":[{"href":"https:\/\/www.europesays.com\/es\/wp-json\/wp\/v2\/media?parent=148612"}],"wp:term":[{"taxonomy":"category","embeddable":true,"href":"https:\/\/www.europesays.com\/es\/wp-json\/wp\/v2\/categories?post=148612"},{"taxonomy":"post_tag","embeddable":true,"href":"https:\/\/www.europesays.com\/es\/wp-json\/wp\/v2\/tags?post=148612"}],"curies":[{"name":"wp","href":"https:\/\/api.w.org\/{rel}","templated":true}]}}