{"id":148614,"date":"2025-09-30T13:11:10","date_gmt":"2025-09-30T13:11:10","guid":{"rendered":"https:\/\/www.europesays.com\/es\/148614\/"},"modified":"2025-09-30T13:11:10","modified_gmt":"2025-09-30T13:11:10","slug":"una-imagen-mas-que-mil-palabras","status":"publish","type":"post","link":"https:\/\/www.europesays.com\/es\/148614\/","title":{"rendered":"Una imagen, m\u00e1s que mil palabras"},"content":{"rendered":"<p class=\"paragraph\" id=\"paragraph_1\"><a href=\"https:\/\/www.elespanol.com\/personajes\/ralf_schumacher\/?utm_cmp_rs=linksinline\" rel=\"nofollow noopener\" target=\"_blank\"><strong>Ralf Schumacher<\/strong><\/a>, ex piloto de F\u00f3rmula 1 y hermano del siete veces campe\u00f3n <a href=\"https:\/\/www.elespanol.com\/personajes\/michael_schumacher\/?utm_cmp_rs=linksinline\" rel=\"nofollow noopener\" target=\"_blank\"><strong>Michael Schumacher<\/strong><\/a>, sorprendi\u00f3 recientemente con un gesto sencillo pero profundamente simb\u00f3lico.<\/p>\n<p class=\"paragraph\" id=\"paragraph_2\">Durante una visita al <strong>Ristorante Montana<\/strong>, en Fiorano Modenese, comparti\u00f3 en redes sociales una serie de fotograf\u00edas que r\u00e1pidamente se convirtieron en tema de conversaci\u00f3n en el mundo del motor.<\/p>\n<p class=\"paragraph\" id=\"paragraph_3\">El restaurante es un lugar ic\u00f3nico para la <strong>historia de Ferrari<\/strong>. All\u00ed, <strong>Rossella<\/strong>, su conocida chef, ha recibido durante d\u00e9cadas a ingenieros, pilotos y personalidades de la escuder\u00eda de Maranello.<\/p>\n<p class=\"paragraph\" id=\"paragraph_4\">Fue tambi\u00e9n escenario de <strong>incontables an\u00e9cdotas vividas por Michael Schumacher<\/strong> durante sus a\u00f1os de gloria en la F\u00f3rmula 1 de la mano de la <strong>escuder\u00eda Ferrari<\/strong>.<\/p>\n<p class=\"paragraph\" id=\"paragraph_5\"><strong>Ralf quiso inmortalizar ese momento<\/strong> con una imagen especial: Rossella posando junto a una fotograf\u00eda en la que Michael aparece sonriente, <strong>disfrutando de un plato de pasta<\/strong>.<\/p>\n<p><img loading=\"lazy\" decoding=\"async\" alt=\"Mick Schumacher, durante su \u00e9poca como piloto de la academia de Ferrari\" height=\"180\" src=\"https:\/\/www.europesays.com\/es\/wp-content\/uploads\/2025\/09\/1003743855551_257427981_320x180.jpg\" width=\"320\" data-lazy-status=\"processed\" data-lazy-info=\"remove loading item 1\"\/><\/p>\n<p class=\"paragraph\" id=\"paragraph_6\">Junto a la publicaci\u00f3n, el alem\u00e1n escribi\u00f3: \u00ab<strong>Primera vez en casa de Rossella<\/strong>. \u00bfQu\u00e9 puedo decir? <strong>Las im\u00e1genes dicen m\u00e1s que mil palabras<\/strong>. Gracias, Rossella.\u00bb<\/p>\n<p class=\"paragraph\" id=\"paragraph_7\">El gesto, aparentemente simple, fue interpretado como una delicada forma de rendir tributo a su hermano mayor.<\/p>\n<p class=\"paragraph\" id=\"paragraph_8\">Una manera de evocar tiempos m\u00e1s felices sin quebrar la f\u00e9rrea intimidad que rodea la vida de Michael desde su accidente.<\/p>\n<p>Emoci\u00f3n contenida<\/p>\n<p class=\"paragraph\" id=\"paragraph_9\">Ralf ha sido siempre muy discreto al hablar de su hermano. Sin embargo, en una entrevista concedida en Alemania ya reconoci\u00f3 la dureza de la nueva realidad familiar.<\/p>\n<p class=\"paragraph\" id=\"paragraph_10\">\u00ab<strong>Michael tuvo mucha suerte en la vida, hasta que lleg\u00f3 aquel accidente<\/strong>. Afortunadamente, la medicina moderna hizo posible muchas cosas. Pero, pese a ello, nada es como antes.\u00bb<\/p>\n<p class=\"paragraph\" id=\"paragraph_11\">Sus palabras resumen a la perfecci\u00f3n el sentimiento de millones de aficionados. La <strong>figura de Schumacher contin\u00faa siendo intocable<\/strong>, un s\u00edmbolo que trasciende la F\u00f3rmula 1.<\/p>\n<p class=\"paragraph\" id=\"paragraph_12\">Y, aun as\u00ed, <strong>su ausencia p\u00fablica se percibe con una mezcla de nostalgia y dolor compartido<\/strong> con toda la familia y seres queridos de la leyenda del automovilismo.<\/p>\n<p><img decoding=\"async\" alt=\"Ralf Schumacher, expiloto de F\u00f3rmula 1\" height=\"180\" loading=\"lazy\" width=\"320\" data-lazy-status=\"processed\" id=\"bac46ca1ce\" src=\"https:\/\/www.elespanol.com\/deportes\/motor\/f1\/20250930\/ralf-hermano-michael-schumacher-confesion-leyenda-f1-imagen-mil-palabras\/[\" https:=\"\" data-lazy-info=\"changed src\"\/><\/p>\n<p>El muro de silencio<\/p>\n<p class=\"paragraph\" id=\"paragraph_13\">Desde el <strong>29 de diciembre de 2013<\/strong>, cuando <a href=\"https:\/\/www.elespanol.com\/deportes\/motor\/f1\/20231229\/michael-schumacher-anos-accidente-sabe-salud-causas-tragedia\/818668567_0.html?utm_cmp_rs=linksinline\" rel=\"nofollow noopener\" target=\"_blank\"><strong>Michael Schumacher sufri\u00f3 el grave accidente de esqu\u00ed<\/strong><\/a> en M\u00e9ribel, los detalles sobre su estado de salud han permanecido bajo un hermetismo absoluto.<\/p>\n<p class=\"paragraph\" id=\"paragraph_14\">Su esposa Corinna ha liderado esa estrategia de protecci\u00f3n, convencida de que preservar la intimidad es la mejor forma de cuidar al heptacampe\u00f3n.<\/p>\n<p class=\"paragraph\" id=\"paragraph_15\">En septiembre de 2021, con motivo del estreno del <a href=\"https:\/\/www.elespanol.com\/deportes\/motor\/20210915\/michael-schumacher-documental-netflix-caras\/612189934_0.html?utm_cmp_rs=linksinline\" rel=\"nofollow noopener\" target=\"_blank\"><strong>documental de Netflix \u00abSchumacher\u00bb<\/strong><\/a>, la familia ofreci\u00f3 uno de los pocos testimonios directos.<\/p>\n<p class=\"paragraph\" id=\"paragraph_16\">Corinna confes\u00f3 entonces: \u00ab<strong>\u00c9l todav\u00eda me demuestra lo fuerte que es cada d\u00eda<\/strong>. Tratamos de seguir adelante como familia. Vivimos juntos, hacemos terapia y hacemos todo lo posible para que se encuentre c\u00f3modo.\u00bb<\/p>\n<p class=\"paragraph\" id=\"paragraph_17\">La prensa internacional ha revelado en distintas ocasiones que <strong>Michael est\u00e1 bajo la supervisi\u00f3n de un equipo m\u00e9dico especializado<\/strong> que ronda las 15 personas.<\/p>\n<p class=\"paragraph\" id=\"paragraph_18\">Seg\u00fan el diario alem\u00e1n Bild, los <strong>gastos semanales en cuidados alcanzar\u00edan los 120.000 d\u00f3lares<\/strong>, una cifra que refleja la magnitud del esfuerzo por garantizar la mejor calidad de vida posible.<\/p>\n<p class=\"paragraph\" id=\"paragraph_19\">A lo largo de los a\u00f1os, solo un <a href=\"https:\/\/www.elespanol.com\/deportes\/motor\/f1\/20250610\/personas-autorizadas-visitar-michael-schumacher-unicas-rompen-circulo-familiar\/1003743796975_0.html?utm_cmp_rs=linksinline\" rel=\"nofollow noopener\" target=\"_blank\"><strong>reducido c\u00edrculo de amigos ha tenido acceso a visitarlo<\/strong><\/a>. Entre ellos, el ex presidente de Ferrari, <strong>Jean Todt<\/strong>, o el ingeniero <strong>Ross Brawn<\/strong>.<\/p>\n<p class=\"paragraph\" id=\"paragraph_20\">La propia familia nunca ha confirmado oficialmente estos encuentros, reforzando la idea de que la privacidad es absoluta.<\/p>\n<p><img decoding=\"async\" alt=\"Michael Schumacher\" height=\"180\" loading=\"lazy\" width=\"320\" data-lazy-status=\"processed\" id=\"8d70cc741c\" src=\"https:\/\/www.elespanol.com\/deportes\/motor\/f1\/20250930\/ralf-hermano-michael-schumacher-confesion-leyenda-f1-imagen-mil-palabras\/[\" https:=\"\" data-lazy-info=\"changed src\"\/><\/p>\n<p>\u00daltimas noticias sobre Michael<\/p>\n<p class=\"paragraph\" id=\"paragraph_21\">En abril de 2024, medios brit\u00e1nicos informaron de un hecho extraordinario: <a href=\"https:\/\/www.elespanol.com\/deportes\/motor\/f1\/20250415\/michael-schumacher-viajo-helicoptero-importante-evento-familiar-abandono-tiempo-vida-mallorca\/1003743716160_0.html?utm_cmp_rs=linksinline\" rel=\"nofollow noopener\" target=\"_blank\"><strong>Michael viaj\u00f3 a Suiza para reunirse con su hija Gina-Maria<\/strong><\/a> antes del <a href=\"https:\/\/www.elespanol.com\/deportes\/motor\/f1\/20250405\/felicidad-familia-michael-schumacher-noticia-esperada-ultimos-meses\/1003743700895_0.html?utm_cmp_rs=linksinline\" rel=\"nofollow noopener\" target=\"_blank\">nacimiento de su primera nieta, Millie<\/a>.<\/p>\n<p class=\"paragraph\" id=\"paragraph_22\">Aunque no existen im\u00e1genes ni confirmaciones oficiales, la noticia encendi\u00f3 la ilusi\u00f3n de los aficionados, que vieron en esa supuesta salida una se\u00f1al esperanzadora.<\/p>\n<p class=\"paragraph\" id=\"paragraph_23\"><strong>Michael, hoy con 56 a\u00f1os<\/strong>, sigue siendo considerado uno de los mayores iconos de la historia del automovilismo.<\/p>\n<p><img decoding=\"async\" alt=\"Michael Schumacher y su esposa Corinna\" data-imgm=\"true\" height=\"180\" loading=\"lazy\"  src=\"https:\/\/www.europesays.com\/es\/wp-content\/uploads\/2025\/09\/actualidad_444216624_137827254_1024x576.jpg\"  width=\"320\"\/><\/p>\n<p>                                                            Michael Schumacher y su esposa Corinna<\/p>\n<p>                    Reuters<\/p>\n<p class=\"paragraph\" id=\"paragraph_24\">Sus siete t\u00edtulos mundiales lo colocan en la cima junto a Lewis Hamilton, mientras su legado en Ferrari contin\u00faa marcando a la escuder\u00eda italiana.<\/p>\n<p class=\"paragraph\" id=\"paragraph_25\">Su hijo <a href=\"https:\/\/www.elespanol.com\/deportes\/motor\/f1\/20250206\/mick-hijo-michael-schumacher-no-pierde-esperanza-sueno-sigue-vivo\/922158214_0.html?utm_cmp_rs=linksinline\" rel=\"nofollow noopener\" target=\"_blank\">Mick, de 26 a\u00f1os, ha tomado el testigo familiar<\/a> con su carrera deportiva pese a estar muy lejos de la sombra de lo que fue su padre.<\/p>\n<p class=\"paragraph\" id=\"paragraph_26\">Tras <a href=\"https:\/\/www.elespanol.com\/deportes\/motor\/f1\/20241231\/jefe-mercedes-despacha-gusto-mick-hijo-michael-schumacher-no-sentido-ahora-quiere\/912908891_0.html?utm_cmp_rs=linksinline\" rel=\"nofollow noopener\" target=\"_blank\">competir en la F1 con <strong>Haas<\/strong> y ejercer como piloto reserva en <strong>Mercedes<\/strong> y <strong>McLaren<\/strong><\/a>, actualmente participa en el <strong>Campeonato Mundial de Resistencia (WEC)<\/strong> con <strong>Alpine<\/strong> y prepara un test en <strong>IndyCar<\/strong> que podr\u00eda abrirle una nueva etapa.<\/p>\n<p><img decoding=\"async\" alt=\"Michael Schumacher, durante un Gran Premio de F\u00f3rmula 1\" height=\"180\" loading=\"lazy\" width=\"320\" data-lazy-status=\"processed\" id=\"ea0297a69e\" src=\"https:\/\/www.elespanol.com\/deportes\/motor\/f1\/20250930\/ralf-hermano-michael-schumacher-confesion-leyenda-f1-imagen-mil-palabras\/[\" https:=\"\" data-lazy-info=\"changed src\"\/><\/p>\n<p class=\"paragraph\" id=\"paragraph_27\">M\u00e1s de una d\u00e9cada despu\u00e9s del accidente, la <strong>figura de Michael Schumacher contin\u00faa siendo un s\u00edmbolo de lucha, resiliencia y respeto<\/strong>.<\/p>\n<p class=\"paragraph\" id=\"paragraph_28\">El silencio que lo rodea, lejos de apagar el inter\u00e9s, ha reforzado su condici\u00f3n de leyenda intocable.<\/p>\n","protected":false},"excerpt":{"rendered":"Ralf Schumacher, ex piloto de F\u00f3rmula 1 y hermano del siete veces campe\u00f3n Michael Schumacher, sorprendi\u00f3 recientemente con&hellip;\n","protected":false},"author":2,"featured_media":148615,"comment_status":"","ping_status":"","sticky":false,"template":"","format":"standard","meta":{"footnotes":""},"categories":[270],"tags":[168,25,2045,24,306,271,272,14598,2039,23,167],"class_list":{"0":"post-148614","1":"post","2":"type-post","3":"status-publish","4":"format-standard","5":"has-post-thumbnail","7":"category-formula-1","8":"tag-deportes","9":"tag-es","10":"tag-escuderia-ferrari","11":"tag-espana","12":"tag-f1","13":"tag-formula-1","14":"tag-formula1","15":"tag-michael-schumacher","16":"tag-mundial-de-formula-1","17":"tag-spain","18":"tag-sports"},"share_on_mastodon":{"url":"","error":""},"_links":{"self":[{"href":"https:\/\/www.europesays.com\/es\/wp-json\/wp\/v2\/posts\/148614","targetHints":{"allow":["GET"]}}],"collection":[{"href":"https:\/\/www.europesays.com\/es\/wp-json\/wp\/v2\/posts"}],"about":[{"href":"https:\/\/www.europesays.com\/es\/wp-json\/wp\/v2\/types\/post"}],"author":[{"embeddable":true,"href":"https:\/\/www.europesays.com\/es\/wp-json\/wp\/v2\/users\/2"}],"replies":[{"embeddable":true,"href":"https:\/\/www.europesays.com\/es\/wp-json\/wp\/v2\/comments?post=148614"}],"version-history":[{"count":0,"href":"https:\/\/www.europesays.com\/es\/wp-json\/wp\/v2\/posts\/148614\/revisions"}],"wp:featuredmedia":[{"embeddable":true,"href":"https:\/\/www.europesays.com\/es\/wp-json\/wp\/v2\/media\/148615"}],"wp:attachment":[{"href":"https:\/\/www.europesays.com\/es\/wp-json\/wp\/v2\/media?parent=148614"}],"wp:term":[{"taxonomy":"category","embeddable":true,"href":"https:\/\/www.europesays.com\/es\/wp-json\/wp\/v2\/categories?post=148614"},{"taxonomy":"post_tag","embeddable":true,"href":"https:\/\/www.europesays.com\/es\/wp-json\/wp\/v2\/tags?post=148614"}],"curies":[{"name":"wp","href":"https:\/\/api.w.org\/{rel}","templated":true}]}}