{"id":148616,"date":"2025-09-30T13:12:08","date_gmt":"2025-09-30T13:12:08","guid":{"rendered":"https:\/\/www.europesays.com\/es\/148616\/"},"modified":"2025-09-30T13:12:08","modified_gmt":"2025-09-30T13:12:08","slug":"el-jugador-que-podria-cambiar-el-futuro-de-los-bulls","status":"publish","type":"post","link":"https:\/\/www.europesays.com\/es\/148616\/","title":{"rendered":"El jugador que podr\u00eda cambiar el futuro de los Bulls"},"content":{"rendered":"<p>Los <strong>Chicago Bulls<\/strong> han comenzado a delinear su futuro en el per\u00edmetro. <strong>Josh Giddey<\/strong> firm\u00f3 un contrato por cuatro a\u00f1os y 100 millones de d\u00f3lares, <strong>Matas Buzelis<\/strong> apunta a dar un salto en su segunda temporada y <strong>Coby White<\/strong> encara su \u00faltimo a\u00f1o de v\u00ednculo con mucho por demostrar.<\/p>\n<p>Sin embargo, la gran inc\u00f3gnita est\u00e1 en la zona interior, y es all\u00ed donde aparece un nombre que genera ilusi\u00f3n: <strong>Walker Kessler <\/strong>del <strong>Utah Jazz<\/strong>, quien a sus 24 a\u00f1os se perfila como objetivo de lujo para Chicago de cara a la agencia libre restringida de 2026.<\/p>\n<p><a target=\"_blank\" href=\"https:\/\/sn-now.com\/WhatsApp\" rel=\"nofollow noopener\">Sigue el canal de WhatsApp de The Sporting News<\/a>Por qu\u00e9 Kessler encaja en Chicago<\/p>\n<p>Con casi siete pies de estatura y una envergadura de 2.29 metros, Kessler ya tiene el perfil de un ancla defensiva. En tres temporadas promedia 2.4 tapones en 196 partidos, adem\u00e1s de aportar <strong>11.1 puntos<\/strong>, <strong>12.2 rebotes<\/strong> y <strong>2.4 tapones<\/strong> en 58 partidos el a\u00f1o pasado, n\u00fameros que lo colocan entre los mejores protectores del aro j\u00f3venes de la liga.<\/p>\n<p>Para los Bulls, la necesidad es clara. Con Giddey organizando la ofensiva, White aportando puntos y Buzelis sumando talla y versatilidad en el per\u00edmetro, un jugador como Kessler completar\u00eda la ecuaci\u00f3n como reboteador y guardi\u00e1n del aro. <strong>Su presencia dar\u00eda equilibrio natural al n\u00facleo en ambos costados de la cancha<\/strong>.<\/p>\n<blockquote class=\"twitter-tweet\">\n<p dir=\"ltr\" lang=\"en\">One thing Walker Kessler doesn&#8217;t get a lot of credit for is his constant activity and movement on the offensive end<\/p>\n<p>He&#8217;s always looking to cut, roll, set a screen, or just move his positioning to keep the defense honest <a target=\"_blank\" href=\"https:\/\/t.co\/3BTnFOHq4J\" rel=\"nofollow\">pic.twitter.com\/3BTnFOHq4J<\/a><\/p>\n<p>\u2014 Jazz Lead (@JazzLead) <a target=\"_blank\" href=\"https:\/\/twitter.com\/JazzLead\/status\/1969899444209652074?ref_src=twsrc%5Etfw\" rel=\"nofollow noopener\">September 21, 2025<\/a><\/p><\/blockquote>\n<p>El dilema Vucevic<\/p>\n<p><strong>Nikola Vucevic<\/strong> ha sido confiable, pero con casi 35 a\u00f1os ya no representa una soluci\u00f3n a largo plazo y su salida de Chicago parece cercana. <strong>Zach Collins<\/strong> funciona mejor como suplente, mientras que j\u00f3venes como <strong>Jalen Smith<\/strong> y <strong>Lachlan Olbrich<\/strong> se proyectan como piezas de rotaci\u00f3n m\u00e1s que como titulares fijos.<\/p>\n<p><strong>Kessler elevar\u00eda inmediatamente el techo de la franquicia<\/strong>. Aunque todav\u00eda no es un producto terminado en ataque, su capacidad para proteger la pintura y dominar en los tableros liberar\u00eda a los jugadores exteriores para potenciar sus virtudes.<\/p>\n<p>El factor tiempo juega a favor<\/p>\n<p>La clave es que <a target=\"_blank\" href=\"https:\/\/x.com\/TheDunkCentral\/status\/1972697148618592495\" rel=\"nofollow\">Utah y Kessler no lograron acordar una extensi\u00f3n de contrato de novato<\/a>, lo que lo llevar\u00e1 a la agencia libre restringida en 2026. Justo entonces los Bulls proyectan tener m\u00e1s espacio salarial que cualquier otro equipo. Eso les dar\u00eda margen para tentar al Jazz y ponerlos en una posici\u00f3n inc\u00f3moda.<\/p>\n<p>Tras haber atravesado una negociaci\u00f3n dif\u00edcil con Giddey este verano, la gerencia sabe lo complicadas que pueden ser estas instancias. La diferencia es que ahora ellos tendr\u00edan la ventaja.<\/p>\n<p>Por ahora, Kessler sigue en Utah, pero su futuro est\u00e1 abierto. Si llega al mercado el pr\u00f3ximo verano, Chicago tendr\u00eda la necesidad, los recursos y el espacio salarial para lanzarse por \u00e9l. Con un n\u00facleo joven en desarrollo y un hueco evidente en la pintura, su fichaje podr\u00eda marcar un antes y un despu\u00e9s en la direcci\u00f3n de la franquicia.<\/p>\n<p>M\u00e1s noticias de NBA<\/p>\n<p>                        <script async src=\"https:\/\/platform.twitter.com\/widgets.js\" charset=\"utf-8\"><\/script><\/p>\n","protected":false},"excerpt":{"rendered":"Los Chicago Bulls han comenzado a delinear su futuro en el per\u00edmetro. Josh Giddey firm\u00f3 un contrato por&hellip;\n","protected":false},"author":2,"featured_media":148617,"comment_status":"","ping_status":"","sticky":false,"template":"","format":"standard","meta":{"footnotes":""},"categories":[269],"tags":[299,298,168,25,24,23,167],"class_list":{"0":"post-148616","1":"post","2":"type-post","3":"status-publish","4":"format-standard","5":"has-post-thumbnail","7":"category-baloncesto","8":"tag-baloncesto","9":"tag-basketball","10":"tag-deportes","11":"tag-es","12":"tag-espana","13":"tag-spain","14":"tag-sports"},"share_on_mastodon":{"url":"","error":""},"_links":{"self":[{"href":"https:\/\/www.europesays.com\/es\/wp-json\/wp\/v2\/posts\/148616","targetHints":{"allow":["GET"]}}],"collection":[{"href":"https:\/\/www.europesays.com\/es\/wp-json\/wp\/v2\/posts"}],"about":[{"href":"https:\/\/www.europesays.com\/es\/wp-json\/wp\/v2\/types\/post"}],"author":[{"embeddable":true,"href":"https:\/\/www.europesays.com\/es\/wp-json\/wp\/v2\/users\/2"}],"replies":[{"embeddable":true,"href":"https:\/\/www.europesays.com\/es\/wp-json\/wp\/v2\/comments?post=148616"}],"version-history":[{"count":0,"href":"https:\/\/www.europesays.com\/es\/wp-json\/wp\/v2\/posts\/148616\/revisions"}],"wp:featuredmedia":[{"embeddable":true,"href":"https:\/\/www.europesays.com\/es\/wp-json\/wp\/v2\/media\/148617"}],"wp:attachment":[{"href":"https:\/\/www.europesays.com\/es\/wp-json\/wp\/v2\/media?parent=148616"}],"wp:term":[{"taxonomy":"category","embeddable":true,"href":"https:\/\/www.europesays.com\/es\/wp-json\/wp\/v2\/categories?post=148616"},{"taxonomy":"post_tag","embeddable":true,"href":"https:\/\/www.europesays.com\/es\/wp-json\/wp\/v2\/tags?post=148616"}],"curies":[{"name":"wp","href":"https:\/\/api.w.org\/{rel}","templated":true}]}}