{"id":148618,"date":"2025-09-30T13:13:08","date_gmt":"2025-09-30T13:13:08","guid":{"rendered":"https:\/\/www.europesays.com\/es\/148618\/"},"modified":"2025-09-30T13:13:08","modified_gmt":"2025-09-30T13:13:08","slug":"atletico-de-madrid-savic-si-simeone-te-llama-solo-puedes-decir-si-su-secreto-trabajo-y-lucha","status":"publish","type":"post","link":"https:\/\/www.europesays.com\/es\/148618\/","title":{"rendered":"Atl\u00e9tico de Madrid | Savic: \u00abSi Simeone te llama, s\u00f3lo puedes decir &#8216;s\u00ed&#8217;; \u00bfSu secreto? Trabajo y lucha\u00bb"},"content":{"rendered":"<p data-gtm-element-container=\"modulo-texto-link\" class=\"paragraph\"><strong>Stefan Savic<\/strong> es uno de los jugadores m\u00e1s importantes de los \u00faltimos 15 a\u00f1os en el <strong>Atl\u00e9tico de Madrid.<\/strong> El montenegrino, que actualmente juega para el <strong>Trabzonspor<\/strong>, ve una gran similitud entre su club actual y el <strong>Atl\u00e9tico de Madrid<\/strong>, donde jug\u00f3 al m\u00e1s alto nivel durante a\u00f1os.<\/p>\n<p data-gtm-element-container=\"modulo-texto-link\" class=\"paragraph\">En una entrevista a la revista oficial de su club, destac\u00f3 el \u201cesp\u00edritu\u201d del <strong>Trabzonspor<\/strong>, que es similar al del <strong>Atl\u00e9tico de Madrid,<\/strong> especialmente en la lucha contra los clubes establecidos como <strong>Fenerbahce<\/strong>, <strong>Galatasaray <\/strong>y <strong>Besiktas<\/strong>.<\/p>\n<p data-gtm-element-container=\"modulo-texto-link\" class=\"paragraph\">\u201cAl evaluar los clubes en los que he jugado, veo al <strong>Trabzonspor <\/strong>m\u00e1s cercano al <strong>Atl\u00e9tico de Madrid<\/strong>. Existen similitudes significativas entre ambos clubes, tanto en historia como en \u00e9xitos. De hecho, esta es una de las razones por las que eleg\u00ed al <strong>Trabzonspor<\/strong>. Durante mi estancia en Espa\u00f1a, form\u00e9 parte de un equipo que compiti\u00f3 contra grandes clubes como el <strong>Real Madrid <\/strong>y el <strong>Barcelona <\/strong>y cosech\u00f3 muchos \u00e9xitos. Aqu\u00ed, el <strong>Trabzonspor<\/strong> ha competido hist\u00f3ricamente contra los grandes clubes de Estambul, el <strong>Galatasaray<\/strong>, el <strong>Be\u015fikta\u015f <\/strong>y el <strong>Fenerbah\u00e7e<\/strong>, representando a Anatolia y ganando campeonatos. Esta es una de las razones clave por las que eleg\u00ed al <strong>Trabzonspor<\/strong>\u201d, expres\u00f3 <strong>Savi\u0107<\/strong>.<\/p>\n<p>        Lee tambi\u00e9n<\/p>\n<p>    Chema G. Fuente<\/p>\n<p>             <img loading=\"lazy\" decoding=\"async\" data-full-src=\"https:\/\/www.mundodeportivo.com\/uploads\/2025\/09\/30\/68dba99c9ade6.jpeg\" alt=\"Vertical\" width=\"334\" height=\"164\" src=\"https:\/\/www.europesays.com\/es\/wp-content\/uploads\/2025\/09\/68dba99c9ade6.r_d.1504-1077.jpeg\" class=\"lazy\"\/><\/p>\n<p data-gtm-element-container=\"modulo-texto-link\" class=\"paragraph\">El defensor de 34 a\u00f1os reflexion\u00f3 sobre su carrera, y subray\u00f3 que no se arrepiente de tomar decisiones, ya que los errores le han ense\u00f1ado y le han convertido en lo que es hoy. \u00abNo me arrepiento de nada en mi vida . Comet\u00ed errores, pero me ense\u00f1aron algo. Incluso si volviera a empezar, no cambiar\u00eda nada, porque son precisamente las experiencias que he vivido las que me han convertido en quien soy hoy. Diferentes ligas, cambios de roles, competencia constante: para <strong>Savic<\/strong>, siempre ha sido un camino donde el compromiso y la voluntad de aprender eran m\u00e1s importantes que las etiquetas\u201d, explic\u00f3.<\/p>\n<p data-gtm-element-container=\"modulo-texto-link\" class=\"paragraph\">Savic<strong> <\/strong>describi\u00f3 su estilo de juego como combativo y enfatiza que defiende la camiseta y a las personas que le importan sin empujar los l\u00edmites. El central mencion\u00f3 el papel formativo de <strong>Diego Simeone <\/strong>en su carrera y la importancia del trabajo duro y el esp\u00edritu de lucha para su \u00e9xito, as\u00ed como el apoyo familiar que lo sostuvo. \u201cCuando <strong>Simeone <\/strong>te llama, tu \u00fanica respuesta es &#8216;s\u00ed&#8217;. El secreto del \u00e9xito con el argentino es simple y crudo: Trabajar y luchar\u201d, coment\u00f3 antes de a\u00f1adir que, como jugador, \u00e9l nunca fue \u201cel que m\u00e1s talento ten\u00eda\u201d, pero s\u00ed \u201cel que m\u00e1s trabaj\u00f3 siempre\u201d.<\/p>\n<p>        Lee tambi\u00e9n<\/p>\n<p>    Javier G. G\u00f3mara<\/p>\n<p>             <img loading=\"lazy\" decoding=\"async\" data-full-src=\"https:\/\/www.mundodeportivo.com\/uploads\/2025\/09\/18\/68cc19f6de761.jpeg\" alt=\"El m\u00e1ximo organismo europeo revisar\u00e1 los incidentes de Anfield y no descarta sanciones al Atl\u00e9tico.\" width=\"334\" height=\"164\" src=\"https:\/\/www.europesays.com\/es\/wp-content\/uploads\/2025\/09\/1759237988_779_68cc19f6de761.jpeg\" class=\"lazy\"\/><\/p>\n<p data-gtm-element-container=\"modulo-texto-link\" class=\"paragraph\">\u201cNo siempre le gusto a los rivales por mi actitud combativa. Pero lucho para proteger mi camiseta y a quienes me acompa\u00f1an. Mi filosof\u00eda: no toco a nadie que me pertenezca. No permito que se da\u00f1e lo que lucho\u201d, afirm\u00f3 el ahora jugador de <strong>Trabzonspor<\/strong>.<\/p>\n<p>SUS DUELOS Y EL \u201815\u2019<\/p>\n<p data-gtm-element-container=\"modulo-texto-link\" class=\"paragraph\"><strong>Savic <\/strong>jug\u00f3 contra casi todos los grandes nombres: <strong>Ronaldo<\/strong>, \u00abextremadamente exigente\u00bb en el \u00e1rea, <strong>Messi<\/strong>, con una \u00abinteligencia de juego diferente\u00bb. Desde Benzema hasta <strong>Neymar <\/strong>y <strong>Lewandowski <\/strong>: \u00abHe aprendido de todos ellos\u00bb. Nunca olvidar\u00e1 la victoria de la <strong>Supercopa de 2018<\/strong> contra el <strong>Real Madrid<\/strong> y la final de la <strong>Champions League <\/strong>de 2016, que perdi\u00f3 en los penaltis: la euforia y el dolor que han moldeado al profesional.<\/p>\n<p>        Lee tambi\u00e9n<\/p>\n<p>    Chema G. Fuente<\/p>\n<p>             <img loading=\"lazy\" decoding=\"async\" data-full-src=\"https:\/\/www.mundodeportivo.com\/uploads\/2025\/09\/29\/68da603fa5232.jpeg\" alt=\"\u00c4lex Baena, futbolista del Atl\u00e9tico de Madrid, en el derbi ante el Real Madrid. Antoine Griezmann le felicita.\" width=\"334\" height=\"164\" src=\"https:\/\/www.europesays.com\/es\/wp-content\/uploads\/2025\/09\/68da603fa5232.r_d.536-374.jpeg\" class=\"lazy\"\/><\/p>\n<p data-gtm-element-container=\"modulo-texto-link\" class=\"paragraph\">Finalmente, explic\u00f3 por qu\u00e9 siempre ha usado el mismo dorsal. \u00abLlevo mucho tiempo usando el 15. Viene de mi admiraci\u00f3n por el 5 de <strong>Alessandro Nesta<\/strong>. El 5 ya lo usaba mi primer equipo, as\u00ed que eleg\u00ed el 15; solo he jugado con \u00e9l desde entonces\u201d, acab\u00f3 diciendo.<\/p>\n","protected":false},"excerpt":{"rendered":"Stefan Savic es uno de los jugadores m\u00e1s importantes de los \u00faltimos 15 a\u00f1os en el Atl\u00e9tico de&hellip;\n","protected":false},"author":2,"featured_media":148619,"comment_status":"","ping_status":"","sticky":false,"template":"","format":"standard","meta":{"footnotes":""},"categories":[268],"tags":[168,25,24,280,282,281,23,167],"class_list":{"0":"post-148618","1":"post","2":"type-post","3":"status-publish","4":"format-standard","5":"has-post-thumbnail","7":"category-futbol","8":"tag-deportes","9":"tag-es","10":"tag-espana","11":"tag-football","12":"tag-futbol","13":"tag-soccer","14":"tag-spain","15":"tag-sports"},"share_on_mastodon":{"url":"","error":""},"_links":{"self":[{"href":"https:\/\/www.europesays.com\/es\/wp-json\/wp\/v2\/posts\/148618","targetHints":{"allow":["GET"]}}],"collection":[{"href":"https:\/\/www.europesays.com\/es\/wp-json\/wp\/v2\/posts"}],"about":[{"href":"https:\/\/www.europesays.com\/es\/wp-json\/wp\/v2\/types\/post"}],"author":[{"embeddable":true,"href":"https:\/\/www.europesays.com\/es\/wp-json\/wp\/v2\/users\/2"}],"replies":[{"embeddable":true,"href":"https:\/\/www.europesays.com\/es\/wp-json\/wp\/v2\/comments?post=148618"}],"version-history":[{"count":0,"href":"https:\/\/www.europesays.com\/es\/wp-json\/wp\/v2\/posts\/148618\/revisions"}],"wp:featuredmedia":[{"embeddable":true,"href":"https:\/\/www.europesays.com\/es\/wp-json\/wp\/v2\/media\/148619"}],"wp:attachment":[{"href":"https:\/\/www.europesays.com\/es\/wp-json\/wp\/v2\/media?parent=148618"}],"wp:term":[{"taxonomy":"category","embeddable":true,"href":"https:\/\/www.europesays.com\/es\/wp-json\/wp\/v2\/categories?post=148618"},{"taxonomy":"post_tag","embeddable":true,"href":"https:\/\/www.europesays.com\/es\/wp-json\/wp\/v2\/tags?post=148618"}],"curies":[{"name":"wp","href":"https:\/\/api.w.org\/{rel}","templated":true}]}}