{"id":148620,"date":"2025-09-30T13:14:08","date_gmt":"2025-09-30T13:14:08","guid":{"rendered":"https:\/\/www.europesays.com\/es\/148620\/"},"modified":"2025-09-30T13:14:08","modified_gmt":"2025-09-30T13:14:08","slug":"el-cumpleanos-de-boris-izaguirre","status":"publish","type":"post","link":"https:\/\/www.europesays.com\/es\/148620\/","title":{"rendered":"el cumplea\u00f1os de Boris Izaguirre"},"content":{"rendered":"\n<p> Entre sus colaboraciones para televisi\u00f3n y diferentes medios escritos, el presentador <a href=\"https:\/\/www.vanitatis.elconfidencial.com\/famosos\/2025-09-29\/60-cumpleanos-nunca-imaginarias-que-boris-izaguirre_4215506\/\" target=\"_self\" rel=\"nofollow noopener\">Boris Izaguirre saca tiempo siempre que puede para reunirse con amigos<\/a>. Y qu\u00e9 mejor motivo que celebrar sus 60 a\u00f1os para juntarse con algunos de los que m\u00e1s quiere, como <strong>Amaia Salamanca y Rosauro Varo<\/strong>, que reaparec\u00edan juntos despu\u00e9s de varios meses, <strong>Ana Bel\u00e9n y V\u00edctor Manuel o Eugenia Mart\u00ednez de Irujo y Narc\u00eds Rebollo<\/strong>, que rara vez se pierden un encuentro festivo.  <\/p>\n<p> Una celebraci\u00f3n redonda para la que todos los invitados llevaron los correspondientes regalos. Y curiosamente, dos de ellos, <strong>V\u00edctor Manuel y \u00c1lex de la Iglesia<\/strong>, coincidieron llevando bolsas de <strong>Taschen<\/strong>, una editorial alemana especializada en libros de arte, dise\u00f1o, fotograf\u00eda, arquitectura. Una se\u00f1al de que le conocen bien. Curiosamente, el director ignoraba que Boris celebrara una cifra tan redonda como los 60, pero all\u00ed estaba dispuesto a celebrarlo.  <\/p>\n<p> La fiesta tuvo lugar en dos escenarios diferentes, uno de ellos la propia <a href=\"https:\/\/www.vanitatis.elconfidencial.com\/estilo\/decoracion\/2021-12-15\/boris-izaguirre-casa-decoracion-estilo-rincones-estilo_3341079\/\" target=\"_self\" rel=\"nofollow noopener\">casa de Boris<\/a>, situada en el barrio de Salamanca. Un lugar al que tambi\u00e9n llegaron flores, m\u00e1s regalos y globos durante buena parte del d\u00eda. Porque muchos no pudieron estar en la celebraci\u00f3n, pero s\u00ed quisieron hacer llegar su <strong>cari\u00f1o al presentador y escritor a trav\u00e9s de estos detalles<\/strong>.  <\/p>\n<p>               \u00c1lex de la Iglesia y Carolina Bang, celebrando el cumplea\u00f1os de Boris Izaguirre. (Gtres)             <\/p>\n<p> Fue una noche protagonizada por las parejas, de muchos tipos, pero todas con algo en com\u00fan: son de esas parejas a las que pocos imaginan separadas. No solo <a href=\"https:\/\/www.vanitatis.elconfidencial.com\/estilo\/moda\/2024-11-18\/ana-belen-nuevo-look-abrigo-clasico-bolso-marca-britanica_4005501\/\" target=\"_self\" rel=\"nofollow noopener\">V\u00edctor Manuel y Ana Bel\u00e9n<\/a>, que llevan m\u00e1s de 50 a\u00f1os juntos, sino tambi\u00e9n <a href=\"https:\/\/www.vanitatis.elconfidencial.com\/famosos\/2025-08-07\/eugenia-martinez-de-irujo-narcis-rebollo-perros-instagram_4187511\/\" target=\"_self\" rel=\"nofollow noopener\">Eugenia Mart\u00ednez de Irujo y Narc\u00eds<\/a>, que se casaron ya hace ocho a\u00f1os y han sido inseparables desde entonces.  <\/p>\n<p> Precisamente, Eugenia protagoniz\u00f3 uno de los grandes momentos de la noche, cuando fue preguntada por la prensa acerca de la intervenci\u00f3n de <strong>Sonia Moldes en el programa &#8216;De Viernes&#8217;<\/strong>. Hablando de su relaci\u00f3n con Lequio, sali\u00f3 su nombre, algo que para la hija de la duquesa de Alba ya no es \u00abninguna sorpresa\u00bb. E insisti\u00f3 en dejar claro la poca importancia que le da a esta pol\u00e9mica: <strong>\u00abMe importa un pito\u00bb.<\/strong>  <\/p>\n<p>               Eugenia Mart\u00ednez de Irujo y Narc\u00eds, llegando al cumplea\u00f1os de Boris Izaguirre. (Gtres)             <\/p>\n<p> Otra pareja m\u00e1s que afianzada, aunque de cuando en cuando no puedan escapar a comentarios sobre una posible crisis es la formada por <a href=\"https:\/\/www.vanitatis.elconfidencial.com\/famosos\/2024-05-21\/amaia-salamanca-hijos-rosauro-varo-novio-crisis_3887206\/\" target=\"_self\" rel=\"nofollow noopener\">Amaia Salamanca y Rosauro Varo<\/a>, que llevaban si dejarse ver juntos desde mayo, cuando asistieron al <strong>\u00faltimo adi\u00f3s de Alfonso de Borb\u00f3n Escasany<\/strong>, primo del rey Juan Carlos y padre de uno de sus m\u00e1s \u00edntimos amigos, Alfonso de Borb\u00f3n y Yordi.  <\/p>\n<p> Las agendas de uno y otro hace que sus apariciones p\u00fablicas suelan ser por separado, ya que, en el caso de \u00e9l, <a href=\"https:\/\/www.vanitatis.elconfidencial.com\/famosos\/2025-09-27\/rosauro-varo-leiva-amistad-inesperada-veranos-amigos-admiracion_4215808\/\" target=\"_self\" rel=\"nofollow noopener\">son sus empresas y sus cargos directivos los que ocupan todo el tiempo de Rosauro Varo<\/a>, mientras que sus diferentes proyectos audiovisuales marcan el d\u00eda a d\u00eda de Amaia Salamanca. El resto del tiempo lo dedican a su <strong>vida familiar y sus tres hijos<\/strong>, por eso no es habitual verles en este tipo de citas sociales.  <\/p>\n<p>                   Amaia Salamanca y Rosauro, llegando al cumplea\u00f1os de Boris Izaguirre. (Gtres)             <\/p>\n<p> Tampoco faltaron otros nombres como <strong>Raquel S\u00e1nchez Silva<\/strong>, gran amiga del presentador desde hace muchos a\u00f1os, despu\u00e9s de haber compartido muchos trabajos en televisi\u00f3n. La extreme\u00f1a fue una de las pocas que fue sin pareja, aunque su relaci\u00f3n con el empresario Mat\u00edas Dumont, padre de sus dos hijos, sigue teniendo muy buena salud, tal y como podemos ver en sus redes sociales.  <\/p>\n<p> Todos ellos disfrutaron de una velada hasta altas horas de la noche, como corresponde a todo lo que organiza Boris Izaguirre, que nunca defrauda. Aunque \u00e9l mismo confesaba horas antes a la prensa que hab\u00eda sido <strong>Rub\u00e9n, su marido, el encargado de la convocatoria<\/strong> y que \u00e9l no sab\u00eda qui\u00e9n acudir\u00eda. As\u00ed que todo fue una grata sorpresa.  <\/p>\n<p> Entre sus colaboraciones para televisi\u00f3n y diferentes medios escritos, el presentador <a href=\"https:\/\/www.vanitatis.elconfidencial.com\/famosos\/2025-09-29\/60-cumpleanos-nunca-imaginarias-que-boris-izaguirre_4215506\/\" target=\"_self\" rel=\"nofollow noopener\">Boris Izaguirre saca tiempo siempre que puede para reunirse con amigos<\/a>. Y qu\u00e9 mejor motivo que celebrar sus 60 a\u00f1os para juntarse con algunos de los que m\u00e1s quiere, como <strong>Amaia Salamanca y Rosauro Varo<\/strong>, que reaparec\u00edan juntos despu\u00e9s de varios meses, <strong>Ana Bel\u00e9n y V\u00edctor Manuel o Eugenia Mart\u00ednez de Irujo y Narc\u00eds Rebollo<\/strong>, que rara vez se pierden un encuentro festivo.  <\/p>\n","protected":false},"excerpt":{"rendered":"Entre sus colaboraciones para televisi\u00f3n y diferentes medios escritos, el presentador Boris Izaguirre saca tiempo siempre que puede&hellip;\n","protected":false},"author":2,"featured_media":148621,"comment_status":"","ping_status":"","sticky":false,"template":"","format":"standard","meta":{"footnotes":""},"categories":[174],"tags":[255,146,147,25,24,256,23],"class_list":{"0":"post-148620","1":"post","2":"type-post","3":"status-publish","4":"format-standard","5":"has-post-thumbnail","7":"category-famosos","8":"tag-celebrities","9":"tag-entertainment","10":"tag-entretenimiento","11":"tag-es","12":"tag-espana","13":"tag-famosos","14":"tag-spain"},"share_on_mastodon":{"url":"","error":""},"_links":{"self":[{"href":"https:\/\/www.europesays.com\/es\/wp-json\/wp\/v2\/posts\/148620","targetHints":{"allow":["GET"]}}],"collection":[{"href":"https:\/\/www.europesays.com\/es\/wp-json\/wp\/v2\/posts"}],"about":[{"href":"https:\/\/www.europesays.com\/es\/wp-json\/wp\/v2\/types\/post"}],"author":[{"embeddable":true,"href":"https:\/\/www.europesays.com\/es\/wp-json\/wp\/v2\/users\/2"}],"replies":[{"embeddable":true,"href":"https:\/\/www.europesays.com\/es\/wp-json\/wp\/v2\/comments?post=148620"}],"version-history":[{"count":0,"href":"https:\/\/www.europesays.com\/es\/wp-json\/wp\/v2\/posts\/148620\/revisions"}],"wp:featuredmedia":[{"embeddable":true,"href":"https:\/\/www.europesays.com\/es\/wp-json\/wp\/v2\/media\/148621"}],"wp:attachment":[{"href":"https:\/\/www.europesays.com\/es\/wp-json\/wp\/v2\/media?parent=148620"}],"wp:term":[{"taxonomy":"category","embeddable":true,"href":"https:\/\/www.europesays.com\/es\/wp-json\/wp\/v2\/categories?post=148620"},{"taxonomy":"post_tag","embeddable":true,"href":"https:\/\/www.europesays.com\/es\/wp-json\/wp\/v2\/tags?post=148620"}],"curies":[{"name":"wp","href":"https:\/\/api.w.org\/{rel}","templated":true}]}}