{"id":148622,"date":"2025-09-30T13:15:14","date_gmt":"2025-09-30T13:15:14","guid":{"rendered":"https:\/\/www.europesays.com\/es\/148622\/"},"modified":"2025-09-30T13:15:14","modified_gmt":"2025-09-30T13:15:14","slug":"el-arte-urbano-sigue-transformando-lemoa-con-un-nuevo-mural-en-arraibi","status":"publish","type":"post","link":"https:\/\/www.europesays.com\/es\/148622\/","title":{"rendered":"El arte urbano sigue transformando Lemoa con un nuevo mural en Arraibi"},"content":{"rendered":"<p>\n        <strong>Unos pies que se sumergen en el agua fresca<\/strong> de los riachuelos que recorren el t\u00e9rmino municipal. Un s\u00edmbolo de naturaleza y vida compartida. Es el mensaje que pretende transmitir el <strong>nuevo mural<\/strong> con el que <a href=\"https:\/\/www.deia.eus\/arratia-nerbioi\/lemoa\/\" title=\"Lemoa\" target=\"_blank\" class=\"link copy\" rel=\"nofollow noopener\">Lemoa<\/a> sigue vistiendo de <strong>arte urbano<\/strong> fachadas, hasta ahora, grises e inertes.\u00a0\n<\/p>\n<p class=\"article-body__text \">\n        Su autora, la <strong>artista Lian<\/strong>, <strong>firma<\/strong> otra de las creaciones que, desde el pasado me de junio, llena de belleza, color e historia el <strong>frontal<\/strong> de uno de los <strong>bloques de viviendas de Lehendakari Agirre<\/strong> con un dise\u00f1o <strong>inspirado en la cueva de Arlanpe.\u00a0<\/strong>\n<\/p>\n<p>            <a href=\"https:\/\/www.deia.eus\/bizkaia\/2025\/06\/08\/grandes-murales-dan-bienvenida-lemoa-9729934.html\" title=\"Dos grandes murales dan la bienvenida a Lemoa desde la rotonda de la calle Lehendakari Agirre\" class=\"new__media\" rel=\"nofollow noopener\" target=\"_blank\"><\/p>\n<p>                <img alt=\"Dos grandes murales dan la bienvenida a Lemoa desde la rotonda de la calle Lehendakari Agirre\" data-src=\"https:\/\/www.europesays.com\/es\/wp-content\/uploads\/2025\/09\/25f09534-a09a-4326-a315-1a18e579ed60_16-9-aspect-ratio_default_0.jpg\" class=\"lozad\"\/><\/p>\n<p>        <\/a><\/p>\n<p>        <a href=\"https:\/\/www.deia.eus\/bizkaia\/2025\/06\/08\/grandes-murales-dan-bienvenida-lemoa-9729934.html\" title=\"Dos grandes murales dan la bienvenida a Lemoa desde la rotonda de la calle Lehendakari Agirre\" class=\"new__headline\" rel=\"nofollow noopener\" target=\"_blank\"><br \/>\n            Dos grandes murales dan la bienvenida a Lemoa desde la rotonda de la calle Lehendakari Agirre<br \/>\n        <\/a><\/p>\n<p class=\"article-body__text \">\n        \u201cAhora damos un paso m\u00e1s en esta apuesta por el arte urbano con un nuevo mural en el barrio de Arraibi\u201d, destaca con satisfacci\u00f3n el Ayuntamiento de Lemoa que ha vuelto a confiar en la destreza de la muralista Lian para hacer realidad una <strong>obra que \u201cinvita a reflexionar sobre la belleza cotidiana\u00bb.<\/strong>\n<\/p>\n<p class=\"article-body__text \">\n        Este nuevo trabajo a gran escala nace de una idea sencilla pero poderosa: <strong>cambiar la percepci\u00f3n de <\/strong><a href=\"https:\/\/www.deia.eus\/arratia-nerbioi\/lemoa\/\" title=\"Lemoa\" target=\"_blank\" class=\"link copy\" rel=\"nofollow noopener\"><strong>Lemoa<\/strong><\/a><strong>.<\/strong> \u201cA menudo se ha calificado al pueblo de \u2018feo\u2019, pero la mirada de la artista propone lo contrario\u201d. Este nuevo mural, asegura el Ayuntamiento de Lemoa, \u201csuma un granito de arena para transformar ese discurso, poniendo en valor lo cercano y cotidiano\u00bb.\n<\/p>\n<p class=\"article-photo__footer\">\n            Imagen completa del mural creado en Arraibi            Ayuntamiento de Lemoa        <\/p>\n<p class=\"article-body__text \">\n        Y lo ha hecho tomando como gu\u00eda y como referencia unas palabras del escritor Oscar Wilde: \u201cDebes encontrarla en la vida y recrearla en el arte\u201d. Lo ha conseguido, adem\u00e1s, con un <strong>dise\u00f1o sencillo<\/strong> ya que la imagen tan solo muestra un pie que se sumerge en las aguas claras y fr\u00edas de los riachuelos que atraviesan el entorno de Lemoa. Un gesto simple que <strong>evoca la frescura de los veranos,<\/strong> la <strong>conexi\u00f3n con la naturaleza<\/strong> y la <strong>memoria compartida<\/strong> de quienes habitan y disfrutan de esta peque\u00f1a localidad arratiana. Es, en definitiva, una invitaci\u00f3n a reconocer lo extraordinario en lo com\u00fan y a redescubrir la belleza que rodea a nuestros pueblos, m\u00e1s all\u00e1 del entorno estrictamente urbano.\n<\/p>\n<p>            <a href=\"https:\/\/www.deia.eus\/bizkaia\/2025\/03\/10\/lemoa-mural-igualdad-campo-futbol-9375347.html\" title=\"Lemoa viste una pared del campo de f\u00fatbol con un mural por la igualdad\" class=\"new__media\" rel=\"nofollow noopener\" target=\"_blank\"><\/p>\n<p>                <img alt=\"Lemoa viste una pared del campo de f\u00fatbol con un mural por la igualdad\" data-src=\"https:\/\/www.europesays.com\/es\/wp-content\/uploads\/2025\/09\/b9d37072-6049-440a-8eb6-398fac5513a9_16-9-aspect-ratio_default_0.jpg\" class=\"lozad\"\/><\/p>\n<p>        <\/a><\/p>\n<p>        <a href=\"https:\/\/www.deia.eus\/bizkaia\/2025\/03\/10\/lemoa-mural-igualdad-campo-futbol-9375347.html\" title=\"Lemoa viste una pared del campo de f\u00fatbol con un mural por la igualdad\" class=\"new__headline\" rel=\"nofollow noopener\" target=\"_blank\"><br \/>\n            Lemoa viste una pared del campo de f\u00fatbol con un mural por la igualdad<br \/>\n        <\/a><\/p>\n<p class=\"article-body__text \">\n        Con este nuevo mural en Arraibi,<strong> Lemoa contin\u00faa construyendo, \u201cfachada a fachada, un museo al aire libre <\/strong>que refuerza la identidad local y reivindica la creatividad como motor de comunidad\u201d, apunta el Consistorio que tambi\u00e9n aprovech\u00f3 la celebraci\u00f3n del <strong>\u00faltimo 8M<\/strong> para inaugurar un <strong>mural <\/strong>que aboga por la igualdad, la diversidad y el respeto en una de las paredes exteriores del <strong>campo de f\u00fatbol.<\/strong><\/p>\n","protected":false},"excerpt":{"rendered":"Unos pies que se sumergen en el agua fresca de los riachuelos que recorren el t\u00e9rmino municipal. Un&hellip;\n","protected":false},"author":2,"featured_media":148623,"comment_status":"","ping_status":"","sticky":false,"template":"","format":"standard","meta":{"footnotes":""},"categories":[173],"tags":[229,233,231,230,232,234,146,147,25,24,45394,1262,23,45393,1436],"class_list":{"0":"post-148622","1":"post","2":"type-post","3":"status-publish","4":"format-standard","5":"has-post-thumbnail","7":"category-arte-y-diseno","8":"tag-arte","9":"tag-arte-y-diseno","10":"tag-arts","11":"tag-arts-and-design","12":"tag-design","13":"tag-diseno","14":"tag-entertainment","15":"tag-entretenimiento","16":"tag-es","17":"tag-espana","18":"tag-lemoa","19":"tag-sigue","20":"tag-spain","21":"tag-transformando","22":"tag-urbano"},"share_on_mastodon":{"url":"","error":""},"_links":{"self":[{"href":"https:\/\/www.europesays.com\/es\/wp-json\/wp\/v2\/posts\/148622","targetHints":{"allow":["GET"]}}],"collection":[{"href":"https:\/\/www.europesays.com\/es\/wp-json\/wp\/v2\/posts"}],"about":[{"href":"https:\/\/www.europesays.com\/es\/wp-json\/wp\/v2\/types\/post"}],"author":[{"embeddable":true,"href":"https:\/\/www.europesays.com\/es\/wp-json\/wp\/v2\/users\/2"}],"replies":[{"embeddable":true,"href":"https:\/\/www.europesays.com\/es\/wp-json\/wp\/v2\/comments?post=148622"}],"version-history":[{"count":0,"href":"https:\/\/www.europesays.com\/es\/wp-json\/wp\/v2\/posts\/148622\/revisions"}],"wp:featuredmedia":[{"embeddable":true,"href":"https:\/\/www.europesays.com\/es\/wp-json\/wp\/v2\/media\/148623"}],"wp:attachment":[{"href":"https:\/\/www.europesays.com\/es\/wp-json\/wp\/v2\/media?parent=148622"}],"wp:term":[{"taxonomy":"category","embeddable":true,"href":"https:\/\/www.europesays.com\/es\/wp-json\/wp\/v2\/categories?post=148622"},{"taxonomy":"post_tag","embeddable":true,"href":"https:\/\/www.europesays.com\/es\/wp-json\/wp\/v2\/tags?post=148622"}],"curies":[{"name":"wp","href":"https:\/\/api.w.org\/{rel}","templated":true}]}}