{"id":148624,"date":"2025-09-30T13:16:07","date_gmt":"2025-09-30T13:16:07","guid":{"rendered":"https:\/\/www.europesays.com\/es\/148624\/"},"modified":"2025-09-30T13:16:07","modified_gmt":"2025-09-30T13:16:07","slug":"libros-la-vendedora-de-sonrisas","status":"publish","type":"post","link":"https:\/\/www.europesays.com\/es\/148624\/","title":{"rendered":"Libros: La vendedora de sonrisas"},"content":{"rendered":"<ul>\n<li><strong>Todos tenemos en nuestras vidas a alguien que nos hace sonre\u00edr con peque\u00f1os detalles que tocan el coraz\u00f3n. Con esta premisa llega el cuento infantil La vendedora de sonrisas, publicado por Editorial Forja. Un entra\u00f1able libro \u00e1lbum ilustrado que invita a descubrir la ternura y la amistad en compa\u00f1\u00eda de los m\u00e1s peque\u00f1os de la casa.<\/strong><\/li>\n<\/ul>\n<p><strong>La vendedora de sonrisas<\/strong> es un hermoso libro escrito por Mariam Escobar e ilustrado por Marie Wanibe, que invita a grandes y chicos a conectarse con la ternura y la bondad. La protagonista, Rhina, es una simp\u00e1tica rinoceronte que cada d\u00eda prepara delicias para sus amigos del bosque. Pero un d\u00eda, algo extra\u00f1o ocurre\u2026 nadie llega a la hora de la comida.<\/p>\n<p>Lo que parece un d\u00eda triste se transforma en una celebraci\u00f3n inesperada, cuando Rhina descubre que sus amigos la han sorprendido con un gesto de cari\u00f1o que le devuelve la sonrisa. Esta historia es una invitaci\u00f3n a reconocer la importancia de los peque\u00f1os detalles y a compartir momentos que nutren el alma.<\/p>\n<p>Con ilustraciones llenas de color y personajes encantadores, <strong>La vendedora de sonrisas<\/strong> es una lectura ideal para antes de dormir, para trabajar las emociones en el aula o simplemente para disfrutar en familia. Una lectura perfecta para reforzar la importancia de la amistad, de la gratitud y, sobre todo, para despertar sonrisas.<\/p>\n<p><strong>Las autoras<\/strong><\/p>\n<p>Mariam Escobar Aedo es docente, mediadora de lectura y activa promotora de la literatura infantil y juvenil a trav\u00e9s del Comit\u00e9 Lector de IBBY Chile. Actualmente cursa un M\u00e1ster en Escritura Creativa. Su trabajo busca acercar a ni\u00f1os y ni\u00f1as a historias que transmitan valores, afecto y sensibilidad, sembrando desde la lectura un espacio de encuentro en familia.<\/p>\n<p>Marie Wanibe es licenciada en Artes en Tama Art University de Tokio. \u00a0Fund\u00f3 el proyecto cultural de kimonos JAPONICA, dedicado a difundir la tradici\u00f3n japonesa en el extranjero. Sus hermosas ilustraciones crean un universo visual que conecta con la imaginaci\u00f3n de los m\u00e1s peque\u00f1os.<\/p>\n<p>El libro ya est\u00e1 disponible en\u00a0<a href=\"http:\/\/email.meddia.io\/c\/eJwUyDsOwyAMANDTwIhsgwMeGLrkHoRPQ5WWKkLN9atMT3olChcoomtEz4ILWmS9R3ZOyGfcKhMGL6FJxuxCbZIaBK97JCAGIUFmRms2wGwhpEVCqLmxcvCupfRk-tBH3Of8KvtQtCpar-sytfQ5zp6ONs5XMvnQZ-yfNpSDm2ea9c5fpH8AAAD__xvmL5s\" rel=\"nofollow noopener\" target=\"_blank\">www.editorialforja.cl<\/a> y pronto estar\u00e1 a la venta en las principales librer\u00edas y plataformas digitales.<\/p>\n","protected":false},"excerpt":{"rendered":"Todos tenemos en nuestras vidas a alguien que nos hace sonre\u00edr con peque\u00f1os detalles que tocan el coraz\u00f3n.&hellip;\n","protected":false},"author":2,"featured_media":148625,"comment_status":"","ping_status":"","sticky":false,"template":"","format":"standard","meta":{"footnotes":""},"categories":[172],"tags":[224,45395,146,147,25,24,225,23],"class_list":{"0":"post-148624","1":"post","2":"type-post","3":"status-publish","4":"format-standard","5":"has-post-thumbnail","7":"category-libros","8":"tag-books","9":"tag-editorial-forja","10":"tag-entertainment","11":"tag-entretenimiento","12":"tag-es","13":"tag-espana","14":"tag-libros","15":"tag-spain"},"share_on_mastodon":{"url":"","error":""},"_links":{"self":[{"href":"https:\/\/www.europesays.com\/es\/wp-json\/wp\/v2\/posts\/148624","targetHints":{"allow":["GET"]}}],"collection":[{"href":"https:\/\/www.europesays.com\/es\/wp-json\/wp\/v2\/posts"}],"about":[{"href":"https:\/\/www.europesays.com\/es\/wp-json\/wp\/v2\/types\/post"}],"author":[{"embeddable":true,"href":"https:\/\/www.europesays.com\/es\/wp-json\/wp\/v2\/users\/2"}],"replies":[{"embeddable":true,"href":"https:\/\/www.europesays.com\/es\/wp-json\/wp\/v2\/comments?post=148624"}],"version-history":[{"count":0,"href":"https:\/\/www.europesays.com\/es\/wp-json\/wp\/v2\/posts\/148624\/revisions"}],"wp:featuredmedia":[{"embeddable":true,"href":"https:\/\/www.europesays.com\/es\/wp-json\/wp\/v2\/media\/148625"}],"wp:attachment":[{"href":"https:\/\/www.europesays.com\/es\/wp-json\/wp\/v2\/media?parent=148624"}],"wp:term":[{"taxonomy":"category","embeddable":true,"href":"https:\/\/www.europesays.com\/es\/wp-json\/wp\/v2\/categories?post=148624"},{"taxonomy":"post_tag","embeddable":true,"href":"https:\/\/www.europesays.com\/es\/wp-json\/wp\/v2\/tags?post=148624"}],"curies":[{"name":"wp","href":"https:\/\/api.w.org\/{rel}","templated":true}]}}