{"id":148626,"date":"2025-09-30T13:17:13","date_gmt":"2025-09-30T13:17:13","guid":{"rendered":"https:\/\/www.europesays.com\/es\/148626\/"},"modified":"2025-09-30T13:17:13","modified_gmt":"2025-09-30T13:17:13","slug":"las-hijas-de-la-criada-basada-en-la-premiada-novela-de-sonsoles-onega-ya-tiene-fecha-de-estreno-en-atresmedia","status":"publish","type":"post","link":"https:\/\/www.europesays.com\/es\/148626\/","title":{"rendered":"&#8216;Las hijas de la criada&#8217;, basada en la premiada novela de Sonsoles \u00d3nega, ya tiene fecha de estreno en Atresmedia"},"content":{"rendered":"<p data-journey-content=\"true\" data-node-id=\"3\" class=\"body-text css-6wxqfj emevuu60\">La periodista <strong data-node-id=\"3.1\">Sonsoles \u00d3nega<\/strong> siempre ha apreciado todas las v\u00edas de expresi\u00f3n y, aunque su carrera como profesional ha discurrido principalmente en televisi\u00f3n, siempre tuvo una pulsi\u00f3n especial por las letras, por lo que en 2004 se anim\u00f3 con un relato corto y, desde 2005, tambi\u00e9n es escritora de novelas, debutando con &#8216;Calle Habana, esquina Obispo&#8217;. Sin embargo, tras casi dos d\u00e9cadas de historias, en 2023 alcanz\u00f3 su mayor \u00e9xito con &#8216;Las hijas de la criada&#8217;, la novela que le permiti\u00f3 <strong data-node-id=\"3.3\"><a href=\"https:\/\/www.diezminutos.es\/famosos-corazon\/famosos-espanoles\/a45542889\/sonsoles-onega-premio-planeta-libro-las-hijas-de-la-criada\/\" target=\"_blank\" data-vars-ga-outbound-link=\"https:\/\/www.diezminutos.es\/famosos-corazon\/famosos-espanoles\/a45542889\/sonsoles-onega-premio-planeta-libro-las-hijas-de-la-criada\/\" data-vars-ga-ux-element=\"Hyperlink\" data-vars-ga-call-to-action=\" su novela ganadora del Premio Planeta 2023\" data-node-id=\"3.3.0\" data-mrf-link=\"https:\/\/www.diezminutos.es\/famosos-corazon\/famosos-espanoles\/a45542889\/sonsoles-onega-premio-planeta-libro-las-hijas-de-la-criada\/\" class=\"body-link css-177bzfx emevuu60\" rel=\"nofollow noopener\">ganar el Premio Planeta<\/a><\/strong>. Desde entonces, la historia de In\u00e9s y Renata ha despertado mucho inter\u00e9s y la mejor noticia lleg\u00f3 el pasado 2024, cuando Atresmedia confirm\u00f3 la producci\u00f3n de una serie basada en este apasionante recorrido por Galicia y Cuba, de forma simult\u00e1nea, a principios de siglo. Ahora, por fin, <strong data-node-id=\"3.5\"><a href=\"https:\/\/www.diezminutos.es\/teleprograma\/series-tv\/a63864534\/las-hijas-de-la-criada-sonsoles-onega-serie-reparto-primera-imagen\/\" target=\"_blank\" data-vars-ga-outbound-link=\"https:\/\/www.diezminutos.es\/teleprograma\/series-tv\/a63864534\/las-hijas-de-la-criada-sonsoles-onega-serie-reparto-primera-imagen\/\" data-vars-ga-ux-element=\"Hyperlink\" data-vars-ga-call-to-action=\"&#039;Las hijas de la criada&#039;\" data-node-id=\"3.5.0\" class=\"body-link css-177bzfx emevuu60\" rel=\"nofollow noopener\">&#8216;Las hijas de la criada&#8217;<\/a> est\u00e1 lista para que todos los espectadores y los lectores de la novela original puedan disfrutarla en pantalla <\/strong>y, efectivamente, como <a href=\"https:\/\/www.diezminutos.es\/teleprograma\/series-tv\/a65977212\/las-hijas-de-la-criada-serie-sonsoles-onega-fecha-estreno\/\" target=\"_blank\" data-vars-ga-outbound-link=\"https:\/\/www.diezminutos.es\/teleprograma\/series-tv\/a65977212\/las-hijas-de-la-criada-serie-sonsoles-onega-fecha-estreno\/\" data-vars-ga-ux-element=\"Hyperlink\" data-vars-ga-call-to-action=\"la propia Sonsoles \u00d3nega adelant\u00f3, llegar\u00eda este oto\u00f1o\" data-node-id=\"3.7\" class=\"body-link css-177bzfx emevuu60\" rel=\"nofollow noopener\">la propia Sonsoles \u00d3nega adelant\u00f3, llegar\u00eda este oto\u00f1o<\/a>. <strong data-node-id=\"3.9\">Os contamos cu\u00e1ndo y d\u00f3nde podr\u00e9is ver el estreno y todos los cap\u00edtulos de &#8216;Las hijas de la criada&#8217;.<\/strong><\/p>\n<p><img draggable=\"true\" alt=\"veronica sanchez y carlota baro en 'las hijas de la criada'\" title=\"Veronica Sanchez y Carlota Baro en 'Las hijas de la criada'\" loading=\"lazy\" width=\"4810\" height=\"3000\" decoding=\"async\" data-nimg=\"1\" style=\"color:transparent;width:100%;height:auto;\"   src=\"https:\/\/www.europesays.com\/es\/wp-content\/uploads\/2025\/09\/las-hijas-de-la-criada-veronica-sanchez-y-carlota-baro-68dbb4cea3ab1.jpg\" class=\"css-0 e1g79fud0\"\/><\/p>\n<p>Atresmedia<\/p>\n<p>&#8216;Las hijas de la criada&#8217;, la serie de \u00e9poca m\u00e1s esperada basada en la premiada novela de Sonsoles \u00d3nega ya tiene fecha de estreno en Atresmedia<\/p>\n<p data-journey-content=\"true\" data-node-id=\"9\" class=\"css-6wxqfj emevuu60\"><strong data-node-id=\"9.0\">Se present\u00f3 a principios de septiembre en el FesTVal de Vitoria<\/strong> y, a ra\u00edz de aquello, el grupo medi\u00e1tico de San Sebasti\u00e1n de los Reyes y la presentadora de  <a href=\"https:\/\/www.diezminutos.es\/y-ahora-sonsoles\/\" target=\"_blank\" data-vars-ga-outbound-link=\"https:\/\/www.diezminutos.es\/y-ahora-sonsoles\/\" data-vars-ga-ux-element=\"Hyperlink\" data-vars-ga-call-to-action=\"&#039;Y Ahora Sonsoles&#039;\" data-node-id=\"9.2\" data-mrf-link=\"https:\/\/www.diezminutos.es\/y-ahora-sonsoles\/\" data-mrf-recirculation-id=\"[Article] In Text Link_4\" class=\"body-link css-177bzfx emevuu60\" rel=\"nofollow noopener\">&#8216;Y ahora Sonsoles&#8217;<\/a> pudieron adelantar que <strong data-node-id=\"9.4\">&#8216;Las hijas de la criada&#8217;, <\/strong><strong data-node-id=\"9.5\">la serie que adapta la novela premiada de \u00d3nega, llegar\u00eda a nuestras pantallas en noviembre. <\/strong><\/p>\n<p><img draggable=\"true\" alt=\"equipo de 'las hijas de la criada' en la presentacion en el festval de vitoria 2025\" title=\"Equipo de 'Las hijas de la criada' en la presentacion en el FesTVal de Vitoria 2025\" loading=\"lazy\" width=\"4796\" height=\"3000\" decoding=\"async\" data-nimg=\"1\" style=\"color:transparent;width:100%;height:auto;\"   src=\"https:\/\/www.europesays.com\/es\/wp-content\/uploads\/2025\/09\/las-hijas-de-la-criada-festval-2025-68b94fee7a195.jpg\" class=\"css-0 e1g79fud0\"\/><\/p>\n<p>Atresmedia<\/p>\n<p data-journey-content=\"true\" data-node-id=\"14\" class=\"css-6wxqfj emevuu60\">Pero a\u00fan quedaba por concretar bien esa fecha de estreno y, por fin, tenemos confirmaci\u00f3n. Atresmedia ha decidido anunciar que<strong data-node-id=\"14.1\"> &#8216;Las hijas de la criada&#8217; llegar\u00e1 el pr\u00f3ximo 30 de noviembre y ser\u00e1 en exclusiva en Atresplayer,<\/strong> la plataforma de streaming del grupo. De este modo, como otros \u00e9xitos que la preceden, la ficci\u00f3n basada en el best seller de Sonsoles \u00d3nega contin\u00faa con la estrategia de Atresmedia de premiar la fidelidad de los suscriptores de su proveedor de estrenos a la carta, como ya hizo con <a href=\"https:\/\/www.diezminutos.es\/teleprograma\/series-tv\/a45774016\/cristo-y-rey-serie-estreno-en-abierto-antena-3\/\" target=\"_blank\" data-vars-ga-outbound-link=\"https:\/\/www.diezminutos.es\/teleprograma\/series-tv\/a45774016\/cristo-y-rey-serie-estreno-en-abierto-antena-3\/\" data-vars-ga-ux-element=\"Hyperlink\" data-vars-ga-call-to-action=\"&#039;Cristo y Rey&#039;\" data-node-id=\"14.3\" data-mrf-link=\"https:\/\/www.diezminutos.es\/teleprograma\/series-tv\/a45774016\/cristo-y-rey-serie-estreno-en-abierto-antena-3\/\" class=\"body-link css-177bzfx emevuu60\" rel=\"nofollow noopener\">&#8216;Cristo y Rey&#8217;<\/a>, <a href=\"https:\/\/www.diezminutos.es\/teleprograma\/series-tv\/a64250928\/perdiendo-el-juicio-antena-3-estreno-reparto-manu-baqueiro-carol-rovira-amar-es-para-siempre-luimelia\/\" target=\"_blank\" data-vars-ga-outbound-link=\"https:\/\/www.diezminutos.es\/teleprograma\/series-tv\/a64250928\/perdiendo-el-juicio-antena-3-estreno-reparto-manu-baqueiro-carol-rovira-amar-es-para-siempre-luimelia\/\" data-vars-ga-ux-element=\"Hyperlink\" data-vars-ga-call-to-action=\"&#039;Perdiendo el juicio&#039;\" data-node-id=\"14.5\" data-mrf-link=\"https:\/\/www.diezminutos.es\/teleprograma\/series-tv\/a64250928\/perdiendo-el-juicio-antena-3-estreno-reparto-manu-baqueiro-carol-rovira-amar-es-para-siempre-luimelia\/\" class=\"body-link css-177bzfx emevuu60\" rel=\"nofollow noopener\">&#8216;Perdiendo el juicio&#8217;<\/a>, <a href=\"https:\/\/www.diezminutos.es\/teleprograma\/series-tv\/a35251920\/el-nudo-serie-antena-3-estreno-en-abierto-capitulos\/\" target=\"_blank\" data-vars-ga-outbound-link=\"https:\/\/www.diezminutos.es\/teleprograma\/series-tv\/a35251920\/el-nudo-serie-antena-3-estreno-en-abierto-capitulos\/\" data-vars-ga-ux-element=\"Hyperlink\" data-vars-ga-call-to-action=\"&#039;El nudo&#039;\" data-node-id=\"14.7\" data-mrf-link=\"https:\/\/www.diezminutos.es\/teleprograma\/series-tv\/a35251920\/el-nudo-serie-antena-3-estreno-en-abierto-capitulos\/\" class=\"body-link css-177bzfx emevuu60\" rel=\"nofollow noopener\">&#8216;El nudo&#8217;<\/a> o <a href=\"https:\/\/www.diezminutos.es\/teleprograma\/series-tv\/a43003973\/beguinas-serie-donde-ver-antena-3\/\" target=\"_blank\" data-vars-ga-outbound-link=\"https:\/\/www.diezminutos.es\/teleprograma\/series-tv\/a43003973\/beguinas-serie-donde-ver-antena-3\/\" data-vars-ga-ux-element=\"Hyperlink\" data-vars-ga-call-to-action=\"&#039;Beguinas&#039;\" data-node-id=\"14.9\" data-mrf-link=\"https:\/\/www.diezminutos.es\/teleprograma\/series-tv\/a43003973\/beguinas-serie-donde-ver-antena-3\/\" class=\"body-link css-177bzfx emevuu60\" rel=\"nofollow noopener\">&#8216;Beguinas&#8217;<\/a>, aunque, tal como se asegur\u00f3 desde el inicio del proyecto, <strong data-node-id=\"14.11\">pasados unos meses tambi\u00e9n se ofrecer\u00e1 en abierto en Antena 3.<\/strong><\/p>\n<p><img draggable=\"true\" alt=\"cartel oficial de la serie 'las hijas de la criada', adaptacion de la novela de sonsoles onega\" title=\"Cartel oficial de la serie 'Las hijas de la criada', adaptacion de la novela de Sonsoles Onega\" loading=\"lazy\" width=\"5246\" height=\"3000\" decoding=\"async\" data-nimg=\"1\" style=\"color:transparent;width:100%;height:auto;\"   src=\"https:\/\/www.europesays.com\/es\/wp-content\/uploads\/2025\/09\/las-hijas-de-la-criada-cartel-oficial-68b0104f0ee85.jpg\" class=\"css-0 e1g79fud0\"\/><\/p>\n<p>Atresmedia<\/p>\n<p data-journey-content=\"true\" data-node-id=\"17\" class=\"css-6wxqfj emevuu60\">As\u00ed, desde <strong data-node-id=\"17.1\">el domingo 30 de noviembre, ser\u00e1 posible disfrutar del primer episodio de &#8216;Las hijas de la criada&#8217;<\/strong>, donde por fin conoceremos a In\u00e9s (<strong data-node-id=\"17.3\">Ver\u00f3nica S\u00e1nchez<\/strong>, <a href=\"https:\/\/www.diezminutos.es\/teleprograma\/series-tv\/a64173236\/veronica-sanchez-serie-la-favorita-1922-las-hijas-de-la-criada-sonsoles-onega\/\" target=\"_blank\" data-vars-ga-outbound-link=\"https:\/\/www.diezminutos.es\/teleprograma\/series-tv\/a64173236\/veronica-sanchez-serie-la-favorita-1922-las-hijas-de-la-criada-sonsoles-onega\/\" data-vars-ga-ux-element=\"Hyperlink\" data-vars-ga-call-to-action=\"&#039;La Favorita 1922&#039;\" data-node-id=\"17.5\" data-mrf-link=\"https:\/\/www.diezminutos.es\/teleprograma\/series-tv\/a64173236\/veronica-sanchez-serie-la-favorita-1922-las-hijas-de-la-criada-sonsoles-onega\/\" data-mrf-recirculation-id=\"[Article] In Text Link_6\" class=\"body-link css-177bzfx emevuu60\" rel=\"nofollow noopener\">&#8216;La Favorita 1922&#8217;<\/a>) y Renata (<strong data-node-id=\"17.7\">Carlota Bar\u00f3<\/strong>, <a href=\"https:\/\/www.diezminutos.es\/telenovela\/espanolas\/a65589535\/la-moderna-serie-epoca-carlota-baro-veronica-sanchez-sonsoles-onega-las-hijas-de-la-criada\/\" target=\"_blank\" data-vars-ga-outbound-link=\"https:\/\/www.diezminutos.es\/telenovela\/espanolas\/a65589535\/la-moderna-serie-epoca-carlota-baro-veronica-sanchez-sonsoles-onega-las-hijas-de-la-criada\/\" data-vars-ga-ux-element=\"Hyperlink\" data-vars-ga-call-to-action=\"&#039;La Moderna&#039;\" data-node-id=\"17.9\" data-mrf-link=\"https:\/\/www.diezminutos.es\/telenovela\/espanolas\/a65589535\/la-moderna-serie-epoca-carlota-baro-veronica-sanchez-sonsoles-onega-las-hijas-de-la-criada\/\" data-mrf-recirculation-id=\"[Article] In Text Link_7\" class=\"body-link css-177bzfx emevuu60\" rel=\"nofollow noopener\">&#8216;La Moderna&#8217;<\/a>, que fruto de sus respectivas relaciones con Gustavo (<strong data-node-id=\"17.11\">Alain Hern\u00e1nde<\/strong><strong data-node-id=\"17.12\">z<\/strong>) quedan unidas para siempre a trav\u00e9s de sus hijas, Clara (<strong data-node-id=\"17.14\">Judith Fern\u00e1ndez<\/strong>, <a href=\"https:\/\/www.diezminutos.es\/telenovela\/espanolas\/a65898761\/acacias-38-serie-de-epoca-comparacion-la-promesa-tve\/\" target=\"_blank\" data-vars-ga-outbound-link=\"https:\/\/www.diezminutos.es\/telenovela\/espanolas\/a65898761\/acacias-38-serie-de-epoca-comparacion-la-promesa-tve\/\" data-vars-ga-ux-element=\"Hyperlink\" data-vars-ga-call-to-action=\"&#039;Acacias 38&#039;\" data-node-id=\"17.16\" data-mrf-link=\"https:\/\/www.diezminutos.es\/telenovela\/espanolas\/a65898761\/acacias-38-serie-de-epoca-comparacion-la-promesa-tve\/\" class=\"body-link css-177bzfx emevuu60\" rel=\"nofollow noopener\">&#8216;Acacias 38&#8217;<\/a>) y Catalina ((<strong data-node-id=\"17.18\">Martina Cariddi<\/strong>, <a href=\"https:\/\/www.diezminutos.es\/teleprograma\/series-tv\/a36339906\/elite-temporada-4-nuevos-personajes\/\" target=\"_blank\" data-vars-ga-outbound-link=\"https:\/\/www.diezminutos.es\/teleprograma\/series-tv\/a36339906\/elite-temporada-4-nuevos-personajes\/\" data-vars-ga-ux-element=\"Hyperlink\" data-vars-ga-call-to-action=\"&#039;\u00c9lite&#039;\" data-node-id=\"17.20\" data-mrf-link=\"https:\/\/www.diezminutos.es\/teleprograma\/series-tv\/a36339906\/elite-temporada-4-nuevos-personajes\/\" data-mrf-recirculation-id=\"[Article] In Text Link_8\" class=\"body-link css-177bzfx emevuu60\" rel=\"nofollow noopener\">&#8216;\u00c9lite&#8217;<\/a>), aunque la \u00fanica que lo sabe sea Renata. Eso s\u00ed, <strong data-node-id=\"17.22\">para ver los otros 7 restantes, habr\u00e1 que esperar pacientemente a su lanzamiento cada domingo en Atresplayer<\/strong>, en los que tambi\u00e9n podremos disfrutar del buen hacer de algunos rostros ya populares en televisi\u00f3n <strong data-node-id=\"17.24\">Tomy Aguilera <\/strong>(<a href=\"https:\/\/www.diezminutos.es\/teleprograma\/series-tv\/a40042502\/bienvenidos-a-eden-reparto-netflix\/\" target=\"_blank\" data-vars-ga-outbound-link=\"https:\/\/www.diezminutos.es\/teleprograma\/series-tv\/a40042502\/bienvenidos-a-eden-reparto-netflix\/\" data-vars-ga-ux-element=\"Hyperlink\" data-vars-ga-call-to-action=\"&#039;Bienvenidos a Ed\u00e9n&#039;\" data-node-id=\"17.26\" data-mrf-link=\"https:\/\/www.diezminutos.es\/teleprograma\/series-tv\/a40042502\/bienvenidos-a-eden-reparto-netflix\/\" class=\"body-link css-177bzfx emevuu60\" rel=\"nofollow noopener\">&#8216;Bienvenidos a Ed\u00e9n&#8217;<\/a>), Alicia Armenteros, <strong data-node-id=\"17.28\">\u00c1lex Gadea<\/strong> (<a href=\"https:\/\/www.diezminutos.es\/teleprograma\/series-tv\/a64941592\/la-viuda-negra-caso-real-patraix-maje-netflix\/\" target=\"_blank\" data-vars-ga-outbound-link=\"https:\/\/www.diezminutos.es\/teleprograma\/series-tv\/a64941592\/la-viuda-negra-caso-real-patraix-maje-netflix\/\" data-vars-ga-ux-element=\"Hyperlink\" data-vars-ga-call-to-action=\"&#039;La viuda negra&#039;\" data-node-id=\"17.30\" data-mrf-link=\"https:\/\/www.diezminutos.es\/teleprograma\/series-tv\/a64941592\/la-viuda-negra-caso-real-patraix-maje-netflix\/\" class=\"body-link css-177bzfx emevuu60\" rel=\"nofollow noopener\">&#8216;La viuda negra&#8217;<\/a>), Alba Loureiro, <strong data-node-id=\"17.32\">\u00c1<\/strong><strong data-node-id=\"17.33\">lex Villaz\u00e1n<\/strong> (<a href=\"https:\/\/www.diezminutos.es\/teleprograma\/series-tv\/a42520933\/todas-las-veces-que-nos-enamoramos-reparto-estreno-netflix-serie\/\" target=\"_blank\" data-vars-ga-outbound-link=\"https:\/\/www.diezminutos.es\/teleprograma\/series-tv\/a42520933\/todas-las-veces-que-nos-enamoramos-reparto-estreno-netflix-serie\/\" data-vars-ga-ux-element=\"Hyperlink\" data-vars-ga-call-to-action=\"&#039;Todas las veces que nos enamoramos&#039;\" data-node-id=\"17.35\" data-mrf-link=\"https:\/\/www.diezminutos.es\/teleprograma\/series-tv\/a42520933\/todas-las-veces-que-nos-enamoramos-reparto-estreno-netflix-serie\/\" class=\"body-link css-177bzfx emevuu60\" rel=\"nofollow noopener\">&#8216;Todas las veces que nos enamoramos&#8217;<\/a>), <strong data-node-id=\"17.37\">Roque Ruiz<\/strong> (<a href=\"https:\/\/www.diezminutos.es\/teleprograma\/series-tv\/a65377915\/muertos-sl-netflix-temporada-3-donde-ver-completa\/\" target=\"_blank\" data-vars-ga-outbound-link=\"https:\/\/www.diezminutos.es\/teleprograma\/series-tv\/a65377915\/muertos-sl-netflix-temporada-3-donde-ver-completa\/\" data-vars-ga-ux-element=\"Hyperlink\" data-vars-ga-call-to-action=\"&#039;Muertos S.L.&#039;\" data-node-id=\"17.39\" data-mrf-link=\"https:\/\/www.diezminutos.es\/teleprograma\/series-tv\/a65377915\/muertos-sl-netflix-temporada-3-donde-ver-completa\/\" class=\"body-link css-177bzfx emevuu60\" rel=\"nofollow noopener\">&#8216;Muertos S.L.&#8217;<\/a>), Fran Nortes y <strong data-node-id=\"17.41\">Alejandro Vergara<\/strong> (<a href=\"https:\/\/www.diezminutos.es\/telenovela\/espanolas\/g44720731\/la-promesa-rtve-alejandro-vergara-series\/\" target=\"_blank\" data-vars-ga-outbound-link=\"https:\/\/www.diezminutos.es\/telenovela\/espanolas\/g44720731\/la-promesa-rtve-alejandro-vergara-series\/\" data-vars-ga-ux-element=\"Hyperlink\" data-vars-ga-call-to-action=\"&#039;La Promesa&#039;\" data-node-id=\"17.43\" data-mrf-link=\"https:\/\/www.diezminutos.es\/telenovela\/espanolas\/g44720731\/la-promesa-rtve-alejandro-vergara-series\/\" class=\"body-link css-177bzfx emevuu60\" rel=\"nofollow noopener\">&#8216;La Promesa&#8217;<\/a>), entre otros.<\/p>\n<p><img draggable=\"true\" alt=\"las hijas de la criada\" title=\"Las hijas de la criada\" loading=\"lazy\" width=\"1027\" height=\"627\" decoding=\"async\" data-nimg=\"1\" style=\"color:transparent;width:100%;height:auto;\"   src=\"https:\/\/www.europesays.com\/es\/wp-content\/uploads\/2025\/09\/las-hijas-de-la-criada-67dab90a62456.jpg\" class=\"css-0 e1g79fud0\"\/><\/p>\n<p>Add Atresmedia<\/p>\n<p data-journey-content=\"true\" data-node-id=\"20\" class=\"css-6wxqfj emevuu60\"><strong data-node-id=\"20.0\"><a href=\"https:\/\/www.diezminutos.es\/teleprograma\/series-tv\/a65909466\/sonsoles-onega-las-hijas-de-la-criada-cartel-oficial-antes-vuelta-y-ahora-sonsoles\/\" target=\"_blank\" data-vars-ga-outbound-link=\"https:\/\/www.diezminutos.es\/teleprograma\/series-tv\/a65909466\/sonsoles-onega-las-hijas-de-la-criada-cartel-oficial-antes-vuelta-y-ahora-sonsoles\/\" data-vars-ga-ux-element=\"Hyperlink\" data-vars-ga-call-to-action=\"&#039;Las hijas de la criada&#039;\" data-node-id=\"20.0.0\" class=\"body-link css-177bzfx emevuu60\" rel=\"nofollow noopener\">&#8216;Las hijas de la criada&#8217;<\/a> nos ofrece un relato de \u00e9poca en que la ambientaci\u00f3n de las tierras gallegas y cubanas <\/strong>son claves y, por tanto, est\u00e1n muy cuidadas, para que sirvan de contexto de este <strong data-node-id=\"20.2\">tri\u00e1ngulo amoroso que acaba en el enredo m\u00e1s sorprendente e inesperado<\/strong>, especialmente, para enmarcarse en un entramado social r\u00edgido, clasista y lleno de prejuicios, propio de comienzos del siglo pasado. Pasi\u00f3n, secretos, traici\u00f3n y misterio a raudales es lo que nos espera en &#8216;Las hijas de la criada&#8217; y no podemos tener m\u00e1s ganas de verla, ahora que por fin su estreno est\u00e1 muy cerca.<\/p>\n<p><img draggable=\"true\" alt=\"carlota baro y alain hernandez en las hijas de la criada\" title=\"Carlota Baro y Alain Hernandez en Las hijas de la criada\" loading=\"lazy\" width=\"5299\" height=\"3000\" decoding=\"async\" data-nimg=\"1\" style=\"color:transparent;width:100%;height:auto;\"   src=\"https:\/\/www.europesays.com\/es\/wp-content\/uploads\/2025\/09\/las-hijas-de-la-criada-carlota-baro-y-alain-hernandez-68b012878c96c.jpg\" class=\"css-0 e1g79fud0\"\/><\/p>\n<p>Atresmedia<\/p>\n<p><img src=\"https:\/\/www.europesays.com\/es\/wp-content\/uploads\/2025\/09\/1759238233_448_c846bc45-0529-47f5-9c7d-b54f2b3afed7_1682587735.file\" alt=\"Headshot of Nora C\u00e1mara\" title=\"Headshot of Nora C\u00e1mara\" width=\"100%\" height=\"100%\" decoding=\"async\" loading=\"lazy\" class=\"css-o0wq4v ev8dhu53\"\/><\/p>\n<p>Nora es experta en contenidos de cine y televisi\u00f3n en la web de Diez Minutos. Sus intereses personales y profesionales se cruzan en su labor en esta revista, pues dedica su tiempo a estar al d\u00eda en los \u00faltimos estrenos en salas y plataformas, tanto para no perd\u00e9rselos como para recomendarlos. Pero que nadie sufra, tambi\u00e9n desconecta con la m\u00fasica en directo, la lectura y los viajes. \u00a0<\/p>\n<p>Prescriptora audiovisual por verdadera afici\u00f3n, siempre est\u00e1 dispuesta a arrastrarte con ella al apasionante mundo de las sagas como Harry Potter, Star Wars o Marvel, as\u00ed como a sugerirte la \u00faltima serie adictiva que no debes perderte de Netflix, HBO Max, Disney+, Movistar+ y Amazon Prime Video. Eso s\u00ed, si tienes un arrebato de nostalgia, tambi\u00e9n te recordar\u00e1 el cl\u00e1sico perfecto para cualquier estado de \u00e1nimo o tem\u00e1tica que te interese, desde el musical o la ciencia ficci\u00f3n a las adaptaciones literarias.\u00a0<\/p>\n<p>Nora C\u00e1mara se gradu\u00f3 en Periodismo y Comunicaci\u00f3n Audiovisual en la Universidad Carlos III de Madrid en 2015, donde defini\u00f3 su pasi\u00f3n por los contenidos de cine y televisi\u00f3n. Continu\u00f3 su especializaci\u00f3n en estas materias con diversas formaciones de Guion de televisi\u00f3n y Cr\u00edtica cinematogr\u00e1fica, llev\u00e1ndole a mejorar su experiencia en las revistas del grupo HEARST Teleprograma, Supertele y Telenovela, antes de su llegada a Diez Minutos, hace dos a\u00f1os. \u00a0<\/p>\n","protected":false},"excerpt":{"rendered":"La periodista Sonsoles \u00d3nega siempre ha apreciado todas las v\u00edas de expresi\u00f3n y, aunque su carrera como profesional&hellip;\n","protected":false},"author":2,"featured_media":148627,"comment_status":"","ping_status":"","sticky":false,"template":"","format":"standard","meta":{"footnotes":""},"categories":[171],"tags":[253,146,147,25,24,23,214],"class_list":{"0":"post-148626","1":"post","2":"type-post","3":"status-publish","4":"format-standard","5":"has-post-thumbnail","7":"category-tv","8":"tag-discover","9":"tag-entertainment","10":"tag-entretenimiento","11":"tag-es","12":"tag-espana","13":"tag-spain","14":"tag-tv"},"share_on_mastodon":{"url":"","error":""},"_links":{"self":[{"href":"https:\/\/www.europesays.com\/es\/wp-json\/wp\/v2\/posts\/148626","targetHints":{"allow":["GET"]}}],"collection":[{"href":"https:\/\/www.europesays.com\/es\/wp-json\/wp\/v2\/posts"}],"about":[{"href":"https:\/\/www.europesays.com\/es\/wp-json\/wp\/v2\/types\/post"}],"author":[{"embeddable":true,"href":"https:\/\/www.europesays.com\/es\/wp-json\/wp\/v2\/users\/2"}],"replies":[{"embeddable":true,"href":"https:\/\/www.europesays.com\/es\/wp-json\/wp\/v2\/comments?post=148626"}],"version-history":[{"count":0,"href":"https:\/\/www.europesays.com\/es\/wp-json\/wp\/v2\/posts\/148626\/revisions"}],"wp:featuredmedia":[{"embeddable":true,"href":"https:\/\/www.europesays.com\/es\/wp-json\/wp\/v2\/media\/148627"}],"wp:attachment":[{"href":"https:\/\/www.europesays.com\/es\/wp-json\/wp\/v2\/media?parent=148626"}],"wp:term":[{"taxonomy":"category","embeddable":true,"href":"https:\/\/www.europesays.com\/es\/wp-json\/wp\/v2\/categories?post=148626"},{"taxonomy":"post_tag","embeddable":true,"href":"https:\/\/www.europesays.com\/es\/wp-json\/wp\/v2\/tags?post=148626"}],"curies":[{"name":"wp","href":"https:\/\/api.w.org\/{rel}","templated":true}]}}