{"id":148628,"date":"2025-09-30T13:18:10","date_gmt":"2025-09-30T13:18:10","guid":{"rendered":"https:\/\/www.europesays.com\/es\/148628\/"},"modified":"2025-09-30T13:18:10","modified_gmt":"2025-09-30T13:18:10","slug":"kase-o-a-punto-de-llenar-el-principe-felipe-desvela-los-secretos-de-su-gira","status":"publish","type":"post","link":"https:\/\/www.europesays.com\/es\/148628\/","title":{"rendered":"Kase.O, a punto de llenar el Pr\u00edncipe Felipe, desvela los secretos de su gira"},"content":{"rendered":"<p class=\"ft-text\">El MC aragon\u00e9s <a class=\"ft-link ft-link--decoration\" href=\"https:\/\/www.elperiodicodearagon.com\/tags\/kase-o\/\" target=\"_blank\" rel=\"nofollow noopener\"><strong>Kase.O<\/strong><\/a> est\u00e1 viviendo una <a class=\"ft-link ft-link--decoration\" href=\"https:\/\/www.elperiodicodearagon.com\/cultura\/2025\/09\/07\/cronica-escenario-principal-vive-latino-121313136.html\" target=\"_blank\" rel=\"nofollow noopener\"><strong>triunfal gira por su 33 aniversario<\/strong><\/a><strong> <\/strong>y, de hecho, tras anunciar un concierto fin de gira el pr\u00f3ximo 20 de diciembre en el <strong>pabell\u00f3n Pr\u00edncipe Felipe de <\/strong><a class=\"ft-link ft-link--decoration\" href=\"https:\/\/www.elperiodicodearagon.com\/tags\/zaragoza\/\" target=\"_blank\" rel=\"nofollow noopener\"><strong>Zaragoza<\/strong><\/a> ya est\u00e1 cerca de sellar el &#8216;sold out&#8217; para esa cita para la que el rapero zaragozano ya ha prometido sorpresas y que ser\u00e1 el punto final a un &#8216;tour&#8217; que el mes que viene pasar\u00e1 por M\u00e9xico con una triple cita.<\/p>\n<p class=\"ft-text\">Kase.O, muy activo en redes sociales, adem\u00e1s, ha desvelado algunas de las curiosidades de la gira y secretos del equipo que conforma la gira del rapero aragon\u00e9s. \u00abLos coristas que acompa\u00f1an a Kase.O en el primer bloque del concierto son <strong>Franfuethefirst y DJ Hazhe<\/strong>, miembros del m\u00edtico grupo zaragozano<strong> Cloaka Company junto a Xhelazz y Eric Beeler<\/strong>\u00ab, revela en uno de sus mensajes al mismo tiempo que habla sobre los audiovisuales que se pueden ver en el transcurso de los conciertos: \u00abLos v\u00eddeos de la introducci\u00f3n del concierto muestran desde un jovenc\u00edsimo Kase.O de 13 a\u00f1os cantando en un colegio hasta los <strong>primeros viajes con Violadores del Verso <\/strong>a las primeras jams que se celebraban por todo el Estado\u00bb.<\/p>\n<p>\u00abNo newtonianos\u00bb<\/p>\n<p class=\"ft-text\">Adem\u00e1s, en la publicaci\u00f3n, Javier Ibarra revela lo que se grita antes de salir a cada actuaci\u00f3n: \u00abEl grito de guerra entonado en el corro antes de subir al escenario es \u201cNo newtonianos\u201d, t\u00e9rmino que se refiere al <strong>comportamiento impredecible de algunos l\u00edquidos <\/strong>seg\u00fan la presi\u00f3n o la temperatura que se les aplique\u00bb.<\/p>\n<p class=\"ft-text\">Por \u00faltimo, el artista habla sobre sus intervenciones: <strong>\u00abKase.O nunca ensaya sus discursos<\/strong>, con alguna idea vaga que se le ocurre durante el d\u00eda, se deja llevar por el momento y el ambiente que se crea en esa ciudad\u00bb.<\/p>\n<p class=\"ft-text\">A d\u00eda de hoy, Kase.O ya <strong>ha vendido todas las entradas de pista del Pr\u00edncipe Felipe <\/strong>y el primer anillo de la grada mientras que del segundo anillo ya se est\u00e1n vendiendo a buen ritmo las localidades. Se pueden comprar a trav\u00e9s de la <a class=\"ft-link ft-link--decoration\" href=\"https:\/\/www.kaseoreal.com\/concierto-zaragoza-fin-de-gira\" target=\"_blank\" rel=\"nofollow noopener\"><strong>propia web de la gira<\/strong><\/a>.<\/p>\n","protected":false},"excerpt":{"rendered":"El MC aragon\u00e9s Kase.O est\u00e1 viviendo una triunfal gira por su 33 aniversario y, de hecho, tras anunciar&hellip;\n","protected":false},"author":2,"featured_media":98306,"comment_status":"","ping_status":"","sticky":false,"template":"","format":"standard","meta":{"footnotes":""},"categories":[170],"tags":[45396,45397,146,147,25,24,35049,184,185,45398,213,23,491],"class_list":{"0":"post-148628","1":"post","2":"type-post","3":"status-publish","4":"format-standard","5":"has-post-thumbnail","7":"category-musica","8":"tag-a-punto-de-llenar-el-principe-felipe","9":"tag-desvela-los-secretos-de-su-gira","10":"tag-entertainment","11":"tag-entretenimiento","12":"tag-es","13":"tag-espana","14":"tag-kase-o","15":"tag-music","16":"tag-musica","17":"tag-pabellon-principe-felipe","18":"tag-rap","19":"tag-spain","20":"tag-zaragoza"},"share_on_mastodon":{"url":"","error":""},"_links":{"self":[{"href":"https:\/\/www.europesays.com\/es\/wp-json\/wp\/v2\/posts\/148628","targetHints":{"allow":["GET"]}}],"collection":[{"href":"https:\/\/www.europesays.com\/es\/wp-json\/wp\/v2\/posts"}],"about":[{"href":"https:\/\/www.europesays.com\/es\/wp-json\/wp\/v2\/types\/post"}],"author":[{"embeddable":true,"href":"https:\/\/www.europesays.com\/es\/wp-json\/wp\/v2\/users\/2"}],"replies":[{"embeddable":true,"href":"https:\/\/www.europesays.com\/es\/wp-json\/wp\/v2\/comments?post=148628"}],"version-history":[{"count":0,"href":"https:\/\/www.europesays.com\/es\/wp-json\/wp\/v2\/posts\/148628\/revisions"}],"wp:featuredmedia":[{"embeddable":true,"href":"https:\/\/www.europesays.com\/es\/wp-json\/wp\/v2\/media\/98306"}],"wp:attachment":[{"href":"https:\/\/www.europesays.com\/es\/wp-json\/wp\/v2\/media?parent=148628"}],"wp:term":[{"taxonomy":"category","embeddable":true,"href":"https:\/\/www.europesays.com\/es\/wp-json\/wp\/v2\/categories?post=148628"},{"taxonomy":"post_tag","embeddable":true,"href":"https:\/\/www.europesays.com\/es\/wp-json\/wp\/v2\/tags?post=148628"}],"curies":[{"name":"wp","href":"https:\/\/api.w.org\/{rel}","templated":true}]}}