{"id":148629,"date":"2025-09-30T13:19:09","date_gmt":"2025-09-30T13:19:09","guid":{"rendered":"https:\/\/www.europesays.com\/es\/148629\/"},"modified":"2025-09-30T13:19:09","modified_gmt":"2025-09-30T13:19:09","slug":"es-el-unico-papel-que-queria-y-no-consegui-bill-murray-todavia-se-lamenta-por-no-haber-hecho-esta-pelicula-ganadora-de-un-oscar","status":"publish","type":"post","link":"https:\/\/www.europesays.com\/es\/148629\/","title":{"rendered":"\u00abEs el \u00fanico papel que quer\u00eda y no consegu\u00ed\u00bb. Bill Murray todav\u00eda se lamenta por no haber hecho esta pel\u00edcula ganadora de un \u00d3scar"},"content":{"rendered":"<p><strong>Bill Murray <\/strong>cuenta a sus espaldas con una longeva carrera repleta de pel\u00edculas que ya forman parte de la historia del cine por m\u00e9ritos propios. Eso s\u00ed, a lo largo de los a\u00f1os ha rechazado varios largometrajes, pero lo que realmente a\u00fan le molesta es una pel\u00edcula en la que no consigui\u00f3 salir aunque lo deseaba con todas su fuerzas.<\/p>\n<p>Hay que remontarse a principios de los 80, un momento en el que la carrera de Murray cotizaba al alza pero todav\u00eda no hab\u00eda conseguido un \u00e9xito tan atronador como el que tuvo con <a class=\"text-outboundlink\" href=\"https:\/\/www.espinof.com\/criticas\/cine-en-el-salon-los-cazafantasmas-de-ivan-reitman\" data-vars-post-title=\"Cine en el sal\u00f3n: &#039;Los Cazafantasmas&#039; de Ivan Reitman\" data-vars-post-url=\"https:\/\/www.espinof.com\/criticas\/cine-en-el-salon-los-cazafantasmas-de-ivan-reitman\" rel=\"nofollow noopener\" target=\"_blank\">&#8216;Los Cazafantasmas&#8217;<\/a>. Eso s\u00ed, ya era visto como un actor eminentemente c\u00f3mico, pero \u00e9l hizo todo lo que pudo para salir en <a class=\"text-outboundlink\" href=\"https:\/\/www.espinof.com\/criticas\/peter-weir-el-ano-que-vivimos-peligrosamente-de-dioses-y-humanos\" data-vars-post-title=\"Peter Weir: &#039;El a\u00f1o que vivimos peligrosamente&#039;, de dioses y humanos\" data-vars-post-url=\"https:\/\/www.espinof.com\/criticas\/peter-weir-el-ano-que-vivimos-peligrosamente-de-dioses-y-humanos\" rel=\"nofollow noopener\" target=\"_blank\">&#8216;El a\u00f1o que vivimos peligrosamente&#8217;<\/a>, el aclamado drama dirigido por <strong>Peter Weir<\/strong>.<\/p>\n<p>La espina clavada de Murray<\/p>\n<p>                   <img class=\"centro_sinmarco\" height=\"1080\" width=\"1920\" loading=\"lazy\" decoding=\"async\"  fetchpriority=\"high\"  src=\"https:\/\/www.europesays.com\/es\/wp-content\/uploads\/2025\/09\/1759238349_625_450_1000.jpeg\" alt=\"Peligrosamente\"\/><\/p>\n<p>Nunca ha concretado cu\u00e1l era el personaje que habr\u00eda interpretado en el largometraje protagonizado por <strong>Mel Gibson<\/strong>, pero en un AMA de <a rel=\"noopener, noreferrer nofollow\" href=\"https:\/\/www.reddit.com\/user\/_BillMurray\/?rdt=60254\" target=\"_blank\">reddit<\/a> no tuvo problemas en confesar que es el \u00fanico papel que quer\u00eda pero que finalmente no consigui\u00f3:<\/p>\n<blockquote><p>El \u00fanico papel que quer\u00eda y no consegu\u00ed:\u00a0&#8216;El a\u00f1o que vivimos peligrosamente&#8217;,\u00a0de Peter Weir. No era un personaje importante. Mel Gibson viv\u00eda en Australia. Hab\u00eda estado en Indonesia y cre\u00eda entender esa pel\u00edcula. Cuando la vi, pens\u00e9: \u00ab\u00a1Rayos!\u00bb. Fue el \u00fanico que quer\u00eda y no logr\u00e9.<\/p><\/blockquote>\n<p>Todo apunta a alg\u00fan secundario con poco peso real en la historia de &#8216;El a\u00f1o que vivimos peligrosamente&#8217;, pero est\u00e1 claro que Murray sent\u00eda una conexi\u00f3n muy fuerte con el guion escrito por <strong>David Williamson<\/strong> y el propio Weir a partir de una novela de 1978 escrita por <strong>C. J. Koch<\/strong>.<\/p>\n<p>    <a href=\"https:\/\/www.espinof.com\/actores-y-actrices\/he-hecho-dano-bill-murray-acepta-dolor-que-ha-causado-hollywood-afronta-como-superar-su-vagancia-como-actor\" class=\"pivot-outboundlink\" data-vars-post-title=\"&quot;He hecho da\u00f1o&quot;. Bill Murray acepta el dolor que ha causado en Hollywood mientras afronta c\u00f3mo superar su vagancia como actor \" rel=\"nofollow noopener\" target=\"_blank\"><br \/>\n     <img loading=\"lazy\" decoding=\"async\" alt=\"&quot;He hecho da\u00f1o&quot;. Bill Murray acepta el dolor que ha causado en Hollywood mientras afronta c\u00f3mo superar su vagancia como actor \" width=\"375\" height=\"142\" src=\"https:\/\/www.europesays.com\/es\/wp-content\/uploads\/2025\/09\/1759238349_694_375_142.jpeg\"\/><br \/>\n    <\/a><\/p>\n<p>De hecho, Murray tambi\u00e9n destacaba lo especial que era Weir en su comentario, pero sus caminos nunca llegaron a cruzarse en pel\u00edcula alguna. Si a eso le a\u00f1adimos que el cineasta <a class=\"text-outboundlink\" href=\"https:\/\/www.espinof.com\/directores-y-guionistas\/no-me-queda-energia-peter-weir-acaba-anunciar-su-retirada-definitiva-cine-director-show-truman-master-and-commander-llevaba-14-anos-dirigir-pelicula\" data-vars-post-title=\"Dirigi\u00f3 &#039;El club de los poetas muertos&#039;, &#039;El show de Truman&#039; o &#039;Master and Commander&#039;: tras 14 a\u00f1os sin rodar una pel\u00edcula, Peter Weir se retira del cine definitivamente\" data-vars-post-url=\"https:\/\/www.espinof.com\/directores-y-guionistas\/no-me-queda-energia-peter-weir-acaba-anunciar-su-retirada-definitiva-cine-director-show-truman-master-and-commander-llevaba-14-anos-dirigir-pelicula\" rel=\"nofollow noopener\" target=\"_blank\">anunci\u00f3 el a\u00f1o pasado que se retiraba<\/a>, todo apunta a que colaborar con \u00e9l <strong>se quedar\u00e1 como una espina clavada que la estrella nunca podr\u00e1 quitarse<\/strong>.<\/p>\n<p>Actualmente, &#8216;El a\u00f1o que vivimos peligrosamente&#8217; es recordada principalmente porque <strong>Linda Hunt gan\u00f3 el \u00d3scar a la mejor actriz de reparto<\/strong> por su trabajo en ella.<\/p>\n<p>En Espinof | <a class=\"text-outboundlink\" href=\"https:\/\/www.espinof.com\/listas\/mejores-peliculas-netflix-2025\" data-vars-post-title=\"Las 8 mejores pel\u00edculas de Netflix en 2025 (por ahora)\" data-vars-post-url=\"https:\/\/www.espinof.com\/listas\/mejores-peliculas-netflix-2025\" rel=\"nofollow noopener\" target=\"_blank\">Las mejores pel\u00edculas de Netflix en 2025<\/a><\/p>\n<p>En Espinof | <a class=\"text-outboundlink\" href=\"https:\/\/www.espinof.com\/listas\/mejores-peliculas-amazon-prime-video-2025\" data-vars-post-title=\"Las mejores pel\u00edculas en Amazon Prime Video de 2025\" data-vars-post-url=\"https:\/\/www.espinof.com\/listas\/mejores-peliculas-amazon-prime-video-2025\" rel=\"nofollow noopener\" target=\"_blank\">Las mejores pel\u00edculas en Prime Video de 2025<\/a><\/p>\n","protected":false},"excerpt":{"rendered":"Bill Murray cuenta a sus espaldas con una longeva carrera repleta de pel\u00edculas que ya forman parte de&hellip;\n","protected":false},"author":2,"featured_media":148630,"comment_status":"","ping_status":"","sticky":false,"template":"","format":"standard","meta":{"footnotes":""},"categories":[169],"tags":[177,146,147,25,24,176,175,23],"class_list":{"0":"post-148629","1":"post","2":"type-post","3":"status-publish","4":"format-standard","5":"has-post-thumbnail","7":"category-cine","8":"tag-cine","9":"tag-entertainment","10":"tag-entretenimiento","11":"tag-es","12":"tag-espana","13":"tag-film","14":"tag-movies","15":"tag-spain"},"share_on_mastodon":{"url":"","error":""},"_links":{"self":[{"href":"https:\/\/www.europesays.com\/es\/wp-json\/wp\/v2\/posts\/148629","targetHints":{"allow":["GET"]}}],"collection":[{"href":"https:\/\/www.europesays.com\/es\/wp-json\/wp\/v2\/posts"}],"about":[{"href":"https:\/\/www.europesays.com\/es\/wp-json\/wp\/v2\/types\/post"}],"author":[{"embeddable":true,"href":"https:\/\/www.europesays.com\/es\/wp-json\/wp\/v2\/users\/2"}],"replies":[{"embeddable":true,"href":"https:\/\/www.europesays.com\/es\/wp-json\/wp\/v2\/comments?post=148629"}],"version-history":[{"count":0,"href":"https:\/\/www.europesays.com\/es\/wp-json\/wp\/v2\/posts\/148629\/revisions"}],"wp:featuredmedia":[{"embeddable":true,"href":"https:\/\/www.europesays.com\/es\/wp-json\/wp\/v2\/media\/148630"}],"wp:attachment":[{"href":"https:\/\/www.europesays.com\/es\/wp-json\/wp\/v2\/media?parent=148629"}],"wp:term":[{"taxonomy":"category","embeddable":true,"href":"https:\/\/www.europesays.com\/es\/wp-json\/wp\/v2\/categories?post=148629"},{"taxonomy":"post_tag","embeddable":true,"href":"https:\/\/www.europesays.com\/es\/wp-json\/wp\/v2\/tags?post=148629"}],"curies":[{"name":"wp","href":"https:\/\/api.w.org\/{rel}","templated":true}]}}