{"id":148635,"date":"2025-09-30T13:22:07","date_gmt":"2025-09-30T13:22:07","guid":{"rendered":"https:\/\/www.europesays.com\/es\/148635\/"},"modified":"2025-09-30T13:22:07","modified_gmt":"2025-09-30T13:22:07","slug":"nicole-kidman-y-keith-urban-se-separan-tras-19-anos-de-matrimonio-segun-medios-de-eeuu","status":"publish","type":"post","link":"https:\/\/www.europesays.com\/es\/148635\/","title":{"rendered":"Nicole Kidman Y Keith Urban Se Separan Tras 19 A\u00f1os De Matrimonio, Seg\u00fan Medios De EEUU"},"content":{"rendered":"<p data-type=\"paragraph\" data=\"[object Object]\">La actriz australiana Nicole Kidman y el m\u00fasico de country Keith Urban se separaron despu\u00e9s de 19 a\u00f1os de matrimonio, seg\u00fan informes de medios estadounidenses.<\/p>\n<p data-type=\"paragraph\" data=\"[object Object]\" class=\"emotion-1akm6h5-Paragraph e1e4oisd0\">La pareja ha estado viviendo separada \u00abdesde principios de verano\u00bb, inform\u00f3 el lunes el medio de entretenimiento TMZ citando fuentes an\u00f3nimas que precisaron que Kidman no quer\u00eda separarse e intent\u00f3 salvar su matrimonio.<\/p>\n<p data-type=\"paragraph\" data=\"[object Object]\" class=\"emotion-1akm6h5-Paragraph e1e4oisd0\">Urban, ganador de cuatro Grammy a sus 57 a\u00f1os, dej\u00f3 la casa familiar en Nashville para mudarse a su propia residencia en otro sector de la ciudad, indic\u00f3 TMZ.<\/p>\n<p data-type=\"paragraph\" data=\"[object Object]\" class=\"emotion-1akm6h5-Paragraph e1e4oisd0\">AFP no pudo confirmar de forma independiente la ruptura. La pareja se cas\u00f3 en 2006 y son padres de dos hijas adolescentes.<\/p>\n<p data-type=\"paragraph\" data=\"[object Object]\" class=\"emotion-1akm6h5-Paragraph e1e4oisd0\">Kidman, de 58 a\u00f1os y reconocida con el Oscar, se ha preocupado por \u00abmantener a la familia unida durante este momento dif\u00edcil desde que Keith se fue\u00bb, dijo una fuente a TMZ.<\/p>\n<p data-type=\"paragraph\" data=\"[object Object]\" class=\"emotion-1akm6h5-Paragraph e1e4oisd0\">La actriz de Eyes Wide Shut\u00a0(1999) tambi\u00e9n tiene dos hijos adoptivos de su matrimonio anterior con el actor Tom Cruise, que termin\u00f3 en 2001 en uno de los divorcios m\u00e1s famosos de Hollywood.<\/p>\n<p data-type=\"paragraph\" data=\"[object Object]\" class=\"emotion-1akm6h5-Paragraph e1e4oisd0\">La \u00faltima vez que Kidman public\u00f3 una foto junto Urban fue en Instagram en junio con un pie de foto que dec\u00eda: \u00abFeliz Aniversario, beb\u00e9\u00bb.<\/p>\n<p data-type=\"paragraph\" data=\"[object Object]\" class=\"emotion-1akm6h5-Paragraph e1e4oisd0\">En mayo, el m\u00fasico nacido en Nueva Zelanda comparti\u00f3 fotos en Instagram de \u00e9l y una sonriente Kidman despu\u00e9s de su triunfo en los Premios de la Academia de M\u00fasica Country.<\/p>\n<p data-type=\"paragraph\" data=\"[object Object]\" class=\"emotion-1akm6h5-Paragraph e1e4oisd0\">Nicole Kidman, quien lleg\u00f3 a ser una de las actrices mejor pagadas de Hollywood, ha recibido m\u00faltiples nominaciones al premio Oscar y obtuvo la codiciada estatuilla en 2003 por su interpretaci\u00f3n de la escritora Virginia Woolf en la pel\u00edcula Las Horas.<\/p>\n","protected":false},"excerpt":{"rendered":"La actriz australiana Nicole Kidman y el m\u00fasico de country Keith Urban se separaron despu\u00e9s de 19 a\u00f1os&hellip;\n","protected":false},"author":2,"featured_media":148636,"comment_status":"","ping_status":"","sticky":false,"template":"","format":"standard","meta":{"footnotes":""},"categories":[91],"tags":[177,115,146,147,25,24,260,185,12704,23,116],"class_list":{"0":"post-148635","1":"post","2":"type-post","3":"status-publish","4":"format-standard","5":"has-post-thumbnail","7":"category-entretenimiento","8":"tag-cine","9":"tag-eeuu","10":"tag-entertainment","11":"tag-entretenimiento","12":"tag-es","13":"tag-espana","14":"tag-gente","15":"tag-musica","16":"tag-separacion","17":"tag-spain","18":"tag-synd"},"share_on_mastodon":{"url":"","error":""},"_links":{"self":[{"href":"https:\/\/www.europesays.com\/es\/wp-json\/wp\/v2\/posts\/148635","targetHints":{"allow":["GET"]}}],"collection":[{"href":"https:\/\/www.europesays.com\/es\/wp-json\/wp\/v2\/posts"}],"about":[{"href":"https:\/\/www.europesays.com\/es\/wp-json\/wp\/v2\/types\/post"}],"author":[{"embeddable":true,"href":"https:\/\/www.europesays.com\/es\/wp-json\/wp\/v2\/users\/2"}],"replies":[{"embeddable":true,"href":"https:\/\/www.europesays.com\/es\/wp-json\/wp\/v2\/comments?post=148635"}],"version-history":[{"count":0,"href":"https:\/\/www.europesays.com\/es\/wp-json\/wp\/v2\/posts\/148635\/revisions"}],"wp:featuredmedia":[{"embeddable":true,"href":"https:\/\/www.europesays.com\/es\/wp-json\/wp\/v2\/media\/148636"}],"wp:attachment":[{"href":"https:\/\/www.europesays.com\/es\/wp-json\/wp\/v2\/media?parent=148635"}],"wp:term":[{"taxonomy":"category","embeddable":true,"href":"https:\/\/www.europesays.com\/es\/wp-json\/wp\/v2\/categories?post=148635"},{"taxonomy":"post_tag","embeddable":true,"href":"https:\/\/www.europesays.com\/es\/wp-json\/wp\/v2\/tags?post=148635"}],"curies":[{"name":"wp","href":"https:\/\/api.w.org\/{rel}","templated":true}]}}