{"id":148639,"date":"2025-09-30T13:24:08","date_gmt":"2025-09-30T13:24:08","guid":{"rendered":"https:\/\/www.europesays.com\/es\/148639\/"},"modified":"2025-09-30T13:24:08","modified_gmt":"2025-09-30T13:24:08","slug":"la-comision-europea-pide-incentivos-fiscales-para-cuentas-de-ahorro-e-inversion","status":"publish","type":"post","link":"https:\/\/www.europesays.com\/es\/148639\/","title":{"rendered":"La Comisi\u00f3n Europea pide incentivos fiscales para cuentas de ahorro e inversi\u00f3n"},"content":{"rendered":"<p>La <strong><a href=\"https:\/\/theofficer.es\/temas\/europa\/\" rel=\"nofollow noopener\" target=\"_blank\">Comisi\u00f3n Europea<\/a><\/strong> ha recomendado a los Estados miembros <strong>dar incentivos fiscales a las cuentas de ahorro e <a href=\"https:\/\/theofficer.es\/?s=inversi%C3%B3n\" rel=\"nofollow noopener\" target=\"_blank\">inversi\u00f3n<\/a><\/strong> y simplificar su gesti\u00f3n con el fin de animar a los ciudadanos europeos a participar en los mercados de capitales.<\/p>\n<p>Estas cuentas permiten a los minoristas <strong>invertir en diferentes productos financieros con una sola cuenta<\/strong>, desde bonos hasta fondos de inversi\u00f3n, y ya est\u00e1n operativas en varios pa\u00edses de la Uni\u00f3n Europea. <\/p>\n<p>El objetivo es <strong>canalizar el ahorro hacia la inversi\u00f3n productiva<\/strong>, en lugar de que permanezca en dep\u00f3sitos y cuentas corrientes, y as\u00ed reforzar la financiaci\u00f3n empresarial m\u00e1s all\u00e1 del cr\u00e9dito bancario.<\/p>\n<p>En 2022, los europeos acumulaban <strong>33,5 billones de euros en ahorro<\/strong>, de los cuales <strong>el 34% estaba en cuentas corrientes y dep\u00f3sitos<\/strong>, frente al 14% en Estados Unidos. Seg\u00fan Bruselas, una mayor participaci\u00f3n de los minoristas en los mercados podr\u00eda generar <strong>1,2 billones en inversiones adicionales en la pr\u00f3xima d\u00e9cada<\/strong>.\t\t&#13;<br \/>\n\t\t\t&#13;<br \/>\n\t\t&#13;\n\t\t<\/p>\n<p>Facilidades bancarias<\/p>\n<p> \u00abPoner dinero en tu cuenta de inversi\u00f3n no deber\u00eda ser m\u00e1s dif\u00edcil que hacer un dep\u00f3sito en la cuenta corriente y deber\u00eda ser tan barato como a partir de 10 euros\u00bb, afirm\u00f3 <strong>Maria Lu\u00eds Albuquerque, comisaria europea de Servicios Financieros<\/strong>, en la presentaci\u00f3n de la iniciativa.<\/p>\n<p>La Comisi\u00f3n sugiere que estas cuentas puedan ser ofrecidas por <strong>bancos, neobrokers o firmas de inversi\u00f3n<\/strong>, con una operativa sencilla tanto digital como tradicional. Adem\u00e1s, tendr\u00edan <strong>acceso flexible al dinero sin plazos fijos<\/strong>, con <strong>bajos costes de apertura y gesti\u00f3n<\/strong>, as\u00ed como facilidades para transferir la cartera entre proveedores y pa\u00edses.<\/p>\n<p>En materia fiscal, Bruselas insta a que los Estados concedan <strong>deducciones, exenciones o tipos uniformes reducidos<\/strong> a los rendimientos, adem\u00e1s de eximir de grav\u00e1menes la transferencia de carteras. <\/p>\n<p>Tambi\u00e9n recomienda <strong>simplificar las obligaciones tributarias de los inversores<\/strong>, permitiendo que los proveedores recauden los impuestos o informen directamente a la administraci\u00f3n tributaria.<\/p>\n<p>Sin criptoactivos<\/p>\n<p>La Comisi\u00f3n pide asimismo que estas cuentas <strong>excluyan activos de alto riesgo<\/strong> como derivados o <a href=\"https:\/\/theofficer.es\/temas\/criptomonedas\/\" rel=\"nofollow noopener\" target=\"_blank\">criptoactivos<\/a>, aunque plantea favorecer las inversiones en productos financieros de la UE. <\/p>\n<p>Tras los fracasos de intentos previos como el producto paneuropeo de pensiones, Bruselas opta ahora por recomendaciones en lugar de una directiva, para que los Estados que lo deseen puedan actuar de inmediato.<\/p>\n<p><strong>BEUC<\/strong>, la organizaci\u00f3n europea de consumidores, ha valorado la medida como \u00abun paso en la buena direcci\u00f3n\u00bb porque podr\u00eda mejorar las opciones de inversi\u00f3n para la jubilaci\u00f3n en plena \u00abcrisis de pensiones\u00bb, aunque lament\u00f3 que las propuestas no sean vinculantes.<\/p>\n","protected":false},"excerpt":{"rendered":"La Comisi\u00f3n Europea ha recomendado a los Estados miembros dar incentivos fiscales a las cuentas de ahorro e&hellip;\n","protected":false},"author":2,"featured_media":148640,"comment_status":"","ping_status":"","sticky":false,"template":"","format":"standard","meta":{"footnotes":""},"categories":[80],"tags":[21188,82,6185,1708,95,94,25,24,700,11519,10323,921,45400,45401,338,26338,23,1617],"class_list":{"0":"post-148639","1":"post","2":"type-post","3":"status-publish","4":"format-standard","5":"has-post-thumbnail","7":"category-economia","8":"tag-ahorro","9":"tag-business","10":"tag-cafe","11":"tag-comision-europea","12":"tag-economia","13":"tag-economy","14":"tag-es","15":"tag-espana","16":"tag-europa","17":"tag-eurozona","18":"tag-fiscalidad","19":"tag-inversion","20":"tag-maria-luis-albuquerque","21":"tag-mercados-de-capitales","22":"tag-portada","23":"tag-pymes","24":"tag-spain","25":"tag-union-europea"},"share_on_mastodon":{"url":"","error":""},"_links":{"self":[{"href":"https:\/\/www.europesays.com\/es\/wp-json\/wp\/v2\/posts\/148639","targetHints":{"allow":["GET"]}}],"collection":[{"href":"https:\/\/www.europesays.com\/es\/wp-json\/wp\/v2\/posts"}],"about":[{"href":"https:\/\/www.europesays.com\/es\/wp-json\/wp\/v2\/types\/post"}],"author":[{"embeddable":true,"href":"https:\/\/www.europesays.com\/es\/wp-json\/wp\/v2\/users\/2"}],"replies":[{"embeddable":true,"href":"https:\/\/www.europesays.com\/es\/wp-json\/wp\/v2\/comments?post=148639"}],"version-history":[{"count":0,"href":"https:\/\/www.europesays.com\/es\/wp-json\/wp\/v2\/posts\/148639\/revisions"}],"wp:featuredmedia":[{"embeddable":true,"href":"https:\/\/www.europesays.com\/es\/wp-json\/wp\/v2\/media\/148640"}],"wp:attachment":[{"href":"https:\/\/www.europesays.com\/es\/wp-json\/wp\/v2\/media?parent=148639"}],"wp:term":[{"taxonomy":"category","embeddable":true,"href":"https:\/\/www.europesays.com\/es\/wp-json\/wp\/v2\/categories?post=148639"},{"taxonomy":"post_tag","embeddable":true,"href":"https:\/\/www.europesays.com\/es\/wp-json\/wp\/v2\/tags?post=148639"}],"curies":[{"name":"wp","href":"https:\/\/api.w.org\/{rel}","templated":true}]}}