{"id":148655,"date":"2025-09-30T13:34:11","date_gmt":"2025-09-30T13:34:11","guid":{"rendered":"https:\/\/www.europesays.com\/es\/148655\/"},"modified":"2025-09-30T13:34:11","modified_gmt":"2025-09-30T13:34:11","slug":"franco-colapinto-correra-el-gran-premio-de-singapur-de-formula-1-este-fin-de-semana-dias-horarios-y-toda-la-actividad","status":"publish","type":"post","link":"https:\/\/www.europesays.com\/es\/148655\/","title":{"rendered":"Franco Colapinto correr\u00e1 el Gran Premio de Singapur de F\u00f3rmula 1 este fin de semana: d\u00edas, horarios y toda la actividad"},"content":{"rendered":"<p><img alt=\"Franco Colapinto saldr\u00e1 a pista\" class=\"global-image\" decoding=\"async\" fetchpriority=\"high\" height=\"1995\" loading=\"eager\" src=\"https:\/\/www.europesays.com\/es\/wp-content\/uploads\/2025\/09\/6KK2DIZ5FZDM3LQ4VD32YJKCDU.JPG\" width=\"3547\"\/>Franco Colapinto saldr\u00e1 a pista en el callejero de Singappur (REUTERS\/Anton Vaganov)<\/p>\n<p class=\"paragraph\"><b>Franco Colapinto<\/b> buscar\u00e1 revertir el complicado fin de semana que tuvo en <a href=\"https:\/\/www.infobae.com\/deportes\/2025\/09\/21\/franco-colapinto-largara-desde-el-puesto-16-el-gran-premio-de-azerbaiyan-de-la-formula-1-todo-lo-que-hay-que-saber\/\" target=\"_blank\" rel=\"noreferrer nofollow noopener\" title=\"https:\/\/www.infobae.com\/deportes\/2025\/09\/21\/franco-colapinto-largara-desde-el-puesto-16-el-gran-premio-de-azerbaiyan-de-la-formula-1-todo-lo-que-hay-que-saber\/\">el circuito callejero de Bak\u00fa<\/a> y volver\u00e1 a salir a pista con su Alpine en lo que ser\u00e1 el <b>Gran Premio de Singapur<\/b>, segunda parada de la <b>F\u00f3rmula 1<\/b> tras la temporada en Europa. Luego de terminar en el puesto 19 en Azerbaiy\u00e1n tras un toque de Alex Albon que lo complic\u00f3 en el principio de la carrera, el argentino tendr\u00e1 una nueva oportunidad de competir en un trazado ya conocido en la M\u00e1xima.<\/p>\n<p class=\"paragraph\">Cuando restan s\u00f3lo siete fechas en el calendario 2025, y a la espera de conocer su futuro de cara al pr\u00f3ximo a\u00f1o, el oriundo de Pilar buscar\u00e1 seguir en su curva ascendente a bordo de un A525 que no ofrece un buen rendimiento, algo que se puede ver por <a href=\"https:\/\/www.infobae.com\/deportes\/2025\/09\/21\/asi-quedaron-las-tablas-de-la-f1-tras-el-gp-de-azerbaiyan-se-postergo-el-titulo-de-mclaren-y-verstappen-suena-con-dar-pelea\/\" target=\"_blank\" rel=\"noreferrer nofollow noopener\" title=\"https:\/\/www.infobae.com\/deportes\/2025\/09\/21\/asi-quedaron-las-tablas-de-la-f1-tras-el-gp-de-azerbaiyan-se-postergo-el-titulo-de-mclaren-y-verstappen-suena-con-dar-pelea\/\">la \u00faltima posici\u00f3n en la tabla de Constructores <\/a>(20 puntos). El a\u00f1o pasado a bordo de Williams acab\u00f3 en el 11\u00b0 lugar, cerca de los puntos.<\/p>\n<p class=\"paragraph\">El desarrollo del fin de semana ser\u00e1 cl\u00e1sico. El primer d\u00eda de actividad, este <b>viernes 3 de octubre<\/b>, tendr\u00e1 dos pr\u00e1cticas libres (6.30 de la ma\u00f1ana y a las 10 de Argentina). El <b>s\u00e1bado 4 <\/b>se llevar\u00e1 a cabo el tercer entrenamiento (6.30 de Argentina) y luego llegar\u00e1 la clasificaci\u00f3n (10) que definir\u00e1 la grilla de partida de la carrera principal a 62 giros que se disputar\u00e1 el <b>domingo 5 desde las 9 de la ma\u00f1ana de Argentina<\/b>.<\/p>\n<p class=\"paragraph\">El corredor argentino se estren\u00f3 en la s\u00e9ptima fecha con un 16\u00b0 lugar en el Gran Premio italiano de Emilia-Roma\u00f1a. Luego estuvo en Monaco (13\u00b0), Espa\u00f1a (15\u00b0), Canad\u00e1 (13\u00b0), Austria (15\u00b0), Gran Breta\u00f1a (no pudo largar), B\u00e9lgica (fue 19\u00b0 tanto en la Sprint como en la principal) en Hungr\u00eda (18\u00b0), donde padeci\u00f3 los <a rel=\"noopener noreferrer nofollow\" href=\"https:\/\/www.infobae.com\/deportes\/2025\/08\/03\/las-increibles-demoras-de-alpine-en-boxes-que-provocaron-la-reaccion-de-colapinto-mi-dios\/\" target=\"_blank\" title=\"https:\/\/www.infobae.com\/deportes\/2025\/08\/03\/las-increibles-demoras-de-alpine-en-boxes-que-provocaron-la-reaccion-de-colapinto-mi-dios\/\">serios problemas que tuvo el equipo en los boxes<\/a>. Tras el largo parate por las vacaciones, Colapinto alcanz\u00f3 su mejor posici\u00f3n en Alpine en el trazado de los Pa\u00edses Bajos en Zandvoort (puesto 12). En el GP de Italia en Monza acab\u00f3 en el 17\u00b0 lugar.<\/p>\n<p class=\"paragraph\">La del pr\u00f3ximo fin de semana ser\u00e1 la 23\u00b0 edici\u00f3n del GP de Sinapur en la F\u00f3rmula 1. El trazado tiene poco menos de 5 kil\u00f3metros de longitud, con tres zonas de DRS y 19 curvas. La vuelta r\u00e1pida en carrera le pertenece al ya retirado <b>Daniel Ricciardo<\/b> (2024) con un tiempo de 1:34.486. El a\u00f1o pasado, <b>McLaren<\/b> celebr\u00f3 en las calles de Bak\u00fa gracias a la victoria de Lando Norris. El piloto m\u00e1s ganador en el trazado es <b>Sebastian Vettel<\/b> (5).<\/p>\n<p class=\"paragraph\">Viernes 3 de octubre<\/p>\n<p class=\"paragraph\"><b>Pr\u00e1ctica Libre 1<\/b>: 6.30 (Argentina) \/ 17.30 (Singapur)<\/p>\n<p class=\"paragraph\"><b>Pr\u00e1ctica Libre 2<\/b>: 10.00 (Argentina) \/ 21.00 (Singapur)<\/p>\n<p class=\"paragraph\">S\u00e1bado 4 de octubre<\/p>\n<p class=\"paragraph\"><b>Pr\u00e1ctica Libre 3<\/b>: 6.30 (Argentina) \/ 17.30 (Singapur)<\/p>\n<p class=\"paragraph\"><b>Clasificaci\u00f3n<\/b>: 10.00 (Argentina) \/ 21.00 (Singapur)<\/p>\n<p class=\"paragraph\">Domingo 5 de octubre<\/p>\n<p class=\"paragraph\"><b>Carrera principal a 51 vueltas<\/b>: 9.00 (Argentina) \/ 20.00 (Singapur)<\/p>\n<p class=\"paragraph\"><b>Televisaci\u00f3n<\/b>: Disney+ y Fox Sports (Latinoam\u00e9rica) \/ F1TV (plataforma) \/ BandSports (Brasil) \/ DAZN (Espa\u00f1a) \/ ESPN Deportes (Estados Unidos) \/ Sky Italia (Italia) \/ Sky Sports (Reino Unido)<\/p>\n<p><img alt=\"El circuito del GP de\" class=\"global-image\" decoding=\"async\" fetchpriority=\"low\" height=\"1080\" loading=\"lazy\" src=\"https:\/\/www.europesays.com\/es\/wp-content\/uploads\/2025\/09\/QYYGI3QFQRALJLPK25E5TTU724.jpg\" width=\"1920\"\/>El circuito del GP de Singapur de la F1<\/p>\n<p class=\"paragraph\"><b>1- GP de Emilia-Roma\u00f1a<\/b>: termin\u00f3 en el 16\u00b0 puesto<\/p>\n<p class=\"paragraph\"><b>2- GP de M\u00f3naco<\/b>: termin\u00f3 en el 13\u00b0 puesto<\/p>\n<p class=\"paragraph\"><b>3- GP de Espa\u00f1a<\/b>: lleg\u00f3 en el 15\u00b0 lugar<\/p>\n<p class=\"paragraph\"><b>4- GP de Canad\u00e1<\/b>: termin\u00f3 en el puesto 13<\/p>\n<p class=\"paragraph\"><b>5- GP de Austria<\/b>: termin\u00f3 en el puesto 15<\/p>\n<p class=\"paragraph\"><b>6- GP de Gran Breta\u00f1a<\/b>: no pudo largar por un problema mec\u00e1nico<\/p>\n<p class=\"paragraph\"><b>7- Sprint del GP de B\u00e9lgica<\/b>: lleg\u00f3 en 19\u00b0 lugar<\/p>\n<p class=\"paragraph\"><b>8- GP de B\u00e9lgica<\/b>: lleg\u00f3 en el 19\u00b0 lugar<\/p>\n<p class=\"paragraph\"><b>9- GP de Hungr\u00eda<\/b>: lleg\u00f3 en el 18\u00b0 lugar<\/p>\n<p class=\"paragraph\"><b>10- GP de Pa\u00edses Bajos<\/b>: termin\u00f3 en el puesto 11<\/p>\n<p class=\"paragraph\"><b>11- GP de Italia<\/b>: lleg\u00f3 en el 17\u00b0 lugar<\/p>\n<p class=\"paragraph\"><b>12- GP de Azerbaiy\u00e1n<\/b>: lleg\u00f3 en el puesto 19<\/p>\n<p class=\"paragraph\"><b>13- GP de Singapur<\/b>: domingo 5 de octubre a las 9.00<\/p>\n<p class=\"paragraph\"><b>14- Sprint del GP de Estados Unidos<\/b>: s\u00e1bado 18 de octubre a las 14.00<\/p>\n<p class=\"paragraph\"><b>15- GP de Estados Unidos<\/b>: domingo 19 de octubre a las 16.00<\/p>\n<p class=\"paragraph\"><b>16- GP de M\u00e9xico<\/b>: domingo 26 de octubre a las 17.00<\/p>\n<p class=\"paragraph\"><b>17- Sprint del GP de San Pablo<\/b>: s\u00e1bado 8 de noviembre a las 11.00<\/p>\n<p class=\"paragraph\"><b>18- GP de San Pablo<\/b>: domingo 9 de noviembre a las 14.00<\/p>\n<p class=\"paragraph\"><b>19- GP de Las Vegas<\/b>: domingo 23 de noviembre a la 1.00<\/p>\n<p class=\"paragraph\"><b>20- Sprint del GP de Qatar<\/b>: s\u00e1bado 29 de noviembre a las 11.00<\/p>\n<p class=\"paragraph\"><b>21- GP de Qatar<\/b>: domingo 30 de noviembre a las 13.00<\/p>\n<p class=\"paragraph\"><b>22- GP de Abu Dhabi<\/b>: domingo 7 de diciembre a las 10.00<\/p>\n<p class=\"paragraph\">* Todos los horarios son de Argentina<\/p>\n<p class=\"paragraph\">1- Oscar Piastri (McLaren): 324 puntos<\/p>\n<p class=\"paragraph\">2- Lando Norris (McLaren): 299 puntos<\/p>\n<p class=\"paragraph\">3- Max Verstappen (Red Bull): 255 puntos<\/p>\n<p class=\"paragraph\">4- George Russell (Mercedes): 212 puntos<\/p>\n<p class=\"paragraph\">5- Charles Leclerc (Ferrari): 165 puntos<\/p>\n<p class=\"paragraph\">6- Lewis Hamilton (Ferrari): 121 puntos<\/p>\n<p class=\"paragraph\">7- Andrea Kimi Antonelli (Mercedes): 78 puntos<\/p>\n<p class=\"paragraph\">8- Alexander Albon (Williams): 70 puntos<\/p>\n<p class=\"paragraph\">9- Isack Hadjar (Racing Bulls): 39 puntos<\/p>\n<p class=\"paragraph\">10- Nico H\u00fclkenberg (Sauber): 37 puntos<\/p>\n<p class=\"paragraph\">11- Lance Stroll (Aston Martin): 32 puntos<\/p>\n<p class=\"paragraph\">12- Carlos Sainz (Williams): 31 puntos<\/p>\n<p class=\"paragraph\">13- Liam Lawson (Racing Bulls): 30<\/p>\n<p class=\"paragraph\">14- Fernando Alonso (Aston Martin): 30 puntos<\/p>\n<p class=\"paragraph\">15- Esteban Ocon (Haas): 28 puntos<\/p>\n<p class=\"paragraph\">16- Pierre Gasly (Alpine): 20 puntos<\/p>\n<p class=\"paragraph\">17- Yuki Tsunoda (Red Bull): 20 puntos<\/p>\n<p class=\"paragraph\">18- Gabriel Bortoleto (Sauber): 18 puntos<\/p>\n<p class=\"paragraph\">19- Oliver Bearman (Haas): 16 puntos<\/p>\n<p class=\"paragraph\"><b>20- Franco Colapinto (Alpine): 0 puntos<\/b><\/p>\n<p class=\"paragraph\">21- Jack Doohan (Alpine)*: 0 puntos<\/p>\n<p class=\"paragraph\">*Fue reemplazado despu\u00e9s de seis carreras<\/p>\n<p class=\"paragraph\">1- McLaren: 623 puntos<\/p>\n<p class=\"paragraph\">2- Mercedes: 290 puntos<\/p>\n<p class=\"paragraph\">3- Ferrari: 286 puntos<\/p>\n<p class=\"paragraph\">4- Red Bull: 272 puntos<\/p>\n<p class=\"paragraph\">5- Williams: 101 puntos<\/p>\n<p class=\"paragraph\">6- Racing Bulls: 72 puntos<\/p>\n<p class=\"paragraph\">7- Aston Martin: 62 puntos<\/p>\n<p class=\"paragraph\">8- Sauber: 55 puntos<\/p>\n<p class=\"paragraph\">9- Haas: 44 puntos<\/p>\n<p class=\"paragraph\"><b>10-Alpine: 20 puntos<\/b><\/p>\n","protected":false},"excerpt":{"rendered":"Franco Colapinto saldr\u00e1 a pista en el callejero de Singappur (REUTERS\/Anton Vaganov) Franco Colapinto buscar\u00e1 revertir el complicado&hellip;\n","protected":false},"author":2,"featured_media":148656,"comment_status":"","ping_status":"","sticky":false,"template":"","format":"standard","meta":{"footnotes":""},"categories":[270],"tags":[36481,168,25,24,406,306,271,272,3019,23,3020,167],"class_list":{"0":"post-148655","1":"post","2":"type-post","3":"status-publish","4":"format-standard","5":"has-post-thumbnail","7":"category-formula-1","8":"tag-baku","9":"tag-deportes","10":"tag-es","11":"tag-espana","12":"tag-europe","13":"tag-f1","14":"tag-formula-1","15":"tag-formula1","16":"tag-motor-racing","17":"tag-spain","18":"tag-sport","19":"tag-sports"},"share_on_mastodon":{"url":"","error":""},"_links":{"self":[{"href":"https:\/\/www.europesays.com\/es\/wp-json\/wp\/v2\/posts\/148655","targetHints":{"allow":["GET"]}}],"collection":[{"href":"https:\/\/www.europesays.com\/es\/wp-json\/wp\/v2\/posts"}],"about":[{"href":"https:\/\/www.europesays.com\/es\/wp-json\/wp\/v2\/types\/post"}],"author":[{"embeddable":true,"href":"https:\/\/www.europesays.com\/es\/wp-json\/wp\/v2\/users\/2"}],"replies":[{"embeddable":true,"href":"https:\/\/www.europesays.com\/es\/wp-json\/wp\/v2\/comments?post=148655"}],"version-history":[{"count":0,"href":"https:\/\/www.europesays.com\/es\/wp-json\/wp\/v2\/posts\/148655\/revisions"}],"wp:featuredmedia":[{"embeddable":true,"href":"https:\/\/www.europesays.com\/es\/wp-json\/wp\/v2\/media\/148656"}],"wp:attachment":[{"href":"https:\/\/www.europesays.com\/es\/wp-json\/wp\/v2\/media?parent=148655"}],"wp:term":[{"taxonomy":"category","embeddable":true,"href":"https:\/\/www.europesays.com\/es\/wp-json\/wp\/v2\/categories?post=148655"},{"taxonomy":"post_tag","embeddable":true,"href":"https:\/\/www.europesays.com\/es\/wp-json\/wp\/v2\/tags?post=148655"}],"curies":[{"name":"wp","href":"https:\/\/api.w.org\/{rel}","templated":true}]}}