{"id":148680,"date":"2025-09-30T13:48:10","date_gmt":"2025-09-30T13:48:10","guid":{"rendered":"https:\/\/www.europesays.com\/es\/148680\/"},"modified":"2025-09-30T13:48:10","modified_gmt":"2025-09-30T13:48:10","slug":"imelda-se-fortalece-y-afecta-a-la-costa-este-de-ee-uu-que-areas-siguen-amenazadas","status":"publish","type":"post","link":"https:\/\/www.europesays.com\/es\/148680\/","title":{"rendered":"Imelda se fortalece y afecta a la costa este de EE.UU. \u00bfQu\u00e9 \u00e1reas siguen amenazadas?"},"content":{"rendered":"<p>      CNN<br \/>\n        \u00a0\u2014\u00a0<\/p>\n<p class=\"paragraph inline-placeholder vossi-paragraph\" data-uri=\"es.cms.cnn.com\/_components\/paragraph\/instances\/cmg69cl0w003h26q9hal95fw6@published\" data-editable=\"text\" data-component-name=\"paragraph\" data-article-gutter=\"true\">\n            <a href=\"https:\/\/www.cnn.com\/2025\/09\/29\/weather\/hurricane-forecast-imelda-humberto-track-climate-hnk\" rel=\"nofollow noopener\" target=\"_blank\">La tormenta tropical Imelda<\/a> se fortalece al norte de las Bahamas e inicia un brusco giro a la derecha hacia el este, evitando un impacto directo en la costa estadounidense.\n    <\/p>\n<p class=\"paragraph inline-placeholder vossi-paragraph\" data-uri=\"es.cms.cnn.com\/_components\/paragraph\/instances\/cmg69pe7a0006356nk6op20d3@published\" data-editable=\"text\" data-component-name=\"paragraph\" data-article-gutter=\"true\">\n            Sin embargo, el sistema sigue causando oleaje peligroso, corrientes de resaca, inundaciones costeras y erosi\u00f3n de playas a lo largo de la costa sureste.\n    <\/p>\n<p class=\"paragraph inline-placeholder vossi-paragraph\" data-uri=\"es.cms.cnn.com\/_components\/paragraph\/instances\/cmg69pe7a0007356nmvcsh5fu@published\" data-editable=\"text\" data-component-name=\"paragraph\" data-article-gutter=\"true\">\n            Mientras tanto, Bermudas se enfrenta a un inusual doble golpe del hurac\u00e1n Humberto e Imelda esta semana.\n    <\/p>\n<p class=\"paragraph inline-placeholder vossi-paragraph\" data-uri=\"es.cms.cnn.com\/_components\/paragraph\/instances\/cmg69pe7a0008356nyyuj1loz@published\" data-editable=\"text\" data-component-name=\"paragraph\" data-article-gutter=\"true\">\n            Humberto, que se convirti\u00f3 brevemente en una inusual tormenta de categor\u00eda 5 con vientos de 257 km\/h el s\u00e1bado, es ahora un gran hurac\u00e1n de categor\u00eda 3 ubicado a solo unos cientos de kil\u00f3metros al este de Imelda.\n    <\/p>\n<p class=\"paragraph inline-placeholder vossi-paragraph\" data-uri=\"es.cms.cnn.com\/_components\/paragraph\/instances\/cmg69pe7a0009356nrti69m5u@published\" data-editable=\"text\" data-component-name=\"paragraph\" data-article-gutter=\"true\">\n            El enorme tama\u00f1o de Humberto agravar\u00e1 los riesgos para las playas estadounidenses esta semana, generando corrientes de resaca mortales y grandes olas m\u00e1s al norte de la costa este de lo que Imelda har\u00eda sola.\n    <\/p>\n<p class=\"paragraph inline-placeholder vossi-paragraph\" data-uri=\"es.cms.cnn.com\/_components\/paragraph\/instances\/cmg69pe7a000a356n3uxrdwcq@published\" data-editable=\"text\" data-component-name=\"paragraph\" data-article-gutter=\"true\">\n            Las playas ser\u00e1n demasiado peligrosas para los nadadores en la mayor parte de la costa este esta semana.\n    <\/p>\n<p class=\"paragraph inline-placeholder vossi-paragraph\" data-uri=\"es.cms.cnn.com\/_components\/paragraph\/instances\/cmg69pe7a000b356ngvdv6zgl@published\" data-editable=\"text\" data-component-name=\"paragraph\" data-article-gutter=\"true\">\n            Imelda se alej\u00f3 de las Bahamas el lunes por la noche despu\u00e9s de azotar las islas con fuertes lluvias, vientos con fuerza de tormenta tropical y marejadas cicl\u00f3nicas durante dos d\u00edas.\n    <\/p>\n<p class=\"paragraph inline-placeholder vossi-paragraph\" data-uri=\"es.cms.cnn.com\/_components\/paragraph\/instances\/cmg69pe7a000c356nneis6rak@published\" data-editable=\"text\" data-component-name=\"paragraph\" data-article-gutter=\"true\">\n            A primera hora del martes, Imelda presentaba vientos sostenidos de 105 km\/h y su v\u00f3rtice se encontraba a unos 320 km al este de Cabo Ca\u00f1averal, Florida, seg\u00fan el Centro Nacional de Huracanes. Se espera que la tormenta alcance la fuerza de un hurac\u00e1n el martes.\n    <\/p>\n<p class=\"paragraph inline-placeholder vossi-paragraph\" data-uri=\"es.cms.cnn.com\/_components\/paragraph\/instances\/cmg69pe7a000d356nxic8x7r2@published\" data-editable=\"text\" data-component-name=\"paragraph\" data-article-gutter=\"true\">\n            A pesar de que su centro se mantiene en alta mar, Imelda ya ha demostrado ser mortal. Un hombre de 51 a\u00f1os se ahog\u00f3 en el condado de Volusia, Florida, tras ser arrastrado hacia el oc\u00e9ano por las corrientes de resaca, seg\u00fan inform\u00f3 <a href=\"https:\/\/www.facebook.com\/sheriffchitwood\/posts\/pfbid0Hv8QAeXybGwmja7z62jYQ1QaRhFXKsj3tcyruznregxAmPJyRMDJpMy2yj4iY2y3l\" target=\"_blank\" rel=\"nofollow noopener\">la oficina del sheriff<\/a>.\n    <\/p>\n<p class=\"paragraph inline-placeholder vossi-paragraph\" data-uri=\"es.cms.cnn.com\/_components\/paragraph\/instances\/cmg69pe7a000e356nhbnyy533@published\" data-editable=\"text\" data-component-name=\"paragraph\" data-article-gutter=\"true\">\n            En Cuba, la tormenta dej\u00f3 dos muertos, seg\u00fan el primer ministro Manuel Marrero. Uno de los fallecidos fue un hombre de 60 a\u00f1os que pereci\u00f3 cuando su casa se derrumb\u00f3 en un deslizamiento de tierra causado por las fuertes lluvias, inform\u00f3 <a href=\"https:\/\/apnews.com\/article\/weather-hurricane-humberto-tropical-storm-imelda-94d436e55831bd7d0b95c0432045d03f\" target=\"_blank\" rel=\"nofollow noopener\">Associated Press<\/a>.\n    <\/p>\n<p class=\"paragraph inline-placeholder vossi-paragraph\" data-uri=\"es.cms.cnn.com\/_components\/paragraph\/instances\/cmg69pe7a000f356nlma76lis@published\" data-editable=\"text\" data-component-name=\"paragraph\" data-article-gutter=\"true\">\n            Todav\u00eda es posible que se produzcan inundaciones repentinas localizadas en las costas de Carolina del Norte hasta el martes. En la mayor\u00eda de los lugares de la regi\u00f3n se esperan hasta 5 cm de lluvia, con hasta 10 cm en zonas localizadas en el sureste de Carolina del Norte.\n    <\/p>\n<p class=\"paragraph inline-placeholder vossi-paragraph\" data-uri=\"es.cms.cnn.com\/_components\/paragraph\/instances\/cmg69pe7a000g356naohr8kxg@published\" data-editable=\"text\" data-component-name=\"paragraph\" data-article-gutter=\"true\">\n            Tambi\u00e9n es posible que se produzcan inundaciones costeras desde la Costa Espacial de Florida hasta los Outer Banks de Carolina del Norte, donde los vientos terrestres podr\u00edan empujar el agua entre 30 y 60 cm por encima del suelo normalmente seco durante la marea alta.\n    <\/p>\n<p class=\"paragraph inline-placeholder vossi-paragraph\" data-uri=\"es.cms.cnn.com\/_components\/paragraph\/instances\/cmg69pe7a000h356nh7mlhyy6@published\" data-editable=\"text\" data-component-name=\"paragraph\" data-article-gutter=\"true\">\n            Imelda est\u00e1 a punto de dar un giro brusco a la derecha mientras Humberto <a href=\"https:\/\/www.cnn.com\/2025\/09\/25\/weather\/fujiwhara-effect-hurricane-xpn-climate\" rel=\"nofollow noopener\" target=\"_blank\">arrastra a la tormenta hacia el este,<\/a> alej\u00e1ndola de la costa.\n    <\/p>\n<p class=\"paragraph inline-placeholder vossi-paragraph\" data-uri=\"es.cms.cnn.com\/_components\/paragraph\/instances\/cmg69pe7a000i356n2ynpok5d@published\" data-editable=\"text\" data-component-name=\"paragraph\" data-article-gutter=\"true\">\n            Esta interacci\u00f3n prevista entre ambos sistemas es la principal raz\u00f3n por la que las amenazas de inundaciones, lluvias y vientos da\u00f1inos est\u00e1n disminuyendo en EE.UU. en comparaci\u00f3n con las preocupaciones del fin de semana.\n    <\/p>\n<p class=\"paragraph inline-placeholder vossi-paragraph\" data-uri=\"es.cms.cnn.com\/_components\/paragraph\/instances\/cmg69pe7a000j356nzy6mfhjs@published\" data-editable=\"text\" data-component-name=\"paragraph\" data-article-gutter=\"true\">\n            En lo que va del a\u00f1o, Estados Unidos ha evitado que un hurac\u00e1n toque tierra directamente. <a href=\"https:\/\/www.cnn.com\/2025\/07\/04\/weather\/storm-three-chantal-track-forecast?utm_source=cnn_Breaking+News&amp;utm_medium=email&amp;bt_ee=ljhCyvVIh0%2BLX%2FAWIiMw1Yh4JTsjpSAFjxswJXuIKV2TFx1umL9cyzpq6GRNuCPq0rZe9Hvv4PiyDZ4sWP4xWw%3D%3D&amp;bt_ts=1751720217804\" rel=\"nofollow noopener\" target=\"_blank\">La tormenta tropical Chantal<\/a> lleg\u00f3 a tierra en Carolina del Sur en julio, pero ninguna ha alcanzado la costa con fuerza de hurac\u00e1n en 2025.\n    <\/p>\n<p class=\"paragraph inline-placeholder vossi-paragraph\" data-uri=\"es.cms.cnn.com\/_components\/paragraph\/instances\/cmg69pe7a000k356nssqz2ivl@published\" data-editable=\"text\" data-component-name=\"paragraph\" data-article-gutter=\"true\">\n            Si esta racha se mantiene, ser\u00eda la primera temporada sin que un hurac\u00e1n toque tierra en una d\u00e9cada.\n    <\/p>\n<p class=\"paragraph inline-placeholder vossi-paragraph\" data-uri=\"es.cms.cnn.com\/_components\/paragraph\/instances\/cmg69pe7a000l356nuqg163vx@published\" data-editable=\"text\" data-component-name=\"paragraph\" data-article-gutter=\"true\">\n            Aun as\u00ed, esta temporada ha sido notable en otro sentido: todos los huracanes hasta la fecha \u2014Erin, Gabrielle y Humberto\u2014 han alcanzado una fuerza considerable, una haza\u00f1a no vista tan temprano desde 1935.\n    <\/p>\n<p class=\"paragraph inline-placeholder vossi-paragraph\" data-uri=\"es.cms.cnn.com\/_components\/paragraph\/instances\/cmg69pe7a000m356n2pkhr3sa@published\" data-editable=\"text\" data-component-name=\"paragraph\" data-article-gutter=\"true\">\n            Los huracanes mayores son tormentas de categor\u00edas 3, 4 y 5. La r\u00e1pida intensificaci\u00f3n se ha vuelto <a href=\"https:\/\/www.cnn.com\/2025\/08\/17\/weather\/hurricane-erin-tracking-atlantic-climate\" rel=\"nofollow noopener\" target=\"_blank\">mucho m\u00e1s com\u00fan<\/a> en los \u00faltimos a\u00f1os a medida que el planeta se calienta debido a la contaminaci\u00f3n por combustibles f\u00f3siles.\n    <\/p>\n<p class=\"paragraph inline-placeholder vossi-paragraph\" data-uri=\"es.cms.cnn.com\/_components\/paragraph\/instances\/cmg69pe7b000o356n0rao3ni6@published\" data-editable=\"text\" data-component-name=\"paragraph\" data-article-gutter=\"true\">\n            Bermudas es un blanco f\u00e1cil en la trayectoria de dos tormentas esta semana. Humberto pasar\u00e1 al oeste de la isla como un hurac\u00e1n grande y poderoso este martes, trayendo franjas de lluvia, vientos racheados y oleaje peligroso.\n    <\/p>\n<p class=\"paragraph inline-placeholder vossi-paragraph\" data-uri=\"es.cms.cnn.com\/_components\/paragraph\/instances\/cmg69pe7b000p356n5a68n2um@published\" data-editable=\"text\" data-component-name=\"paragraph\" data-article-gutter=\"true\">\n            Tras Humberto, se espera que Imelda se acerque a\u00fan m\u00e1s a Bermudas, con potencial de tocar tierra directamente y con lluvias de hasta 10 cm entre el mi\u00e9rcoles y el jueves.\n    <\/p>\n<p class=\"paragraph inline-placeholder vossi-paragraph\" data-uri=\"es.cms.cnn.com\/_components\/paragraph\/instances\/cmg69pe7b000q356n6a0l3hif@published\" data-editable=\"text\" data-component-name=\"paragraph\" data-article-gutter=\"true\">\n            El Servicio Meteorol\u00f3gico de Bermudas emiti\u00f3 una alerta de hurac\u00e1n para el archipi\u00e9lago el lunes por la tarde, antes de la llegada de Imelda.\n    <\/p>\n<p class=\"paragraph inline-placeholder vossi-paragraph\" data-uri=\"es.cms.cnn.com\/_components\/paragraph\/instances\/cmg69pe7b000r356nkpadxd5k@published\" data-editable=\"text\" data-component-name=\"paragraph\" data-article-gutter=\"true\">\n            Dos huracanes en una semana podr\u00edan asestar un golpe devastador incluso a las islas, experimentadas y acostumbradas a las tormentas.\n    <\/p>\n","protected":false},"excerpt":{"rendered":"CNN \u00a0\u2014\u00a0 La tormenta tropical Imelda se fortalece al norte de las Bahamas e inicia un brusco giro&hellip;\n","protected":false},"author":2,"featured_media":148681,"comment_status":"","ping_status":"","sticky":false,"template":"","format":"standard","meta":{"footnotes":""},"categories":[42],"tags":[17,18,45414,13,14,11,45413,61,62,63,64,19,20,9,10,15,16,12,45412,21,22,65,66,67],"class_list":{"0":"post-148680","1":"post","2":"type-post","3":"status-publish","4":"format-standard","5":"has-post-thumbnail","7":"category-internacional","8":"tag-breaking-news","9":"tag-breakingnews","10":"tag-costa-sur-ee-uu","11":"tag-featured-news","12":"tag-featurednews","13":"tag-headlines","14":"tag-huracan-humberto","15":"tag-internacional","16":"tag-international","17":"tag-international-news","18":"tag-internationalnews","19":"tag-latest-news","20":"tag-latestnews","21":"tag-news","22":"tag-noticias","23":"tag-noticias-destacadas","24":"tag-noticiasdestacadas","25":"tag-titulares","26":"tag-tormeta-imelda","27":"tag-ultimas-noticias","28":"tag-ultimasnoticias","29":"tag-world","30":"tag-world-news","31":"tag-worldnews"},"share_on_mastodon":{"url":"","error":""},"_links":{"self":[{"href":"https:\/\/www.europesays.com\/es\/wp-json\/wp\/v2\/posts\/148680","targetHints":{"allow":["GET"]}}],"collection":[{"href":"https:\/\/www.europesays.com\/es\/wp-json\/wp\/v2\/posts"}],"about":[{"href":"https:\/\/www.europesays.com\/es\/wp-json\/wp\/v2\/types\/post"}],"author":[{"embeddable":true,"href":"https:\/\/www.europesays.com\/es\/wp-json\/wp\/v2\/users\/2"}],"replies":[{"embeddable":true,"href":"https:\/\/www.europesays.com\/es\/wp-json\/wp\/v2\/comments?post=148680"}],"version-history":[{"count":0,"href":"https:\/\/www.europesays.com\/es\/wp-json\/wp\/v2\/posts\/148680\/revisions"}],"wp:featuredmedia":[{"embeddable":true,"href":"https:\/\/www.europesays.com\/es\/wp-json\/wp\/v2\/media\/148681"}],"wp:attachment":[{"href":"https:\/\/www.europesays.com\/es\/wp-json\/wp\/v2\/media?parent=148680"}],"wp:term":[{"taxonomy":"category","embeddable":true,"href":"https:\/\/www.europesays.com\/es\/wp-json\/wp\/v2\/categories?post=148680"},{"taxonomy":"post_tag","embeddable":true,"href":"https:\/\/www.europesays.com\/es\/wp-json\/wp\/v2\/tags?post=148680"}],"curies":[{"name":"wp","href":"https:\/\/api.w.org\/{rel}","templated":true}]}}