{"id":148719,"date":"2025-09-30T14:11:11","date_gmt":"2025-09-30T14:11:11","guid":{"rendered":"https:\/\/www.europesays.com\/es\/148719\/"},"modified":"2025-09-30T14:11:11","modified_gmt":"2025-09-30T14:11:11","slug":"no-es-la-flotilla-de-gaza-son-aficionados-del-galatasaray","status":"publish","type":"post","link":"https:\/\/www.europesays.com\/es\/148719\/","title":{"rendered":"No es la Flotilla de Gaza, son aficionados del Galatasaray"},"content":{"rendered":"<p style=\"text-align:justify;\">Se ha difundido en redes sociales un v\u00eddeo de un grupo de embarcaciones avanzando por el mar y lo presentan como si fuera la Flotilla Global Sumud que lleva ayuda humanitaria hacia Gaza<strong>. Es falso<\/strong>, se trata de la celebraci\u00f3n de aficionados del equipo de f\u00fatbol Galatasaray tras haber ganado en mayo la Liga y la Copa de Turqu\u00eda. <\/p>\n<p style=\"text-align:justify;\">Un mensaje <strong>compartido m\u00e1s de 22.000 veces<\/strong> en la red social X desde el 28 de septiembre difunde un v\u00eddeo y asegura que se trata de la flotilla humanitaria hacia Gaza con \u00abm\u00e1s de 50 barcos que transportan activistas de 44 pa\u00edses\u00bb. \u00abLa flotilla civil m\u00e1s grande en la historia moderna\u00bb, a\u00f1ade. Encontramos publicaciones en otras redes sociales, difundidas miles de veces, que incluyen la misma grabaci\u00f3n y tambi\u00e9n aseguran que se trata de la Flotilla Global Sumud. <\/p>\n<p>No es la Flotilla a Gaza, sino aficionados del Galatasaray turco <\/p>\n<p style=\"text-align:justify;\"><strong>Este v\u00eddeo no muestra a la Flotilla Global Sumud rumbo a Gaza, <\/strong>es la celebraci\u00f3n del equipo de f\u00fatbol del <a href=\"https:\/\/www.galatasaray.no\/tr\/tarih\/kupalar\/\" target=\"_blank\" rel=\"nofollow noopener\">Galatasaray<\/a> tras ganar la <a href=\"https:\/\/www.galatasaray.org\/en\/haber\/football\/galatasaray-claim-turkish-title-for-the-25th-time\/57842\" target=\"_blank\" rel=\"nofollow noopener\">Liga<\/a> y la <a href=\"https:\/\/www.marca.com\/futbol\/futbol-internacional\/2025\/05\/14\/morata-proclama-campeon-turquia.html\" target=\"_blank\" rel=\"nofollow noopener\">Copa de Turqu\u00eda<\/a>. A trav\u00e9s de una b\u00fasqueda inversa de imagen encontramos la misma grabaci\u00f3n difundida en TikTok el 26 de mayo de 2026 acompa\u00f1ada de las etiquetas #Galatasaray y #campe\u00f3n en turco. <\/p>\n<p style=\"text-align:justify;\">En las im\u00e1genes se puede observar que los barcos de la grabaci\u00f3n portan <strong>banderas del Galatasaray <\/strong>y la persona que aparece en primer plano viste una camiseta con los colores y el dise\u00f1o caracter\u00edstico del equipo turco. Tambi\u00e9n encontramos im\u00e1genes similares <a href=\"https:\/\/x.com\/GalatasaraySK\/status\/1926717778544689313\" target=\"_blank\" rel=\"nofollow\">en la cuenta en X del club<\/a> y en medios de comunicaci\u00f3n de Turqu\u00eda, como <a href=\"https:\/\/www.karar.com\/spor-haberleri\/yenikapida-coskulu-bulusma-galatasaray-taraftari-sampiyonlugu-kutluyor-1962527?utm_medium=organic&amp;utm_source=yandexsmartcamera\" target=\"_blank\" rel=\"nofollow noopener\">Karar,<\/a> <a href=\"https:\/\/t24.com.tr\/video\/bogaz-da-sampiyonluk-kutlamasi-galatasaray-in-bes-yildizli-sevinci-istanbul-a-yayildi,64531\" target=\"_blank\" rel=\"nofollow noopener\">T24<\/a> o <a href=\"https:\/\/www.anews.com.tr\/gallery\/sport\/hundreds-of-thousands-of-galatasaray-fans-flock-to-yenikapi-to-celebrate-trendyol-super-league-title\/9#:~:text=The%20yellow%2Dreds%20lifted%20their%203rd%20consecutive%20and%2025th%20overall%20championship%20trophy%20at%20the%20Yenikap%C4%B1%20Rally%20Area.\" target=\"_blank\" rel=\"nofollow noopener\">ANews,<\/a> que recogieron la salida de embarcaciones por el B\u00f3sforo el 25 de mayo acompa\u00f1ando al Galatasaray, <a href=\"https:\/\/x.com\/turkiyetodaycom\/status\/1926702208185176253\" target=\"_blank\" rel=\"nofollow\">cuyo equipo ocupaba un yate<\/a>. <\/p>\n<p>La <a href=\"https:\/\/globalsumudflotilla.org\/\" target=\"_blank\" rel=\"nofollow noopener\">Flotilla Global Sumud<\/a> parti\u00f3 a finales de agosto hacia Gaza desde varios puntos, entre ellos, Barcelona. <a href=\"https:\/\/www.youtube.com\/watch?t=1648&amp;v=tS81bRS7qQ8&amp;feature=youtu.be\" target=\"_blank\" rel=\"nofollow noopener\">En estas im\u00e1genes de la salida de la capital catalana<\/a> puedes observar que <strong>los barcos no portan las banderas del citado equipo de f\u00fatbol, sino insignias palestinas<\/strong>. El grupo publica su actividad en esta cuenta en <a href=\"https:\/\/www.instagram.com\/globalsumudflotilla\/\" target=\"_blank\" rel=\"nofollow noopener\">Instagram<\/a><a href=\"https:\/\/www.instagram.com\/globalsumudflotilla\" rel=\"nofollow noopener\" target=\"_blank\">,<\/a> entre otras redes, en la que puedes observar los barcos que viaja. <\/p>\n<p>El verificador \u00e1rabe <a href=\"https:\/\/www.misbar.com\/en\/factcheck\/2025\/09\/23\/video-does-not-show-global-sumud-flotilla\" target=\"_blank\" rel=\"nofollow noopener\">Misbar<\/a> tambi\u00e9n se\u00f1ala que <strong>el v\u00eddeo fue grabado en las celebraciones del Galatasaray de mayo<\/strong>. En VerificaRTVE te hemos hablado de otros casos de <a href=\"https:\/\/www.rtve.es\/noticias\/20250904\/imagen-flotilla-hacia-gaza-generada-ia\/16717259.shtml\" rel=\"nofollow noopener\" target=\"_blank\">falsas im\u00e1genes de la Flotilla, como estas que han sido generadas cin inteligencia artificial<\/a>. Tambi\u00e9n te explicamos que <a href=\"https:\/\/www.rtve.es\/noticias\/20250908\/no-son-activistas-flotilla-global-sumud-fiesta-ibiza-falso\/16721385.shtml\" rel=\"nofollow noopener\" target=\"_blank\">esta grabaci\u00f3n de los activistas no se registra en Ibiza<\/a>, es Barcelona.<\/p>\n<p>\t\t\t\t\t\t<script async src=\"\/\/www.instagram.com\/embed.js\"><\/script><\/p>\n","protected":false},"excerpt":{"rendered":"Se ha difundido en redes sociales un v\u00eddeo de un grupo de embarcaciones avanzando por el mar y&hellip;\n","protected":false},"author":2,"featured_media":148720,"comment_status":"","ping_status":"","sticky":false,"template":"","format":"standard","meta":{"footnotes":""},"categories":[42],"tags":[17,18,13,14,11,61,62,63,64,19,20,9,10,15,16,12,21,22,65,66,67],"class_list":{"0":"post-148719","1":"post","2":"type-post","3":"status-publish","4":"format-standard","5":"has-post-thumbnail","7":"category-internacional","8":"tag-breaking-news","9":"tag-breakingnews","10":"tag-featured-news","11":"tag-featurednews","12":"tag-headlines","13":"tag-internacional","14":"tag-international","15":"tag-international-news","16":"tag-internationalnews","17":"tag-latest-news","18":"tag-latestnews","19":"tag-news","20":"tag-noticias","21":"tag-noticias-destacadas","22":"tag-noticiasdestacadas","23":"tag-titulares","24":"tag-ultimas-noticias","25":"tag-ultimasnoticias","26":"tag-world","27":"tag-world-news","28":"tag-worldnews"},"share_on_mastodon":{"url":"","error":""},"_links":{"self":[{"href":"https:\/\/www.europesays.com\/es\/wp-json\/wp\/v2\/posts\/148719","targetHints":{"allow":["GET"]}}],"collection":[{"href":"https:\/\/www.europesays.com\/es\/wp-json\/wp\/v2\/posts"}],"about":[{"href":"https:\/\/www.europesays.com\/es\/wp-json\/wp\/v2\/types\/post"}],"author":[{"embeddable":true,"href":"https:\/\/www.europesays.com\/es\/wp-json\/wp\/v2\/users\/2"}],"replies":[{"embeddable":true,"href":"https:\/\/www.europesays.com\/es\/wp-json\/wp\/v2\/comments?post=148719"}],"version-history":[{"count":0,"href":"https:\/\/www.europesays.com\/es\/wp-json\/wp\/v2\/posts\/148719\/revisions"}],"wp:featuredmedia":[{"embeddable":true,"href":"https:\/\/www.europesays.com\/es\/wp-json\/wp\/v2\/media\/148720"}],"wp:attachment":[{"href":"https:\/\/www.europesays.com\/es\/wp-json\/wp\/v2\/media?parent=148719"}],"wp:term":[{"taxonomy":"category","embeddable":true,"href":"https:\/\/www.europesays.com\/es\/wp-json\/wp\/v2\/categories?post=148719"},{"taxonomy":"post_tag","embeddable":true,"href":"https:\/\/www.europesays.com\/es\/wp-json\/wp\/v2\/tags?post=148719"}],"curies":[{"name":"wp","href":"https:\/\/api.w.org\/{rel}","templated":true}]}}