{"id":148721,"date":"2025-09-30T14:13:28","date_gmt":"2025-09-30T14:13:28","guid":{"rendered":"https:\/\/www.europesays.com\/es\/148721\/"},"modified":"2025-09-30T14:13:28","modified_gmt":"2025-09-30T14:13:28","slug":"el-ayuntamiento-de-dos-hermanas-presenta-una-nueva-edicion-de-su-programa-para-el-emprendimiento-juvenil-emprendexpress","status":"publish","type":"post","link":"https:\/\/www.europesays.com\/es\/148721\/","title":{"rendered":"El Ayuntamiento de Dos Hermanas presenta una nueva edici\u00f3n de su programa para el emprendimiento juvenil EMPRENDEXPRESS"},"content":{"rendered":"<p style=\"text-align: justify;\">El <strong>Ayuntamiento de Dos Hermanas<\/strong> lanza una nueva edici\u00f3n del <strong>P<\/strong><strong>rograma para el Desarrollo de la Aptitud y Actitud Emprendedora en la Poblaci\u00f3n Juvenil \u201cEMPRENDEXPRESS\u201d<\/strong>, programa creado hace 12 a\u00f1os por la Delegaci\u00f3n de <strong>Promoci\u00f3n Econ\u00f3mica e Innovaci\u00f3n<\/strong>, que dirige la Teniente de Alcalde Delegada, Carmen Gil Ortega. Su objetivo es fomentar el emprendimiento y el autoempleo entre la juventud nazarena, acerc\u00e1ndola a las nuevas tecnolog\u00edas, a las profesiones emergentes y a la ciencia, impulsando as\u00ed competencias clave para su futuro.<\/p>\n<p style=\"text-align: justify;\">Adem\u00e1s de los habituales talleres impartidos en los centros escolares sobre emprendimiento, huertos escolares, <strong>Objetivos de Desarrollo Sostenible (ODS)<\/strong> y otras tem\u00e1ticas, en este curso acad\u00e9mico se refuerza la apuesta por la divulgaci\u00f3n cient\u00edfica y tecnol\u00f3gica. En el marco de la <strong>Semana de la Ciencia<\/strong>, un evento de divulgaci\u00f3n cient\u00edfica ya consolidado en el territorio, que este a\u00f1o se celebra del <strong>3 al 16 de noviembre<\/strong>, se han programado visitas guiadas por personal investigador a centros de investigaci\u00f3n como el <strong>Instituto de la Grasa \u2013 CSIC<\/strong>, el <strong>Centro Andaluz de Biolog\u00eda del Desarrollo<\/strong>, el <strong>FABLAB<\/strong> y el <strong>Centro de Investigaci\u00f3n, Tecnolog\u00eda e Innovaci\u00f3n <\/strong>de la Universidad de Sevilla.<\/p>\n<p style=\"text-align: justify;\">Tambi\u00e9n tendr\u00e1 lugar, por primera vez en la <strong>Ciudad del Conocimiento<\/strong>, la representaci\u00f3n de la obra de teatro <strong>\u201cMujeres cient\u00edficas: Pasado, presente y futuro\u201d<\/strong>, interpretada por investigadoras de la Universidad de Sevilla, que dar\u00e1n vida a Hipatia, Ada Lovelace, Marie Curie y Rosalind Franklin, poniendo en valor el papel de la mujer en la historia de la ciencia y contribuyendo al fomento de las \u00e1reas STEM con perspectiva de g\u00e9nero.<\/p>\n<p style=\"text-align: justify;\">Asimismo, del <strong>24 al 28 de noviembre<\/strong>, tendr\u00e1 lugar la <strong>II Semana de la Ciberseguridad \u2013 Ciudad del Conocimiento<\/strong>, con talleres, visitas a empresas, campa\u00f1as divulgativas y <strong>Caf\u00e9s con Ciencia<\/strong> para sensibilizar a la poblaci\u00f3n juvenil sobre la importancia de la protecci\u00f3n frente a fraudes y ciberataques en el entorno digital.<\/p>\n<p style=\"text-align: justify;\">Como novedad, a trav\u00e9s de las redes sociales de <strong>DHINNOVA<\/strong> se difundir\u00e1n <strong>p\u00edldoras formativas<\/strong> sobre inteligencia artificial, ciberseguridad y business intelligence, acercando contenidos de alto valor cient\u00edfico y tecnol\u00f3gico a la ciudadan\u00eda juvenil.<\/p>\n<p style=\"text-align: justify;\">Desde la puesta en marcha de <strong>\u00abEMPRENDEXPRESS\u00bb<\/strong>, cerca de 8.000 estudiantes procedentes de centros educativos de Dos Hermanas se han beneficiado de este programa, creando las bases para el emprendimiento.<\/p>\n<p style=\"text-align: justify;\">Los centros educativos interesados en participar en este programa, podr\u00e1n hacerlo en el correo electr\u00f3nico emprendexpress@doshermanas.es o a trav\u00e9s del tel\u00e9fono de la Delegaci\u00f3n de Promoci\u00f3n Econ\u00f3mica e Innovaci\u00f3n 954 91 95 60 \/ 954 73 06 04.<\/p>\n<p style=\"text-align: justify;\">Para acceder al cat\u00e1logo con la oferta detallada de todas las actividades \u201cEMPRENDEXPRESS\u201d, podr\u00e1 hacerlo en el siguiente enlace: <a href=\"https:\/\/tinyurl.com\/bdftab5f\" rel=\"nofollow noopener\" target=\"_blank\">https:\/\/tinyurl.com\/bdftab5f<\/a><\/p>\n<p style=\"text-align: justify;\">Para acceder al enlace de inscripci\u00f3n en las actividades, podr\u00e1 hacerlo en el siguiente enlace: https:\/\/tinyurl.com\/form-ee25<\/p>\n<p style=\"text-align: justify;\">El plazo de inscripci\u00f3n permanecer\u00e1 abierto desde el <strong>d\u00eda 1 de octubre, a las 12:00 h del mediod\u00eda, hasta el d\u00eda 10 de octubre, a las 12:00 h del mediod\u00eda<\/strong>.<\/p>\n","protected":false},"excerpt":{"rendered":"El Ayuntamiento de Dos Hermanas lanza una nueva edici\u00f3n del Programa para el Desarrollo de la Aptitud y&hellip;\n","protected":false},"author":2,"featured_media":148722,"comment_status":"","ping_status":"","sticky":false,"template":"","format":"standard","meta":{"footnotes":""},"categories":[5],"tags":[17,18,25,24,13,14,11,19,20,9,10,15,16,23,12,21,22],"class_list":{"0":"post-148721","1":"post","2":"type-post","3":"status-publish","4":"format-standard","5":"has-post-thumbnail","7":"category-titulares","8":"tag-breaking-news","9":"tag-breakingnews","10":"tag-es","11":"tag-espana","12":"tag-featured-news","13":"tag-featurednews","14":"tag-headlines","15":"tag-latest-news","16":"tag-latestnews","17":"tag-news","18":"tag-noticias","19":"tag-noticias-destacadas","20":"tag-noticiasdestacadas","21":"tag-spain","22":"tag-titulares","23":"tag-ultimas-noticias","24":"tag-ultimasnoticias"},"share_on_mastodon":{"url":"","error":""},"_links":{"self":[{"href":"https:\/\/www.europesays.com\/es\/wp-json\/wp\/v2\/posts\/148721","targetHints":{"allow":["GET"]}}],"collection":[{"href":"https:\/\/www.europesays.com\/es\/wp-json\/wp\/v2\/posts"}],"about":[{"href":"https:\/\/www.europesays.com\/es\/wp-json\/wp\/v2\/types\/post"}],"author":[{"embeddable":true,"href":"https:\/\/www.europesays.com\/es\/wp-json\/wp\/v2\/users\/2"}],"replies":[{"embeddable":true,"href":"https:\/\/www.europesays.com\/es\/wp-json\/wp\/v2\/comments?post=148721"}],"version-history":[{"count":0,"href":"https:\/\/www.europesays.com\/es\/wp-json\/wp\/v2\/posts\/148721\/revisions"}],"wp:featuredmedia":[{"embeddable":true,"href":"https:\/\/www.europesays.com\/es\/wp-json\/wp\/v2\/media\/148722"}],"wp:attachment":[{"href":"https:\/\/www.europesays.com\/es\/wp-json\/wp\/v2\/media?parent=148721"}],"wp:term":[{"taxonomy":"category","embeddable":true,"href":"https:\/\/www.europesays.com\/es\/wp-json\/wp\/v2\/categories?post=148721"},{"taxonomy":"post_tag","embeddable":true,"href":"https:\/\/www.europesays.com\/es\/wp-json\/wp\/v2\/tags?post=148721"}],"curies":[{"name":"wp","href":"https:\/\/api.w.org\/{rel}","templated":true}]}}