{"id":148725,"date":"2025-09-30T14:15:12","date_gmt":"2025-09-30T14:15:12","guid":{"rendered":"https:\/\/www.europesays.com\/es\/148725\/"},"modified":"2025-09-30T14:15:12","modified_gmt":"2025-09-30T14:15:12","slug":"la-asociacion-internacional-de-la-tauromaquia-tacha-de-perversa-la-ilp-para-que-los-toros-no-sean-bien-de-interes-cultural","status":"publish","type":"post","link":"https:\/\/www.europesays.com\/es\/148725\/","title":{"rendered":"La Asociaci\u00f3n Internacional de la Tauromaquia tacha de \u201cperversa\u201d la ILP para que los toros no sean bien de inter\u00e9s cultural"},"content":{"rendered":"<p data-gtm-element-container=\"modulo-texto-link\" class=\"paragraph\">MADRID, 30 (SERVIMEDIA)<\/p>\n<p data-gtm-element-container=\"modulo-texto-link\" class=\"paragraph\">La Asociaci\u00f3n Internacional de la Tauromaquia tach\u00f3 este martes de \u201cperversa, ilegal e inconstitucional\u201d la ILP que ha llegado al Congreso de los Diputados tras recabar m\u00e1s de 600.000 firmas que piden que las Comunidades Aut\u00f3nomas sean competentes para establecer qu\u00e9 consideran bien de inter\u00e9s cultural. <\/p>\n<p data-gtm-element-container=\"modulo-texto-link\" class=\"paragraph\">Seg\u00fan la asociaci\u00f3n, \u201cla reiterada jurisprudencia del Tribunal Constitucional espa\u00f1ol ha sostenido que las comunidades aut\u00f3nomas no son competentes para prohibir las manifestaciones de nuestro Patrimonio Cultural\u201d, por lo que considera que \u201cesta ha de ser la oportunidad para que el sector reaccione adecuadamente, garantizando que los ciudadanos disfruten de la Tauromaquia como la propia ley lo dispone\u201d.<\/p>\n<p data-gtm-element-container=\"modulo-texto-link\" class=\"paragraph\">La Asociaci\u00f3n Internacional de la Tauromaquia entiende que \u201cla pretensi\u00f3n contenida en la citada ILP no es otra que tratar de desmontar el blindaje legal que protege la Tauromaquia, otorgando a las comunidades aut\u00f3nomas la competencia para prohibir los espect\u00e1culos taurinos en sus territorios, lo que constituir\u00eda un expolio cultural definido en el art\u00edculo 4 de la ley de Patrimonio Hist\u00f3rico espa\u00f1ol\u201d.<\/p>\n<p data-gtm-element-container=\"modulo-texto-link\" class=\"paragraph\">Para todo ello, la organizaci\u00f3n recuerda sentencias del Tribunal Constitucional que atribuyen al Estado esas competencias y que Ley 18\/2013 \u201cordena al imponer a los poderes p\u00fablicos estadal, auton\u00f3mico y municipal, la obligaci\u00f3n de proteger la Tauromaquia, conservarla y enriquecerla, se rechace en nuestro Parlamento cualquier intento o acci\u00f3n que persiga su expolio\u201d.<\/p>\n<p data-gtm-element-container=\"modulo-texto-link\" class=\"paragraph\">\u201cFinalmente, as\u00ed como lo ordena su propio texto, una vez vigente la Ley 10\/2015, de 26 de mayo, que adecua la legislaci\u00f3n espa\u00f1ola a las disposiciones de la Convenci\u00f3n para la Salvaguarda del Patrimonio Cultural de la Unesco, se d\u00e9 cabal cumplimiento a las disposiciones program\u00e1ticas contenidas en la misma\u201d, concluy\u00f3 la asociaci\u00f3n.<\/p>\n<p data-gtm-element-container=\"modulo-texto-link\" class=\"paragraph\">(SERVIMEDIA)30-SEP-2025 14:42 (GMT +2)AHP\/gja<\/p>\n<p data-gtm-element-container=\"modulo-texto-link\" class=\"paragraph\">\u00a9 SERVIMEDIA. Esta informaci\u00f3n es propiedad de Servimedia. S\u00f3lo puede ser difundida por los clientes de esta agencia de noticias citando a Servimedia como autor o fuente. Todos los derechos reservados. Queda prohibida la distribuci\u00f3n y la comunicaci\u00f3n p\u00fablica por terceros mediante cualquier v\u00eda o soporte.<\/p>\n","protected":false},"excerpt":{"rendered":"MADRID, 30 (SERVIMEDIA) La Asociaci\u00f3n Internacional de la Tauromaquia tach\u00f3 este martes de \u201cperversa, ilegal e inconstitucional\u201d la&hellip;\n","protected":false},"author":2,"featured_media":148726,"comment_status":"","ping_status":"","sticky":false,"template":"","format":"standard","meta":{"footnotes":""},"categories":[277],"tags":[373,168,25,24,23,167,374],"class_list":{"0":"post-148725","1":"post","2":"type-post","3":"status-publish","4":"format-standard","5":"has-post-thumbnail","7":"category-toreo","8":"tag-bullfighting","9":"tag-deportes","10":"tag-es","11":"tag-espana","12":"tag-spain","13":"tag-sports","14":"tag-toreo"},"share_on_mastodon":{"url":"","error":""},"_links":{"self":[{"href":"https:\/\/www.europesays.com\/es\/wp-json\/wp\/v2\/posts\/148725","targetHints":{"allow":["GET"]}}],"collection":[{"href":"https:\/\/www.europesays.com\/es\/wp-json\/wp\/v2\/posts"}],"about":[{"href":"https:\/\/www.europesays.com\/es\/wp-json\/wp\/v2\/types\/post"}],"author":[{"embeddable":true,"href":"https:\/\/www.europesays.com\/es\/wp-json\/wp\/v2\/users\/2"}],"replies":[{"embeddable":true,"href":"https:\/\/www.europesays.com\/es\/wp-json\/wp\/v2\/comments?post=148725"}],"version-history":[{"count":0,"href":"https:\/\/www.europesays.com\/es\/wp-json\/wp\/v2\/posts\/148725\/revisions"}],"wp:featuredmedia":[{"embeddable":true,"href":"https:\/\/www.europesays.com\/es\/wp-json\/wp\/v2\/media\/148726"}],"wp:attachment":[{"href":"https:\/\/www.europesays.com\/es\/wp-json\/wp\/v2\/media?parent=148725"}],"wp:term":[{"taxonomy":"category","embeddable":true,"href":"https:\/\/www.europesays.com\/es\/wp-json\/wp\/v2\/categories?post=148725"},{"taxonomy":"post_tag","embeddable":true,"href":"https:\/\/www.europesays.com\/es\/wp-json\/wp\/v2\/tags?post=148725"}],"curies":[{"name":"wp","href":"https:\/\/api.w.org\/{rel}","templated":true}]}}