{"id":148738,"date":"2025-09-30T14:25:56","date_gmt":"2025-09-30T14:25:56","guid":{"rendered":"https:\/\/www.europesays.com\/es\/148738\/"},"modified":"2025-09-30T14:25:56","modified_gmt":"2025-09-30T14:25:56","slug":"la-otra-ampliacion-del-museo-que-rompe-las-barreras-fisicas-del-arte","status":"publish","type":"post","link":"https:\/\/www.europesays.com\/es\/148738\/","title":{"rendered":"La otra \u2018ampliaci\u00f3n\u2019 del museo, que rompe las barreras f\u00edsicas del arte"},"content":{"rendered":"<p>\n        <strong>M\u00e1s de 6.600 obras, 1.300 artistas, 70.000 documentos de archivo..<\/strong>. El Bellas Artes de Bilbao ha inaugurado una nueva <strong>plataforma digital <\/strong>que redefine la forma de relacionarse con el p\u00fablico y marca un paso decisivo en su proceso de transformaci\u00f3n. <strong>El proyecto, presentado como la \u201cotra ampliaci\u00f3n\u201d <\/strong>que acompa\u00f1a a la obra f\u00edsica dirigida por Norman Foster y Luis Mar\u00eda Uriarte, y cuya finalizaci\u00f3n est\u00e1 prevista para junio de 2026, convierte al museo en un referente internacional al situar su conocimiento en la red de manera abierta y accesible.\n<\/p>\n<p class=\"article-body__text \">\n        <strong>A trav\u00e9s de la Inteligencia Artificial Neurosimb\u00f3lica, <\/strong>el museo ha conseguido conectar y enlazar todos sus activos de conocimiento en una misma plataforma digital. Seg\u00fan explic\u00f3 la comisaria digital del proyecto,<strong> Sonia L\u00f3pez, la nueva web \u201csustituye a la actual y va m\u00e1s all\u00e1 de ella, <\/strong>porque no solo re\u00fane, sino que relaciona colecciones, archivos y fondos, ofreciendo un patrimonio digital \u00fanico en Euskadi\u201d.\u00a0\n<\/p>\n<p>  Explorar, Visita y Museo<\/p>\n<p class=\"article-body__text \">\n        La experiencia digital, en la que ha colaborado Metro Bilbao, <strong>se articula en tres grandes ejes: Explorar, Visita y Museo<\/strong>. En explorar, coraz\u00f3n de la plataforma,<strong>\u00a0se concentran buscador, colecciones, exposiciones, archivo y multimedia<\/strong>. El segundo apartado es un espacio para planificar la experiencia presencial, con informaci\u00f3n sobre actividades y el hist\u00f3rico completo de exposiciones desde 1914. Y la tercera, Museo, se dedica al \u00e1rea institucional con recursos de prensa, educaci\u00f3n y comunidad\n<\/p>\n<p class=\"article-body__text \">\n        <strong>Cada b\u00fasqueda, explican sus responsables, abre m\u00faltiples caminos<\/strong>: desde un acercamiento inicial a una exploraci\u00f3n historiogr\u00e1fica en profundidad. Todo est\u00e1 interconectado, cada cuadro enlaza con las exposiciones en las que ha participado, por lo que es posible r<strong>ecorrer todas las muestras celebradas en el museo desde 1914, incluida la primera, dedicada a El Greco.<\/strong> Se incluyen explicaciones, la biograf\u00eda del autor y, gracias a la tecnolog\u00eda gigap\u00edxel, la posibilidad de ampliar la imagen hasta el m\u00e1s m\u00ednimo detalle. Se da as\u00ed contexto y entendimiento de cada cuadro, mostrando incluso el reverso de las piezas o las im\u00e1genes infrarrojas aplicadas durante su estudio.\n<\/p>\n<p>  Archivo hist\u00f3rico y biblioteca<\/p>\n<p class=\"article-body__text \">\n        <strong>La nueva plataforma integra por primera vez el archivo hist\u00f3rico y la biblioteca del museo<\/strong>. Entre ellos<strong> se incluyen fondos del historiador y cr\u00edtico de arte Xabier S\u00e1enz de Gorbea, de la pintora Isabel Baquedano <\/strong>o la in\u00e9dita colecci\u00f3n Le Corbusier, integrada en la incipiente Colecci\u00f3n de Dise\u00f1o.\n<\/p>\n<p class=\"article-body__text \">\n        Para completar la narrativa del contexto del museo, su historia y su colecci\u00f3n, se han creado entradas enciclop\u00e9dicas en la secci\u00f3n <strong>Arteder, una serie de fichas sobre arquitectos, cr\u00edticos, galer\u00edas, asociaciones, coleccionistas,<\/strong> etc\u00e9tera, que explican el ecosistema art\u00edstico local y, por extensi\u00f3n, del museo.\u00a0\n<\/p>\n<p class=\"article-body__text \">\n        Adem\u00e1s, <strong>la secci\u00f3n Historias recoge hitos y temas<\/strong>, la evoluci\u00f3n del museo a trav\u00e9s de sus sedes o los textos en torno a la colecci\u00f3n del escritor Kirmen Uribe, por ejemplo, abordados desde una mirada no can\u00f3nica e interdisciplinar.<\/p>\n","protected":false},"excerpt":{"rendered":"M\u00e1s de 6.600 obras, 1.300 artistas, 70.000 documentos de archivo&#8230; El Bellas Artes de Bilbao ha inaugurado una&hellip;\n","protected":false},"author":2,"featured_media":148739,"comment_status":"","ping_status":"","sticky":false,"template":"","format":"standard","meta":{"footnotes":""},"categories":[173],"tags":[5306,229,233,231,230,45420,232,234,146,147,25,24,45421,470,105,23],"class_list":{"0":"post-148738","1":"post","2":"type-post","3":"status-publish","4":"format-standard","5":"has-post-thumbnail","7":"category-arte-y-diseno","8":"tag-ampliacion","9":"tag-arte","10":"tag-arte-y-diseno","11":"tag-arts","12":"tag-arts-and-design","13":"tag-barreras","14":"tag-design","15":"tag-diseno","16":"tag-entertainment","17":"tag-entretenimiento","18":"tag-es","19":"tag-espana","20":"tag-fisicas","21":"tag-museo","22":"tag-rompe","23":"tag-spain"},"share_on_mastodon":{"url":"","error":""},"_links":{"self":[{"href":"https:\/\/www.europesays.com\/es\/wp-json\/wp\/v2\/posts\/148738","targetHints":{"allow":["GET"]}}],"collection":[{"href":"https:\/\/www.europesays.com\/es\/wp-json\/wp\/v2\/posts"}],"about":[{"href":"https:\/\/www.europesays.com\/es\/wp-json\/wp\/v2\/types\/post"}],"author":[{"embeddable":true,"href":"https:\/\/www.europesays.com\/es\/wp-json\/wp\/v2\/users\/2"}],"replies":[{"embeddable":true,"href":"https:\/\/www.europesays.com\/es\/wp-json\/wp\/v2\/comments?post=148738"}],"version-history":[{"count":0,"href":"https:\/\/www.europesays.com\/es\/wp-json\/wp\/v2\/posts\/148738\/revisions"}],"wp:featuredmedia":[{"embeddable":true,"href":"https:\/\/www.europesays.com\/es\/wp-json\/wp\/v2\/media\/148739"}],"wp:attachment":[{"href":"https:\/\/www.europesays.com\/es\/wp-json\/wp\/v2\/media?parent=148738"}],"wp:term":[{"taxonomy":"category","embeddable":true,"href":"https:\/\/www.europesays.com\/es\/wp-json\/wp\/v2\/categories?post=148738"},{"taxonomy":"post_tag","embeddable":true,"href":"https:\/\/www.europesays.com\/es\/wp-json\/wp\/v2\/tags?post=148738"}],"curies":[{"name":"wp","href":"https:\/\/api.w.org\/{rel}","templated":true}]}}