{"id":148742,"date":"2025-09-30T14:31:09","date_gmt":"2025-09-30T14:31:09","guid":{"rendered":"https:\/\/www.europesays.com\/es\/148742\/"},"modified":"2025-09-30T14:31:09","modified_gmt":"2025-09-30T14:31:09","slug":"el-almeria-a-mantener-el-ritmo-impuesto-ud-almeria","status":"publish","type":"post","link":"https:\/\/www.europesays.com\/es\/148742\/","title":{"rendered":"El Almer\u00eda, a mantener el ritmo impuesto | UD Almeria"},"content":{"rendered":"<p>El Almer\u00eda ha reanudado los entrenamientos de una semana que a nivel competitivo culminar\u00e1 el s\u00e1bado con el partido que le enfrentar\u00e1 al Deportivo de La Coru\u00f1a en el Estadio Abanca-Riazor, correspondiente a la octava jornada de LALIGA HYPERMOTION. Si los rojiblancos vienen de jugar en un escenario complejo y ante un rival de gran potencial, ahora, de manera consecutiva, se disponen a visitar nada m\u00e1s y nada menos que al l\u00edder y en un estadio que intimida.<\/p>\n<p>El conjunto almeriense va a jugar el quinto encuentro, de ocho, como visitante y al igual que los anteriores frente a adversarios hist\u00f3ricos y que parten en el campeonato con las m\u00e1ximas aspiraciones, como el Racing de Santander, Real Valladolid, Sporting de Gij\u00f3n, UD Las Palmas y ahora el D\u00e9por que, a tenor de su inicio de temporada, va camino de incluir el \u201cS\u00faper\u201d en su nombre.<\/p>\n<p>En cualquier caso, el Almer\u00eda est\u00e1 dando la cara y ha encadenado dos victorias consecutivas por primera vez en la Liga, que quiere ampliar a tres, aunque ser\u00e1 muy complicado. Los ind\u00e1licos han impuesto un fuerte ritmo de juego con un alto nivel de calidad, que quieren mantener en el Abanca-Riazor. Con este objetivo se han puesto a trabajar en el Anexo.<\/p>\n<p>Para la cita en La Coru\u00f1a es baja segura Embarba tras su expulsi\u00f3n en Las Palmas. Lopy, que Rubi lo tiene como duda por su lesi\u00f3n de grado 1 en el aductor que se produjo contra el Sporting de Gij\u00f3n, sigue pendiente de evoluci\u00f3n. En el inicio de la semana de entrenamientos se ha ejercitado al margen del grupo. Algunos jugadores se han retirado antes de la sesi\u00f3n o no han salido al Anexo para llevar a cabo un trabajo alternativo. Ya a partir de este mi\u00e9rcoles, y a puerta cerrada, la plantilla se centrar\u00e1 en preparar la visita al l\u00edder de LALIGA HYPERMOTION.<\/p>\n","protected":false},"excerpt":{"rendered":"El Almer\u00eda ha reanudado los entrenamientos de una semana que a nivel competitivo culminar\u00e1 el s\u00e1bado con el&hellip;\n","protected":false},"author":2,"featured_media":148743,"comment_status":"","ping_status":"","sticky":false,"template":"","format":"standard","meta":{"footnotes":""},"categories":[93],"tags":[168,25,24,23,167],"class_list":{"0":"post-148742","1":"post","2":"type-post","3":"status-publish","4":"format-standard","5":"has-post-thumbnail","7":"category-deportes","8":"tag-deportes","9":"tag-es","10":"tag-espana","11":"tag-spain","12":"tag-sports"},"share_on_mastodon":{"url":"","error":""},"_links":{"self":[{"href":"https:\/\/www.europesays.com\/es\/wp-json\/wp\/v2\/posts\/148742","targetHints":{"allow":["GET"]}}],"collection":[{"href":"https:\/\/www.europesays.com\/es\/wp-json\/wp\/v2\/posts"}],"about":[{"href":"https:\/\/www.europesays.com\/es\/wp-json\/wp\/v2\/types\/post"}],"author":[{"embeddable":true,"href":"https:\/\/www.europesays.com\/es\/wp-json\/wp\/v2\/users\/2"}],"replies":[{"embeddable":true,"href":"https:\/\/www.europesays.com\/es\/wp-json\/wp\/v2\/comments?post=148742"}],"version-history":[{"count":0,"href":"https:\/\/www.europesays.com\/es\/wp-json\/wp\/v2\/posts\/148742\/revisions"}],"wp:featuredmedia":[{"embeddable":true,"href":"https:\/\/www.europesays.com\/es\/wp-json\/wp\/v2\/media\/148743"}],"wp:attachment":[{"href":"https:\/\/www.europesays.com\/es\/wp-json\/wp\/v2\/media?parent=148742"}],"wp:term":[{"taxonomy":"category","embeddable":true,"href":"https:\/\/www.europesays.com\/es\/wp-json\/wp\/v2\/categories?post=148742"},{"taxonomy":"post_tag","embeddable":true,"href":"https:\/\/www.europesays.com\/es\/wp-json\/wp\/v2\/tags?post=148742"}],"curies":[{"name":"wp","href":"https:\/\/api.w.org\/{rel}","templated":true}]}}