{"id":148744,"date":"2025-09-30T14:33:13","date_gmt":"2025-09-30T14:33:13","guid":{"rendered":"https:\/\/www.europesays.com\/es\/148744\/"},"modified":"2025-09-30T14:33:13","modified_gmt":"2025-09-30T14:33:13","slug":"me-van-a-hundir-la-vida","status":"publish","type":"post","link":"https:\/\/www.europesays.com\/es\/148744\/","title":{"rendered":"\u00abMe van a hundir la vida\u00bb"},"content":{"rendered":"<p><img decoding=\"async\" class=\"voc-author__img\" src=\"https:\/\/www.europesays.com\/es\/wp-content\/uploads\/2025\/09\/autor-5051-foto-8.png\" alt=\"In\u00e9s Romero\"\/><\/p>\n<p class=\"voc-p\" style=\"\"><strong>Fernando Tejero<\/strong> es uno de esos <a href=\"https:\/\/www.abc.es\/noticias\/famosos\/\" title=\"www.abc.es\" data-voc-vtm-id=\"in-text-traffic\" data-mrf-link=\"www.abc.es\" rel=\"nofollow noopener\" target=\"_blank\">famosos<\/a> que ha pasado por <a href=\"https:\/\/www.abc.es\/gente\/valeria-vegas-concursante-masterchef-celebrity-verdadero-nombre-20250908194718-nt.html\" title=\"www.abc.es\" data-voc-vtm-id=\"in-text-traffic\" data-mrf-link=\"www.abc.es\" rel=\"nofollow noopener\" target=\"_blank\">&#8216;MasterChef Celebrity&#8217;<\/a>. El actor particip\u00f3 en la primera edici\u00f3n del programa, emitida en 2016 en <a href=\"https:\/\/www.abc.es\/play\/television\/noticias\/externalizacion-presiones-temor-enviado-valle-caidos-trabajadores-20250929192701-nt.html\" title=\"www.abc.es\" data-voc-vtm-id=\"in-text-traffic\" data-mrf-link=\"www.abc.es\" rel=\"nofollow noopener\" target=\"_blank\">TVE<\/a>. All\u00ed comparti\u00f3 cocinas con compa\u00f1eros de profesi\u00f3n como <a href=\"https:\/\/www.abc.es\/recreo\/loles-leon-posiciona-politicamente-revela-partido-voto-ultimas-elecciones-generales-20250707113724-nt.html\" title=\"www.abc.es\" data-voc-vtm-id=\"in-text-traffic\" data-mrf-link=\"www.abc.es\" rel=\"nofollow noopener\" target=\"_blank\">Loles Le\u00f3n<\/a>, <strong>Cayetana Guill\u00e9n Cuervo<\/strong> o <strong>Miguel \u00c1ngel Mu\u00f1oz<\/strong>. Este \u00faltimo se proclam\u00f3 ganador.<\/p>\n<p class=\"voc-p\" style=\"\">Lo cierto es que a Tejero no se le dio mal eso de cocinar, pues <strong>se qued\u00f3 a las puertas de la final<\/strong> y logr\u00f3 una tercera posici\u00f3n. Sin embargo, no todo es tan bonito como parece. As\u00ed lo ha confirmado el propio exconcursante en el podcast <a href=\"https:\/\/www.youtube.com\/watch?v=j3MC9fGYO30\" title=\"www.youtube.com\" data-voc-vtm-id=\"in-text-traffic\" data-mrf-link=\"www.youtube.com\" rel=\"nofollow noopener\" target=\"_blank\">&#8216;Poco se Habla&#8217;<\/a>. <\/p>\n<p class=\"voc-p\" style=\"\">En la entrevista le han preguntando c\u00f3mo fue su experiencia en los fogones con <a href=\"https:\/\/www.abc.es\/recreo\/jordi-cruz-filtros-sobre-jornadas-laborales-hosteleria-20250918120526-nt.html\" title=\"www.abc.es\" data-voc-vtm-id=\"in-text-traffic\" data-mrf-link=\"www.abc.es\" rel=\"nofollow noopener\" target=\"_blank\">Jordi Cruz<\/a>, <a href=\"https:\/\/www.abc.es\/recreo\/pepe-rodriguez-tajante-sobre-personas-prohibido-comer-20250925083000-nt.html\" title=\"www.abc.es\" data-voc-vtm-id=\"in-text-traffic\" data-mrf-link=\"www.abc.es\" rel=\"nofollow noopener\" target=\"_blank\">Pepe Rodr\u00edguez<\/a> y <a href=\"https:\/\/www.abc.es\/recreo\/paga-euros-comer-restaurante-samantha-vallejo-nagera-opina-platos-20250802123544-nt.html\" title=\"www.abc.es\" data-voc-vtm-id=\"in-text-traffic\" data-mrf-link=\"www.abc.es\" rel=\"nofollow noopener\" target=\"_blank\">Samantha Vallejo-N\u00e1gera<\/a>. El artista reconoce estar descontento y <strong>ha sacado a la luz la verdad de los rodajes<\/strong>.<\/p>\n<p>\nFernando Tejero no se corta y habla sin filtros sobre los rodajes de &#8216;MasterChef Celebrity&#8217;\n<\/p>\n<p class=\"voc-p\" style=\"\"><a href=\"https:\/\/www.abc.es\/espana\/andalucia\/cordoba\/hilarante-anecdota-actor-cordobes-fernando-tejero-tinder-20250924201312-nts.html\" title=\"www.abc.es\" data-voc-vtm-id=\"in-text-traffic\" data-mrf-link=\"www.abc.es\" rel=\"nofollow noopener\" target=\"_blank\">Fernando Tejero<\/a> se sincera e indica que &#8216;MasterChef Celebrity&#8217; \u00abest\u00e1 guionizado\u00bb. <strong>\u00abA m\u00ed me dec\u00edan por el pinganillo: &#8216;Dale ca\u00f1a a Loles&#8217;\u00bb<\/strong>, asegura. <\/p>\n<p class=\"voc-p\" style=\"\">El int\u00e9rprete explica que desde el propio programa deciden <strong>roles<\/strong>. \u00abEst\u00e1 el guapo, el borde, el simp\u00e1tico&#8230; <strong>A m\u00ed me toc\u00f3 ser el borde<\/strong>\u00bb, explica. Para Tejero, dar esta imagen le caus\u00f3 muchos problemas. \u00abCuando ponen el primer cap\u00edtulo en emisi\u00f3n, iba vi\u00e9ndolo y tambi\u00e9n las redes sociales. <strong>A m\u00ed me dio ansiedad porque era mentira<\/strong>. Yo tengo mi mala hostia como cualquiera, pero ah\u00ed lo montan\u00bb, sostiene. <\/p>\n<p class=\"voc-p\" style=\"\">El actor declara que, desde ese momento, dej\u00f3 de seguir el &#8216;reality&#8217; de TVE. \u00abNo lo volv\u00ed a ver m\u00e1s. Como Dr\u00e1cula cuando ve una cruz. <strong>Yo dec\u00eda: &#8216;Los hijos de puta estos me van a hundir la vida&#8217;<\/strong>\u00bb, lamenta.<\/p>\n<p>Reportar un error<\/p>\n","protected":false},"excerpt":{"rendered":"Fernando Tejero es uno de esos famosos que ha pasado por &#8216;MasterChef Celebrity&#8217;. El actor particip\u00f3 en la&hellip;\n","protected":false},"author":2,"featured_media":148745,"comment_status":"","ping_status":"","sticky":false,"template":"","format":"standard","meta":{"footnotes":""},"categories":[91],"tags":[4228,10109,45422,13653,146,147,25,24,2421,1875,15297,17909,12850,23,10220,24195],"class_list":{"0":"post-148744","1":"post","2":"type-post","3":"status-publish","4":"format-standard","5":"has-post-thumbnail","7":"category-entretenimiento","8":"tag-ansiedad","9":"tag-celebrity","10":"tag-descontento","11":"tag-dio","12":"tag-entertainment","13":"tag-entretenimiento","14":"tag-es","15":"tag-espana","16":"tag-fernando","17":"tag-luz","18":"tag-masterchef","19":"tag-rodajes","20":"tag-saca","21":"tag-spain","22":"tag-tejero","23":"tag-verdad"},"share_on_mastodon":{"url":"","error":""},"_links":{"self":[{"href":"https:\/\/www.europesays.com\/es\/wp-json\/wp\/v2\/posts\/148744","targetHints":{"allow":["GET"]}}],"collection":[{"href":"https:\/\/www.europesays.com\/es\/wp-json\/wp\/v2\/posts"}],"about":[{"href":"https:\/\/www.europesays.com\/es\/wp-json\/wp\/v2\/types\/post"}],"author":[{"embeddable":true,"href":"https:\/\/www.europesays.com\/es\/wp-json\/wp\/v2\/users\/2"}],"replies":[{"embeddable":true,"href":"https:\/\/www.europesays.com\/es\/wp-json\/wp\/v2\/comments?post=148744"}],"version-history":[{"count":0,"href":"https:\/\/www.europesays.com\/es\/wp-json\/wp\/v2\/posts\/148744\/revisions"}],"wp:featuredmedia":[{"embeddable":true,"href":"https:\/\/www.europesays.com\/es\/wp-json\/wp\/v2\/media\/148745"}],"wp:attachment":[{"href":"https:\/\/www.europesays.com\/es\/wp-json\/wp\/v2\/media?parent=148744"}],"wp:term":[{"taxonomy":"category","embeddable":true,"href":"https:\/\/www.europesays.com\/es\/wp-json\/wp\/v2\/categories?post=148744"},{"taxonomy":"post_tag","embeddable":true,"href":"https:\/\/www.europesays.com\/es\/wp-json\/wp\/v2\/tags?post=148744"}],"curies":[{"name":"wp","href":"https:\/\/api.w.org\/{rel}","templated":true}]}}