{"id":148777,"date":"2025-09-30T14:53:11","date_gmt":"2025-09-30T14:53:11","guid":{"rendered":"https:\/\/www.europesays.com\/es\/148777\/"},"modified":"2025-09-30T14:53:11","modified_gmt":"2025-09-30T14:53:11","slug":"cuando-el-critico-mas-famoso-del-mundo-destrozo-este-thriller-de-guy-ritchie-con-jason-statham-me-cabreo","status":"publish","type":"post","link":"https:\/\/www.europesays.com\/es\/148777\/","title":{"rendered":"Cuando el cr\u00edtico m\u00e1s famoso del mundo destroz\u00f3 este thriller de Guy Ritchie con Jason Statham: \u201cMe cabre\u00f3\u201d"},"content":{"rendered":"<p class=\"\">El director y guionista <b>Guy Ritchie<\/b> es una de las <a href=\"https:\/\/as.com\/meristation\/reportajes\/las-10-mejores-peliculas-de-guy-ritchie-ordenadas-de-peor-a-mejor-segun-imdb-r\/\" target=\"_blank\" rel=\"noreferrer nofollow noopener\" title=\"https:\/\/as.com\/meristation\/reportajes\/las-10-mejores-peliculas-de-guy-ritchie-ordenadas-de-peor-a-mejor-segun-imdb-r\/\">personalidades<\/a> m\u00e1s respetadas de la industria cinematogr\u00e1fica actual gracias a sus numerosos \u00e9xitos y su particular estilo, a pesar de que tambi\u00e9n ha tenido alg\u00fan que otro tropiezo a lo largo de su <a href=\"https:\/\/as.com\/meristation\/cine\/guy-richie-abandona-dirigir-la-secuela-de-este-exitoso-remake-de-jake-gyllenhaal-para-amazon-n\/\" target=\"_blank\" rel=\"noreferrer nofollow noopener\" title=\"https:\/\/as.com\/meristation\/cine\/guy-richie-abandona-dirigir-la-secuela-de-este-exitoso-remake-de-jake-gyllenhaal-para-amazon-n\/\">larga carrera<\/a>, con algunos de sus fans acus\u00e1ndole de venderse al mainstream, dejando atr\u00e1s lo que hizo grandes su filmograf\u00eda. No en vano, es responsable de aut\u00e9nticos peliculones como \u2018<b>Lock and Stock<\/b>\u2019, \u2018<b>Snatch: Cerdos y diamantes<\/b>\u2019, \u2018<b>RocknRolla<\/b>\u2019 o \u2018<a href=\"https:\/\/as.com\/meristation\/series\/the-gentlemen-divertida-violenta-e-irrespetuosa-guy-ritchie-en-estado-puro-n\/\" target=\"_blank\" rel=\"noreferrer nofollow noopener\" title=\"https:\/\/as.com\/meristation\/series\/the-gentlemen-divertida-violenta-e-irrespetuosa-guy-ritchie-en-estado-puro-n\/\">The Gentlemen<\/a>\u2019, adem\u00e1s de sumarse a la ola de los blockbusters con la saga \u2018<b>Sherlock Holmes<\/b>\u2019 o el live action \u2018<b>Aladd\u00edn<\/b>\u2019. Sea como fuere, parece que \u2018<b>Revolver<\/b>\u2019, su cuarta pel\u00edcula y <a href=\"https:\/\/as.com\/meristation\/2022\/01\/29\/reportajes\/1643457102_445362.html\" target=\"_blank\" rel=\"noreferrer nofollow noopener\" title=\"https:\/\/as.com\/meristation\/2022\/01\/29\/reportajes\/1643457102_445362.html\">tercera colaboraci\u00f3n<\/a> con <b>Jason Statham<\/b>, <a href=\"https:\/\/faroutmagazine.co.uk\/hopeless-movie-angered-roger-ebert\/\" target=\"_blank\" rel=\"noreferrer nofollow noopener\" title=\"https:\/\/faroutmagazine.co.uk\/hopeless-movie-angered-roger-ebert\/\">no convenci\u00f3<\/a> al cr\u00edtico m\u00e1s famoso del mundo, <b>Roger Ebert<\/b>, el cual afirm\u00f3 que parec\u00eda una pel\u00edcula \u201c<b>dise\u00f1ada para castigar al p\u00fablico<\/b>\u201d.<\/p>\n<p><b>Ni Jason Statham con melena convenci\u00f3 a Roger Ebert<\/b><\/p>\n<p class=\"\">Y es que <b>Roger Ebert<\/b> fue uno de los cr\u00edticos de cine m\u00e1s influyentes del mundo gracias a una extensa carrera de casi 50 a\u00f1os escribiendo para <b>Chicago Sun Times<\/b> y siendo el primer cr\u00edtico cinematogr\u00e1fico en ganar un <b>premio Pulitzer<\/b>. Sea como fuere, el cr\u00edtico, ya en su \u00faltima etapa profesional, escribi\u00f3 una de sus rese\u00f1as m\u00e1s feroces y <b>la v\u00edctima fue \u2018Revolver\u2019 de Guy Ritchie<\/b>, la cual calific\u00f3 con <b>0,5 estrellas<\/b> y que defini\u00f3 como un <b>aut\u00e9ntico castigo cinematogr\u00e1fico<\/b>.<\/p>\n<p class=\"\">\u2018Revolver\u2019, como decimos, fue la cuarta pel\u00edcula del cineasta y guionista brit\u00e1nico, pel\u00edcula que film\u00f3 tras su trabajo m\u00e1s criticado hasta el momento: la cinta rom\u00e1ntica \u2018<b>Barridos por la marea<\/b>\u2019 protagonizada por <b>Madonna<\/b> en 2002. Sea como fuere, parece que a Ebert no le hizo ni pizca de gracia \u2018Revolver\u2019: \u201cEs una pel\u00edcula <b>desquiciada y espumosa que se retuerce contra sus propios agujeros<\/b> en un intento de golpearse la cabeza contra el proyector\u201d, empez\u00f3 Ebert en su cr\u00edtica.<\/p>\n<p class=\"\">Pero a\u00fan faltaba la guinda del pastel: \u201c<b>Parece dise\u00f1ada para castigar al p\u00fablico<\/b> por comprar entradas. Es un thriller sin emoci\u00f3n, construido en una mara\u00f1a sin sentido de flashbacks, flashforwards, subt\u00edtulos, lemas, mensajes y escenas que se deconstruyen, reconstruyen y autodestruyen. Quer\u00eda indicarle al proyeccionista que le apuntara con una pistola\u201d, continu\u00f3 el c\u00e9lebre cr\u00edtico.<\/p>\n<p><img decoding=\"async\" src=\"https:\/\/www.europesays.com\/es\/wp-content\/uploads\/2025\/09\/GRFMG6PRXFE3ZLRSCVSNQHHAKU.jpg\" alt=\"Revolver Guy Ritchie Jason Statham\" class=\"mm__img\"   width=\"1200\" height=\"675\" loading=\"lazy\"\/><\/p>\n<p>Ampliar<\/p>\n<p class=\"\">\u201c<b>Esta pel\u00edcula me cabre\u00f3<\/b>. Segu\u00eda dando vueltas sobre s\u00ed misma, mordi\u00e9ndose la cola, repitiendo escenas cada vez con menos significado y prop\u00f3sito, repitiendo esos dichos como si quisieran obligarnos a aceptarlos\u201d. Sin embargo, el cr\u00edtico reconoci\u00f3 la labor de los int\u00e9rpretes: \u201c<b>Algunas actuaciones son mejores de lo que la pel\u00edcula merece<\/b>. Mejor dicho, todas las actuaciones. De hecho, la propia pel\u00edcula es mejor de lo que la pel\u00edcula merece\u201d, conclu\u00eda Roger Ebert.<\/p>\n<p class=\"\">\u201c<b>Jake Green<\/b> es un h\u00e1bil jugador que tiene la mala suerte de desplumar a <b>Dorothy Macha<\/b>, un mafioso local. La jugada le saldr\u00e1 cara, ya que Macha <b>no parar\u00e1 hasta vengarse de \u00e9l<\/b>\u201d, nos cuenta la sinopsis oficial de \u2018<b>Revolver<\/b>\u2019, pel\u00edcula que se puede ver en <b>Espa\u00f1a<\/b> a trav\u00e9s de plataformas como <a href=\"https:\/\/www.primevideo.com\/-\/es\/detail\/Revolver\/0NAO1RCTIBE2FBOZ4L9UABQTKF\" target=\"_blank\" rel=\"noreferrer nofollow noopener\" title=\"https:\/\/www.primevideo.com\/-\/es\/detail\/Revolver\/0NAO1RCTIBE2FBOZ4L9UABQTKF\">Prime Video<\/a>, <a href=\"https:\/\/tv.apple.com\/us\/movie\/revolver\/umc.cmc.78fpgx896592ck2yur3nbb8g2?l=es\" target=\"_blank\" rel=\"noreferrer nofollow noopener\" title=\"https:\/\/tv.apple.com\/us\/movie\/revolver\/umc.cmc.78fpgx896592ck2yur3nbb8g2?l=es\">Apple TV+<\/a> o <a href=\"https:\/\/www.movistarplus.es\/cine\/revolver\/ficha?tipo=E&amp;id=994167\" target=\"_blank\" rel=\"noreferrer nofollow noopener\" title=\"https:\/\/www.movistarplus.es\/cine\/revolver\/ficha?tipo=E&amp;id=994167\">Movistar Plus+<\/a>.<\/p>\n<p><img decoding=\"async\" src=\"https:\/\/www.europesays.com\/es\/wp-content\/uploads\/2025\/09\/RG2K4JC6AZHRPD4L4BPDZDWQCY.jpg\" alt=\"Roger Ebert\" class=\"mm__img\"   width=\"1200\" height=\"675\" loading=\"lazy\"\/><\/p>\n<p>Ampliar<\/p>\n<p>Roger Ebert (1942-2013)Noticias relacionadas<\/p>\n<p class=\"\">Suscr\u00edbete al <a href=\"https:\/\/www.youtube.com\/@meristation\" target=\"_self\" rel=\"nofollow noopener\" title=\"https:\/\/www.youtube.com\/@meristation\">canal de MeriStation en YouTube<\/a>, tu web de videojuegos y entretenimiento para conocer todas las noticias y novedades sobre el mundo del videojuego, cine, series, manga y anime. An\u00e1lisis, entrevistas, tr\u00e1ileres, gameplays, p\u00f3dcast y mucho m\u00e1s. Tambi\u00e9n te animamos a seguir <a href=\"https:\/\/www.tiktok.com\/@meristation\" rel=\"nofollow noopener\" title=\"https:\/\/www.tiktok.com\/@meristation\" target=\"_blank\">nuestra cuenta de TikTok<\/a>. <\/p>\n<p class=\"\">\u00a1S\u00edguenos en ambas y, si est\u00e1s interesado en licenciar este contenido, pincha <a href=\"https:\/\/profesional.elpais.com\/soluciones-sindicacion?utm_medium=interno&amp;utm_source=crosslinking&amp;utm_campaign=sindicacion_as_pie_articulos\" target=\"_blank\" rel=\"nofollow noopener\" title=\"https:\/\/profesional.elpais.com\/soluciones-sindicacion?utm_medium=interno&amp;utm_source=crosslinking&amp;utm_campaign=sindicacion_as_pie_articulos\">aqu\u00ed<\/a>!<\/p>\n<p><script async src=\"\/\/www.tiktok.com\/embed.js\"><\/script><\/p>\n","protected":false},"excerpt":{"rendered":"El director y guionista Guy Ritchie es una de las personalidades m\u00e1s respetadas de la industria cinematogr\u00e1fica actual&hellip;\n","protected":false},"author":2,"featured_media":148778,"comment_status":"","ping_status":"","sticky":false,"template":"","format":"standard","meta":{"footnotes":""},"categories":[169],"tags":[177,146,147,25,24,176,175,23],"class_list":{"0":"post-148777","1":"post","2":"type-post","3":"status-publish","4":"format-standard","5":"has-post-thumbnail","7":"category-cine","8":"tag-cine","9":"tag-entertainment","10":"tag-entretenimiento","11":"tag-es","12":"tag-espana","13":"tag-film","14":"tag-movies","15":"tag-spain"},"share_on_mastodon":{"url":"","error":""},"_links":{"self":[{"href":"https:\/\/www.europesays.com\/es\/wp-json\/wp\/v2\/posts\/148777","targetHints":{"allow":["GET"]}}],"collection":[{"href":"https:\/\/www.europesays.com\/es\/wp-json\/wp\/v2\/posts"}],"about":[{"href":"https:\/\/www.europesays.com\/es\/wp-json\/wp\/v2\/types\/post"}],"author":[{"embeddable":true,"href":"https:\/\/www.europesays.com\/es\/wp-json\/wp\/v2\/users\/2"}],"replies":[{"embeddable":true,"href":"https:\/\/www.europesays.com\/es\/wp-json\/wp\/v2\/comments?post=148777"}],"version-history":[{"count":0,"href":"https:\/\/www.europesays.com\/es\/wp-json\/wp\/v2\/posts\/148777\/revisions"}],"wp:featuredmedia":[{"embeddable":true,"href":"https:\/\/www.europesays.com\/es\/wp-json\/wp\/v2\/media\/148778"}],"wp:attachment":[{"href":"https:\/\/www.europesays.com\/es\/wp-json\/wp\/v2\/media?parent=148777"}],"wp:term":[{"taxonomy":"category","embeddable":true,"href":"https:\/\/www.europesays.com\/es\/wp-json\/wp\/v2\/categories?post=148777"},{"taxonomy":"post_tag","embeddable":true,"href":"https:\/\/www.europesays.com\/es\/wp-json\/wp\/v2\/tags?post=148777"}],"curies":[{"name":"wp","href":"https:\/\/api.w.org\/{rel}","templated":true}]}}