{"id":148789,"date":"2025-09-30T15:00:09","date_gmt":"2025-09-30T15:00:09","guid":{"rendered":"https:\/\/www.europesays.com\/es\/148789\/"},"modified":"2025-09-30T15:00:09","modified_gmt":"2025-09-30T15:00:09","slug":"un-hostelero-de-vigo-desesperado-por-lo-que-esta-sufriendo-desde-que-participo-en-el-programa-de-alberto-chicote-estoy-sobrepasado","status":"publish","type":"post","link":"https:\/\/www.europesays.com\/es\/148789\/","title":{"rendered":"Un hostelero de Vigo, desesperado por lo que est\u00e1 sufriendo desde que particip\u00f3 en el programa de Alberto Chicote: \u00abEstoy sobrepasado\u00bb"},"content":{"rendered":"<p><img decoding=\"async\" class=\"voc-author__img\" src=\"https:\/\/www.europesays.com\/es\/wp-content\/uploads\/2025\/09\/autor-5051-foto-8.png\" alt=\"In\u00e9s Romero\"\/><\/p>\n<p>29\/09\/2025<br \/>\n<br \/><strong><br \/>\nActualizado 30\/09\/2025 a las 15:13h.<br \/>\n<\/strong><\/p>\n<p class=\"voc-p\" style=\"\">Salir en la <a href=\"https:\/\/www.abc.es\/play\/television\/noticias\/dinero-cuesta-directo-grano-nuevo-programa-marta-20250915150801-nt.html\" title=\"www.abc.es\" data-voc-vtm-id=\"in-text-traffic\" data-mrf-link=\"www.abc.es\" rel=\"nofollow noopener\" target=\"_blank\">televisi\u00f3n<\/a> es, normalmente, sin\u00f3nimo de <strong>visibilidad, impacto e incluso \u00e9xito<\/strong>. A veces, basta con que un <a href=\"https:\/\/www.abc.es\/recreo\/empresario-espanol-explica-realidad-emprender-pais-negocios-20250927155506-nt.html\" title=\"www.abc.es\" data-voc-vtm-id=\"in-text-traffic\" data-mrf-link=\"www.abc.es\" rel=\"nofollow noopener\" target=\"_blank\">negocio<\/a> aparezca un minuto en pantalla para obtener resultados muy positivos. Esto se puede ver traducido en un<strong> aumento inmediato de clientes<\/strong> o seguidores. <\/p>\n<p class=\"voc-p\" style=\"\">Sin embargo, puede tener un efecto totalmente contrario y que todo el esfuerzo de a\u00f1os se reduzca a cenizas. Esto es lo que le ha sucedido a un <strong>restaurante de Vigo<\/strong> que particip\u00f3 hace tres a\u00f1os en el programa <a href=\"https:\/\/www.abc.es\/espana\/andalucia\/cordoba\/batalla-restaurantes-hosteleros-cordoba-enfrentan-martes-progama-20250113104615-nts.html\" title=\"www.abc.es\" data-voc-vtm-id=\"in-text-traffic\" data-mrf-link=\"www.abc.es\" rel=\"nofollow noopener\" target=\"_blank\">&#8216;Batalla de restaurantes&#8217;<\/a>, presentado por el chef espa\u00f1ol <a href=\"https:\/\/www.abc.es\/gente\/vida-personal-alberto-chicote-mujer-hijos-nieto-enfermedad-20241231152952-nt.html\" title=\"www.abc.es\" data-voc-vtm-id=\"in-text-traffic\" data-mrf-link=\"www.abc.es\" rel=\"nofollow noopener\" target=\"_blank\">Alberto Chicote<\/a>. <\/p>\n<p class=\"voc-p\" style=\"\"><strong>Manu Carreiro<\/strong>, que trabaja en este local como personal de sala, est\u00e1 desesperado. Por ello, ha decidido contarle la<strong> situaci\u00f3n que est\u00e1 sufriendo<\/strong> al influencer conocido como <a href=\"https:\/\/www.instagram.com\/reel\/DPJH3XXjb-7\/\" title=\"www.instagram.com\" data-voc-vtm-id=\"in-text-traffic\" data-mrf-link=\"www.instagram.com\" rel=\"nofollow noopener\" target=\"_blank\">Soy Camarero<\/a> para encontrar una soluci\u00f3n. <\/p>\n<p>\nLa denuncia de un hostelero tras participar en &#8216;Batalla de restaurantes&#8217;, de Alberto Chicote\n<\/p>\n<p class=\"voc-p\" style=\"\"><strong>Soy Camarero<\/strong> explica que un empresario le ha mandado un correo para informarle de la situaci\u00f3n que est\u00e1 sufriendo tras salir hace tres a\u00f1os en &#8216;Batalla de restaurantes&#8217;, de Alberto Chicote. <strong>\u00abLe sigue afectando\u00bb<\/strong>, asegura.<\/p>\n<p class=\"voc-p\" style=\"\">El hostelero, llamado Manu Carreiro, cuenta que cada vez que vuelven a emitir el programa solo reciben comentarios negativos. \u00ab<strong>Nos llenan de malas rese\u00f1as y es gente que no ha ido al local<\/strong>. Hemos bajado de un 4,7 en Google a un 4. Me temo que seguir\u00e1 pasando\u00bb, lamenta. <\/p>\n<p class=\"voc-p\" style=\"\">El empleado indica que est\u00e1 desesperado. \u00abYa no sabemos qu\u00e9 hacer. Yo ni siquiera soy el due\u00f1o, soy la persona de sala y me toca a m\u00ed lidiar con todo el mundo. <strong>Estoy sobrepasado<\/strong>\u00bb, comenta.<\/p>\n<p class=\"voc-p\" style=\"\">Carreiro asegura que <strong>cada vez tienen \u00abmenos comensales\u00bb<\/strong>. \u00abNo est\u00e1 muy bien la cosa en <a href=\"https:\/\/www.abc.es\/espana\/galicia\/restaurante-vigo-estrella-michelin-puedes-comer-euros-20250926110000-nt.html\" title=\"www.abc.es\" data-voc-vtm-id=\"in-text-traffic\" data-mrf-link=\"www.abc.es\" rel=\"nofollow noopener\" target=\"_blank\">Vigo<\/a> como para seguir bajando\u00bb, sostiene. <\/p>\n<p>\nLa opini\u00f3n de Soy Camarero\n<\/p>\n<p class=\"voc-p\" style=\"\">Tras leer el mensaje, Soy Camarero ha revisado algunas de las rese\u00f1as y ha opinado al respecto. \u00abPuede caer bien, puede caer mal, puede haber cosas que no te gusten de lo que has visto en el &#8216;reality&#8217;&#8230; pero yo creo que, <strong>si no has ido al restaurante, no tienes que poner malos comentarios<\/strong>\u00bb, sentencia.<\/p>\n<p>Reportar un error<\/p>\n<p><script async src=\"\/\/www.instagram.com\/embed.js\"><\/script><\/p>\n","protected":false},"excerpt":{"rendered":"29\/09\/2025 Actualizado 30\/09\/2025 a las 15:13h. Salir en la televisi\u00f3n es, normalmente, sin\u00f3nimo de visibilidad, impacto e incluso&hellip;\n","protected":false},"author":2,"featured_media":148790,"comment_status":"","ping_status":"","sticky":false,"template":"","format":"standard","meta":{"footnotes":""},"categories":[8],"tags":[9125,17,18,38680,43350,25,24,13,14,11,36474,19,20,9,10,15,16,27065,2145,45429,23,23570,12,21,22,1274],"class_list":{"0":"post-148789","1":"post","2":"type-post","3":"status-publish","4":"format-standard","5":"has-post-thumbnail","7":"category-espana","8":"tag-alberto","9":"tag-breaking-news","10":"tag-breakingnews","11":"tag-chicote","12":"tag-desesperado","13":"tag-es","14":"tag-espana","15":"tag-featured-news","16":"tag-featurednews","17":"tag-headlines","18":"tag-hostelero","19":"tag-latest-news","20":"tag-latestnews","21":"tag-news","22":"tag-noticias","23":"tag-noticias-destacadas","24":"tag-noticiasdestacadas","25":"tag-participo","26":"tag-programa","27":"tag-sobrepasado","28":"tag-spain","29":"tag-sufriendo","30":"tag-titulares","31":"tag-ultimas-noticias","32":"tag-ultimasnoticias","33":"tag-vigo"},"share_on_mastodon":{"url":"","error":""},"_links":{"self":[{"href":"https:\/\/www.europesays.com\/es\/wp-json\/wp\/v2\/posts\/148789","targetHints":{"allow":["GET"]}}],"collection":[{"href":"https:\/\/www.europesays.com\/es\/wp-json\/wp\/v2\/posts"}],"about":[{"href":"https:\/\/www.europesays.com\/es\/wp-json\/wp\/v2\/types\/post"}],"author":[{"embeddable":true,"href":"https:\/\/www.europesays.com\/es\/wp-json\/wp\/v2\/users\/2"}],"replies":[{"embeddable":true,"href":"https:\/\/www.europesays.com\/es\/wp-json\/wp\/v2\/comments?post=148789"}],"version-history":[{"count":0,"href":"https:\/\/www.europesays.com\/es\/wp-json\/wp\/v2\/posts\/148789\/revisions"}],"wp:featuredmedia":[{"embeddable":true,"href":"https:\/\/www.europesays.com\/es\/wp-json\/wp\/v2\/media\/148790"}],"wp:attachment":[{"href":"https:\/\/www.europesays.com\/es\/wp-json\/wp\/v2\/media?parent=148789"}],"wp:term":[{"taxonomy":"category","embeddable":true,"href":"https:\/\/www.europesays.com\/es\/wp-json\/wp\/v2\/categories?post=148789"},{"taxonomy":"post_tag","embeddable":true,"href":"https:\/\/www.europesays.com\/es\/wp-json\/wp\/v2\/tags?post=148789"}],"curies":[{"name":"wp","href":"https:\/\/api.w.org\/{rel}","templated":true}]}}