{"id":148799,"date":"2025-09-30T15:05:09","date_gmt":"2025-09-30T15:05:09","guid":{"rendered":"https:\/\/www.europesays.com\/es\/148799\/"},"modified":"2025-09-30T15:05:09","modified_gmt":"2025-09-30T15:05:09","slug":"el-open-de-espana-primer-torneo-de-shane-lowry-tras-su-gesta-en-la-ryder-cup","status":"publish","type":"post","link":"https:\/\/www.europesays.com\/es\/148799\/","title":{"rendered":"El Open de Espa\u00f1a, primer torneo de Shane Lowry tras su gesta en la Ryder Cup"},"content":{"rendered":"<p>&#13;<br \/>\n        &#13;<br \/>\n&#13;<br \/>\n        &#13;<\/p>\n<p>            <a href=\"https:\/\/ten-golf.com\/wp-content\/uploads\/2025\/09\/lowryopenespana25.jpg\" data-caption=\"Shane Lowry celebra con la bandera de Irlanda su victoria en la Ryder Cup. (Photo by Michael Reaves\/PGA of America)\" rel=\"nofollow noopener\" target=\"_blank\"><img decoding=\"async\" loading=\"lazy\" width=\"666\" height=\"444\" class=\"entry-thumb td-modal-image\" src=\"https:\/\/www.europesays.com\/es\/wp-content\/uploads\/2025\/09\/lowryopenespana25-666x444.jpg\"   alt=\"Shane Lowry celebra con la bandera de Irlanda su victoria en la Ryder Cup.\" title=\"Ryder Cup 2025 - Singles Matches\"\/><\/a>Shane Lowry celebra con la bandera de Irlanda su victoria en la Ryder Cup. (Photo by Michael Reaves\/PGA of America)<\/p>\n<p>            El Open de Espa\u00f1a ser\u00e1 el primer torneo que dispute Shane Lowry despu\u00e9s de convertirse en el h\u00e9roe absoluto de Europa en la Ryder Cup que acab\u00f3 el pasado domingo en Bethpage. El golfista irland\u00e9s, recuperando dos hoyos en el tramo final en su individual con Russell Hen<\/p>\n<p>Para seguir leyendo, Suscr\u00edbete<\/p>\n<p>    Subscription OptionsMENSUAL<\/p>\n<p>Unlimited  Entradas<\/p>\n<p>Unlimited  Galer\u00edas<\/p>\n<p>Unlimited  \u00c1lbumes<\/p>\n<p>Unlimited  P\u00e1ginas<\/p>\n<p>ANUAL + LIBRO<\/p>\n<p>Unlimited  Entradas<\/p>\n<p>Unlimited  Galer\u00edas<\/p>\n<p>Unlimited  \u00c1lbumes<\/p>\n<p>Unlimited  P\u00e1ginas<\/p>\n<p>ANUAL<\/p>\n<p>Unlimited  Entradas<\/p>\n<p>Unlimited  Galer\u00edas<\/p>\n<p>Unlimited  \u00c1lbumes<\/p>\n<p>Unlimited  P\u00e1ginas<\/p>\n<p>    Recibe 30 mulligans para gastar en <a href=\"https:\/\/thegame.ten-golf.com\" target=\"_blank\" rel=\"nofollow noopener\">TheGame<\/a> junto a tu suscripci\u00f3n anual (al final de la temporada se quitar\u00e1n los mulligans no gastados)<\/p>\n<p>    Pincha <a href=\"https:\/\/ten-golf.com\/tengolf-pone-en-marcha-el-muro-de-pago-y-crea-el-club-tengolf\" target=\"_blank\" rel=\"nofollow noopener\">aqu\u00ed<\/a> para saber m\u00e1s sobre las distintas suscripciones<\/p>\n<p>        &#13;<br \/>\n&#13;<br \/>\n        &#13;<br \/>\n            &#13;<br \/>\n            &#13;<br \/>\n&#13;<\/p>\n<p class=\"join-telegram\"><img decoding=\"async\" class=\"loading\" src=\"https:\/\/www.europesays.com\/es\/wp-content\/uploads\/2025\/09\/1758237011_579_telegram-icon.png\" alt=\"\"\/> S\u00edguenos tambi\u00e9n en <a href=\"https:\/\/telegram.org\/\" target=\"_blank\" style=\"font-weight: normal;\" rel=\"nofollow noopener\">Telegram<\/a> en el canal <a href=\"https:\/\/t.me\/tengolf\" target=\"_blank\" rel=\"nofollow\">@tengolf<\/a><\/p>\n<p>        &#13;<br \/>\n        <a class=\"will-load\" name=\"end-article\" data-id=\"post-210424\"\/>&#13;<\/p>\n","protected":false},"excerpt":{"rendered":"&#13; &#13; &#13; &#13; Shane Lowry celebra con la bandera de Irlanda su victoria en la Ryder Cup.&hellip;\n","protected":false},"author":2,"featured_media":148800,"comment_status":"","ping_status":"","sticky":false,"template":"","format":"standard","meta":{"footnotes":""},"categories":[275],"tags":[43180,168,7316,25,24,329,390,336,42179,339,340,1909,1910,23,167,398],"class_list":{"0":"post-148799","1":"post","2":"type-post","3":"status-publish","4":"format-standard","5":"has-post-thumbnail","7":"category-golf","8":"tag-club-de-campo-villa-de-madrid","9":"tag-deportes","10":"tag-dp-world-tour","11":"tag-es","12":"tag-espana","13":"tag-golf","14":"tag-jon-rahm","15":"tag-notificacion","16":"tag-open-de-espana","17":"tag-portada-america","18":"tag-portada-global","19":"tag-portada-top","20":"tag-portada-top-america","21":"tag-spain","22":"tag-sports","23":"tag-tyrrell-hatton"},"share_on_mastodon":{"url":"","error":""},"_links":{"self":[{"href":"https:\/\/www.europesays.com\/es\/wp-json\/wp\/v2\/posts\/148799","targetHints":{"allow":["GET"]}}],"collection":[{"href":"https:\/\/www.europesays.com\/es\/wp-json\/wp\/v2\/posts"}],"about":[{"href":"https:\/\/www.europesays.com\/es\/wp-json\/wp\/v2\/types\/post"}],"author":[{"embeddable":true,"href":"https:\/\/www.europesays.com\/es\/wp-json\/wp\/v2\/users\/2"}],"replies":[{"embeddable":true,"href":"https:\/\/www.europesays.com\/es\/wp-json\/wp\/v2\/comments?post=148799"}],"version-history":[{"count":0,"href":"https:\/\/www.europesays.com\/es\/wp-json\/wp\/v2\/posts\/148799\/revisions"}],"wp:featuredmedia":[{"embeddable":true,"href":"https:\/\/www.europesays.com\/es\/wp-json\/wp\/v2\/media\/148800"}],"wp:attachment":[{"href":"https:\/\/www.europesays.com\/es\/wp-json\/wp\/v2\/media?parent=148799"}],"wp:term":[{"taxonomy":"category","embeddable":true,"href":"https:\/\/www.europesays.com\/es\/wp-json\/wp\/v2\/categories?post=148799"},{"taxonomy":"post_tag","embeddable":true,"href":"https:\/\/www.europesays.com\/es\/wp-json\/wp\/v2\/tags?post=148799"}],"curies":[{"name":"wp","href":"https:\/\/api.w.org\/{rel}","templated":true}]}}