{"id":148810,"date":"2025-09-30T15:11:12","date_gmt":"2025-09-30T15:11:12","guid":{"rendered":"https:\/\/www.europesays.com\/es\/148810\/"},"modified":"2025-09-30T15:11:12","modified_gmt":"2025-09-30T15:11:12","slug":"a-sus-80-anos-mas-sensacional-que-nunca","status":"publish","type":"post","link":"https:\/\/www.europesays.com\/es\/148810\/","title":{"rendered":"a sus 80 a\u00f1os, m\u00e1s sensacional que nunca"},"content":{"rendered":"<p id=\"eMMfdrikbZ\" data-wc=\"117\">Adem\u00e1s de Christian Dior, Chanel, Saint Laurent o Louis Vuitton, entre otras marcas hist\u00f3ricas, hay otra casa que ha conseguido hacer de su show\u00a0uno de los m\u00e1s esperados. Y no se trata de una firma de moda ic\u00f3nica, sino de<strong>\u00a0belleza. Nos referimos a L&#8217;Or\u00e9al Paris,<\/strong> que anoche <strong>ilumin\u00f3 el Hotel de Ville con los focos de Le D\u00e9file<\/strong>, y sobre todo con la luz que irradiaban las protagonistas del mismo.<strong>\u00a0<\/strong><a class=\"hm-link ho-link\" href=\"https:\/\/www.hola.com\/fashion\/tendencias\/20240924720034\/kendall-jenner-desfile-loreal-paris-cara-develigne-looks\/\" data-mrf-recirculation=\"article-body-link\" rel=\"nofollow noopener\" target=\"_blank\">Kendall Jenner,<\/a><strong>\u00a0Cara Delevingne o Simone Ashley\u00a0<\/strong>han sido algunas de las actrices y modelos que han participado, aunque si tenemos que elegir un solo rostro para ilustrar este evento transgeneracional, la ganadora ser\u00eda sin duda<strong>\u00a0Helen Mirren, que desfil\u00f3 incre\u00edble a sus 80 a\u00f1os<\/strong><\/p>\n<p> <img src=\"https:\/\/www.europesays.com\/es\/wp-content\/uploads\/2025\/09\/3a568e2d4fa6-dlu592195055.jpg\"   width=\"682\" height=\"1024\" loading=\"lazy\" decoding=\"async\" alt=\"Media Image\" fetchpriority=\"auto\" class=\"image ho-image\"\/>\u00a9 GTRES<br \/>\nSensacional y natural a los 80 a\u00f1os<\/p>\n<p id=\"ebvzckS-Qu\" data-wc=\"83\"><strong>Embajadora de L&#8217;Or\u00e9al Paris desde hace una d\u00e9cada<\/strong>, no es esta la primera vez que la oscarizada actriz brit\u00e1nica participa en Le D\u00e9file.\u00a0Pero mientras en otras ocasiones hab\u00eda lucido peinados, maquillajes o vestidos impactantes, este 2025 ha sido <strong>la sencillez de su look<\/strong> lo que ha hecho resaltar su belleza natural. Con la<a class=\"hm-link ho-link\" href=\"https:\/\/www.hola.com\/belleza\/20250929857829\/cortes-de-pelo-corto-mujer\/\" data-mrf-recirculation=\"article-body-link\" rel=\"nofollow noopener\" target=\"_blank\">\u00a0melena corta<\/a> y brillante en rubio platino, la <strong>piel ultraluminosa\u00a0<\/strong>y un conjunto roquero de jersey-joya con pantal\u00f3n negro, Helen ha impresionado como nunca al aparecer sobre la pasarela.<\/p>\n<p> <img src=\"https:\/\/www.europesays.com\/es\/wp-content\/uploads\/2025\/09\/7f9c13c1500f-dlu592195056.jpg\"   width=\"682\" height=\"1024\" loading=\"lazy\" decoding=\"async\" alt=\"Media Image\" fetchpriority=\"auto\" class=\"image ho-image\"\/>\u00a9 GTRES<\/p>\n<p id=\"eifp2Dd-E8\" data-wc=\"84\">En su clara apuesta por conectar con mujeres de todas las edades y que estas se sientan siempre bellas y poderosas,<strong>\u00a0L&#8217;Or\u00e9al Paris fich\u00f3 a Helen Mirren cuando ten\u00eda 70 a\u00f1os<\/strong>. \u00abFue una gran sorpresa\u00bb, ha contado la int\u00e9rprete. Una d\u00e9cada despu\u00e9s, siguen colaborando en ocasiones especiales como el <a class=\"hm-link ho-link\" href=\"https:\/\/www.hola.com\/moda\/20250528834633\/mejor-look-invitada-festival-cannes-2025-resultado-votacion\/\" data-mrf-recirculation=\"article-body-link\" rel=\"nofollow noopener\" target=\"_blank\">Festival de cine de Cannes<\/a>, y tambi\u00e9n en campa\u00f1as de publicidad: Helen es imagen de la l\u00ednea Age Perfect Golden Age junto a <strong>Andie Macdowell (67 a\u00f1os)<\/strong>, quien tambi\u00e9n ha participado en este nuevo desfile.<\/p>\n<p> <img src=\"https:\/\/www.europesays.com\/es\/wp-content\/uploads\/2025\/09\/958b3e7d7fdd-gettyimages-2238185028.jpg\"   width=\"1024\" height=\"682\" loading=\"lazy\" decoding=\"async\" alt=\"Media Image\" fetchpriority=\"auto\" class=\"image ho-image\"\/>\u00a9 Getty Images<br \/>\nBelleza m\u00e1s all\u00e1 de los 80<\/p>\n<p id=\"efu7PRe_0j\" data-wc=\"86\">Adem\u00e1s de Helen Mirren o Andie MacDowell, en esta cita parisina comprobamos que la belleza no entiende de fecha de nacimiento gracias a otra de las mujeres m\u00e1s ic\u00f3nicas del \u00faltimo siglo: Jane Fonda. A sus 87 a\u00f1os, la actriz, autora y protagonista de los v\u00eddeos de fitness\u00a0m\u00e1s famosos del mundo deslumbr\u00f3, literalmente, con un vestido de paillettes\u00a0dorados. <a class=\"hm-link ho-link\" href=\"https:\/\/www.hola.com\/belleza\/20250516832346\/andie-macdowell-cannes-2025-canas-secretos-cuidado-pelo\/\" data-mrf-recirculation=\"article-body-link\" rel=\"nofollow noopener\" target=\"_blank\">Su pelo, canoso y natural, igual que el de Andie MacDowell\u00a0<\/a>y tantas celebrities\u00a0que, hoy en d\u00eda, proclaman as\u00ed la<strong>\u00a0libertad de elegir no te\u00f1irse.<\/strong><\/p>\n<p>  <img src=\"https:\/\/www.europesays.com\/es\/wp-content\/uploads\/2025\/09\/6cccd41b4a38-dlu592195127.jpg\"   width=\"1080\" height=\"1800\" loading=\"lazy\" decoding=\"async\" alt=\"Jane Fonda (87)\" fetchpriority=\"auto\" class=\"image ho-image\"\/>\u00a9 GTRESJane Fonda (87)<\/p>\n<p>  <img src=\"https:\/\/www.europesays.com\/es\/wp-content\/uploads\/2025\/09\/5cf48b8a6f3b-dlu592195156.jpg\"   width=\"1080\" height=\"1800\" loading=\"lazy\" decoding=\"async\" alt=\"Andie MacDowell\" fetchpriority=\"auto\" class=\"image ho-image\"\/>\u00a9 GTRESAndie MacDowell (67)<\/p>\n<p><\/p>\n","protected":false},"excerpt":{"rendered":"Adem\u00e1s de Christian Dior, Chanel, Saint Laurent o Louis Vuitton, entre otras marcas hist\u00f3ricas, hay otra casa que&hellip;\n","protected":false},"author":2,"featured_media":148811,"comment_status":"","ping_status":"","sticky":false,"template":"","format":"standard","meta":{"footnotes":""},"categories":[174],"tags":[3451,255,146,147,25,24,256,15549,5517,23,2922],"class_list":{"0":"post-148810","1":"post","2":"type-post","3":"status-publish","4":"format-standard","5":"has-post-thumbnail","7":"category-famosos","8":"tag-belleza","9":"tag-celebrities","10":"tag-entertainment","11":"tag-entretenimiento","12":"tag-es","13":"tag-espana","14":"tag-famosos","15":"tag-helen-mirren","16":"tag-maquillaje","17":"tag-spain","18":"tag-tendencias"},"share_on_mastodon":{"url":"","error":""},"_links":{"self":[{"href":"https:\/\/www.europesays.com\/es\/wp-json\/wp\/v2\/posts\/148810","targetHints":{"allow":["GET"]}}],"collection":[{"href":"https:\/\/www.europesays.com\/es\/wp-json\/wp\/v2\/posts"}],"about":[{"href":"https:\/\/www.europesays.com\/es\/wp-json\/wp\/v2\/types\/post"}],"author":[{"embeddable":true,"href":"https:\/\/www.europesays.com\/es\/wp-json\/wp\/v2\/users\/2"}],"replies":[{"embeddable":true,"href":"https:\/\/www.europesays.com\/es\/wp-json\/wp\/v2\/comments?post=148810"}],"version-history":[{"count":0,"href":"https:\/\/www.europesays.com\/es\/wp-json\/wp\/v2\/posts\/148810\/revisions"}],"wp:featuredmedia":[{"embeddable":true,"href":"https:\/\/www.europesays.com\/es\/wp-json\/wp\/v2\/media\/148811"}],"wp:attachment":[{"href":"https:\/\/www.europesays.com\/es\/wp-json\/wp\/v2\/media?parent=148810"}],"wp:term":[{"taxonomy":"category","embeddable":true,"href":"https:\/\/www.europesays.com\/es\/wp-json\/wp\/v2\/categories?post=148810"},{"taxonomy":"post_tag","embeddable":true,"href":"https:\/\/www.europesays.com\/es\/wp-json\/wp\/v2\/tags?post=148810"}],"curies":[{"name":"wp","href":"https:\/\/api.w.org\/{rel}","templated":true}]}}