{"id":148812,"date":"2025-09-30T15:12:20","date_gmt":"2025-09-30T15:12:20","guid":{"rendered":"https:\/\/www.europesays.com\/es\/148812\/"},"modified":"2025-09-30T15:12:20","modified_gmt":"2025-09-30T15:12:20","slug":"la-inteligencia-artificial-no-nos-sustituye-pero-quien-sepa-usarla-parecera-que-tenga-superpoderes","status":"publish","type":"post","link":"https:\/\/www.europesays.com\/es\/148812\/","title":{"rendered":"La Inteligencia Artificial no nos sustituye, pero quien sepa usarla parecer\u00e1 que tenga superpoderes"},"content":{"rendered":"<p>La arquitectura siempre ha tenido un pie en la tradici\u00f3n y otro en la innovaci\u00f3n. Desde Vitruvio hasta Bjarke Ingels, la disciplina ha sido un di\u00e1logo permanente entre conocimiento t\u00e9cnico y visi\u00f3n de futuro. Ese debate, hoy en d\u00eda, se cruza inevitablemente con la irrupci\u00f3n de la <strong>Inteligencia Artificial.<\/strong> Herramientas capaces de generar im\u00e1genes, sintetizar datos o automatizar procesos est\u00e1n entrando en los despachos de arquitectura, despertando tanto entusiasmo como desconfianza.<\/p>\n<p>En medio de esta transformaci\u00f3n, Roger Blasco, al frente de <a href=\"https:\/\/erba.cat\/\" rel=\"nofollow noopener\" target=\"_blank\"><strong>Roger Blasco Arquitectos<\/strong><\/a>, despacho con m\u00e1s de 15 a\u00f1os de experiencia en el sector, aporta una visi\u00f3n que combina la apertura a la innovaci\u00f3n con el rigor del oficio. !Soy de los que piensa que todav\u00eda una IA no ha superado en calidad una creaci\u00f3n propiamente humana. Con tiempo y pasi\u00f3n nuestro trabajo es superior de manera gen\u00e9rica!, afirma. <strong>Esa coletilla \u2014\u00bbcon tiempo\u00bb\u2014 marca la diferencia<\/strong>. Porque, como subraya,<strong> el valor principal de estas herramientas es precisamente liberar a los arquitectos de tareas repetitivas y darles m\u00e1s margen para lo que realmente importa<\/strong>: el dise\u00f1o.<\/p>\n<p>&#13;<img loading=\"lazy\" decoding=\"async\"   src=\"https:\/\/www.europesays.com\/es\/wp-content\/uploads\/2025\/09\/diseno-minimalista-de-casa-en-el-vendrell_bcc9707b_250924132025_1474x1724.webp.webp\" alt=\"Dise\u00f1o minimalista de casa en el Vendrell\" class=\"lazyload\" width=\"1474\" height=\"1724\" data-aspectratio=\"1474\/1724\"\/><\/p>\n<p>Dise\u00f1o minimalista de casa en el Vendrell<\/p>\n<p>&#13;Roger Blasco Arquitectos<br \/>\n El tiempo como nuevo lujo<\/p>\n<p>La experiencia de Blasco con la inteligencia artificial no parte de grandes revoluciones, sino de aplicaciones concretas en el d\u00eda a d\u00eda. \u00ab<strong>La automatizaci\u00f3n de procesos y la posibilidad de agilizar trabajos nos brinda un tiempo extra que podemos dedicar a otras tareas creativas<\/strong> que seguramente potenciar\u00e1n nuestro trabajo\u00bb, se\u00f1ala. Un buen ejemplo lo encuentra en la gesti\u00f3n de reuniones: \u00abEl m\u00e1s extendido fue el uso de IA\u2019s varias para transcribir reuniones. Ya fuese por videoconferencias o mediante reuniones presenciales con micros de solapa activamos apps que grabaran el audio de la reuni\u00f3n para posteriormente transcribirla seg\u00fan las indicaciones que le orden\u00e1bamos\u00bb.<\/p>\n<p>Lo que podr\u00eda parecer una an\u00e9cdota acaba teniendo un peso real en la eficiencia de un estudio. \u00ab<strong>La IA fue capaz de realizar res\u00famenes, destacar temas y comentarios de mayor relevancia e importancia frente a otros superfluos<\/strong>. Imaginaos que parte del equipo del despacho pueda realizar una visita o una reuni\u00f3n y compartir la informaci\u00f3n m\u00e1s relevante de manera resumida al resto del equipo y archivar todo ello como documentos \u00fatiles de manera ordenada y compacta\u00bb. Conclusi\u00f3n: ahorrar tiempo en lo repetitivo para ganarlo en lo creativo.<\/p>\n<p><a href=\"https:\/\/www.arquitecturaydiseno.es\/arquitectura\/merece-pena-comprar-terreno-para-construir-casa-esto-dicen-expertos_12392\" data-ga4_event=\"custom_event\" data-ga4_event_name=\"click_intext\" data-ga4_link_url=\"https:\/\/www.arquitecturaydiseno.es\/arquitectura\/merece-pena-comprar-terreno-para-construir-casa-esto-dicen-expertos_12392\" data-ga4_link_text=\"5_errores_y_3_aciertos_de_comprar_un_terreno_para_hacerse_una_casa_segun_arquitectos_puede_aumentar_su_valor_antes_de_construir\" data-ga4_content_type=\"photo\" data-ga4_element=\"related\" rel=\"nofollow noopener\" target=\"_blank\">&#13;&#13;<img loading=\"lazy\" decoding=\"async\" src=\"https:\/\/www.europesays.com\/es\/wp-content\/uploads\/2025\/09\/hoy-os-hablamos-de-dos-exclusivas-viviendas-unifamiliares-con-mas-de-600-m2-de-elegancia-y-comod_e66.webp\" alt=\"Hoy os hablamos de dos exclusivas viviendas unifamiliares con ma\u0301s de 600 m2 de elegancia y comod\" class=\"lazyload\" width=\"600\" height=\"600\" data-aspectratio=\"600\/600\"\/>&#13;&#13;<\/p>\n<p class=\"epigraph\">&#13;Noticia relacionada<\/p>\n<p class=\"title\">5 errores y 3 aciertos de comprar un terreno para hacerse una casa, seg\u00fan arquitectos: \u00abPuede aumentar su valor antes de construir\u00bb<\/p>\n<p><\/a>&#13;<img loading=\"lazy\" decoding=\"async\"   src=\"https:\/\/www.europesays.com\/es\/wp-content\/uploads\/2025\/09\/residencial-numantia_b2aa549a_250924132120_1280x947.webp.webp\" alt=\"Residencial Numantia\" class=\"lazyload\" width=\"1280\" height=\"947\" data-aspectratio=\"1280\/947\"\/><\/p>\n<p>Residencial Numantia<\/p>\n<p>&#13;Roger Blasco Arquitectos<br \/>\n La frontera entre herramienta y autor\u00eda<\/p>\n<p>En cuanto al dise\u00f1o arquitect\u00f3nico, el despacho de Blasco ya ha explorado la utilidad de las IA generativas. \u00ab<strong>A nivel de procesos de trabajo resulta pr\u00e1ctico el uso de algunas IA\u2019s m\u00e1s espec\u00edficas para la generaci\u00f3n de im\u00e1genes<\/strong>, principalmente para potenciar las finales o generar alternativas a un dise\u00f1o\u00bb, explica. Desde variantes r\u00e1pidas de fachadas hasta la conversi\u00f3n de croquis en modelos 3D iniciales para mostrar a un cliente, estas aplicaciones se est\u00e1n integrando como apoyo visual.<\/p>\n<p>Eso s\u00ed, el arquitecto es tajante:<strong> a\u00fan no se puede hablar de un papel determinante<\/strong>. \u00abDeterminante no. Sigo pensando que no hemos alcanzado ese momento tecnol\u00f3gico. No obstante, la IA ha participado en mayor o menor medida del trabajo diario del despacho\u00bb. Esa prudencia es la que marca la diferencia entre quienes ven estas herramientas como sustitutos autom\u00e1ticos y quienes las entienden como instrumentos al servicio de un criterio humano.<\/p>\n<p>Educar a la m\u00e1quina<\/p>\n<p>Blasco advierte de un error com\u00fan: pensar que basta con apretar un bot\u00f3n. \u00abHoy la IA no puede sustituir ese trabajo. Y es m\u00e1s, <strong>no todo el mundo sabe usar bien una IA<\/strong>. Para obtener buenos resultados tambi\u00e9n hay que saber usar estas herramientas\u00bb. El arquitecto insiste en que el conocimiento profundo del oficio sigue siendo indispensable, incluso para alimentar correctamente a una IA: \u00ab<strong>Un despacho puede y debe ense\u00f1ar a una IA con sus criterios y estilos para que genere resultados muy similares a la que har\u00eda el propio despacho o arquitecto\u00bb<\/strong>.<\/p>\n<p>El riesgo, como \u00e9l mismo lo se\u00f1ala, est\u00e1 en dejarse llevar por promesas grandilocuentes: \u00abNo debemos dejarnos seducir por falsas promesas y espejitos m\u00e1gicos que inundan YouTube o las redes sociales. Todav\u00eda hoy estas herramientas no son capaces de hacer por s\u00ed solas muchas de las tareas que prometen que son capaces de hacer\u00bb.<\/p>\n<p>Su mensaje a los estudiantes de arquitectura es claro: \u00ab<strong>La base del conocimiento de la carrera es y ser\u00e1 siempre fundamental para que el d\u00eda de ma\u00f1ana puedan ejercer como arquitectos o interioristas con o sin IAs\u00bb.<\/strong><\/p>\n<p>&#13;<img loading=\"lazy\" decoding=\"async\"   src=\"https:\/\/www.europesays.com\/es\/wp-content\/uploads\/2025\/09\/construccion-de-casa-llave-en-mano-el-vendrell_6bd663ab_250924132138_1280x721.webp.webp\" alt=\"Construcci\u00f3n de casa llave en mano. El Vendrell\" class=\"lazyload\" width=\"1280\" height=\"721\" data-aspectratio=\"1280\/721\"\/><\/p>\n<p>Construcci\u00f3n de casa llave en mano. El Vendrell<\/p>\n<p>&#13;Roger Blasco Arquitectos<br \/>\n Riesgos y limitaciones<\/p>\n<p>Si algo preocupa a Blasco es la incapacidad actual de estas herramientas para ofrecer una visi\u00f3n integradora. \u00abLa mayor\u00eda de IAs est\u00e1n sectorizadas por tem\u00e1ticas y las gen\u00e9ricas no llegan a profundizar. Por tanto, ahora mismo trabajan por paquetes o por tareas espec\u00edficas y no son capaces de combinarse. <strong>No tienen la visi\u00f3n de conjunto que nosotros podemos aportar<\/strong> y es la que debemos reclamar siempre como parte de nuestra profesi\u00f3n: la visi\u00f3n completa del conjunto\u00bb.<\/p>\n<p><a href=\"https:\/\/www.arquitecturaydiseno.es\/decoracion\/lorenza-luti-ceo-kartell-utilizamos-inteligencia-artificial-para-crear-muebles-sin-remplazar-creatividad-disenador_12247\" data-ga4_event=\"custom_event\" data-ga4_event_name=\"click_intext\" data-ga4_link_url=\"https:\/\/www.arquitecturaydiseno.es\/decoracion\/lorenza-luti-ceo-kartell-utilizamos-inteligencia-artificial-para-crear-muebles-sin-remplazar-creatividad-disenador_12247\" data-ga4_link_text=\"lorenza_luti_ceo_de_kartell_utilizamos_la_inteligencia_artificial_para_crear_muebles_sin_reemplazar_la_creatividad_del_disenador\" data-ga4_content_type=\"photo\" data-ga4_element=\"related\" rel=\"nofollow noopener\" target=\"_blank\">&#13;&#13;<img loading=\"lazy\" decoding=\"async\" src=\"https:\/\/www.europesays.com\/es\/wp-content\/uploads\/2025\/08\/lorenza-luti_0b901010_250805145221_600x600.webp.webp\" alt=\"LORENZA LUTI\" class=\"lazyload\" width=\"600\" height=\"600\" data-aspectratio=\"600\/600\"\/>&#13;&#13;<\/p>\n<p class=\"epigraph\">&#13;Noticia relacionada<\/p>\n<p class=\"title\">Lorenza Luti, CEO de Kartell: \u00abUtilizamos la inteligencia artificial para crear muebles sin reemplazar la creatividad del dise\u00f1ador\u00bb<\/p>\n<p><\/a><\/p>\n<p>La IA puede ser una gran herramienta, pero necesita un director que la gu\u00ede. \u00abLa IA es asimilable a una gran herramienta pero que necesita del director para combinar todos los resultados e interpretarlos. <strong>Seguiremos durante muchos a\u00f1os asumiendo el rol de directores<\/strong>\u00ab. Eso s\u00ed, reconoce que quien sepa integrarla bien tendr\u00e1 una ventaja competitiva: \u00abLa IA no nos sustituye, pero quien sepa usarla parecer\u00e1 que tenga superpoderes\u00bb.<\/p>\n<p><strong>El futuro inmediato<\/strong><\/p>\n<p>El despacho de Roger Blasco sigue explorando con cautela estas aplicaciones, probando en qu\u00e9 medida pueden integrarse sin perder de vista la esencia del oficio. En su visi\u00f3n, la inteligencia artificial no sustituir\u00e1 la sensibilidad arquitect\u00f3nica, pero s\u00ed puede convertirse en un aliado que expanda las posibilidades creativas.<\/p>\n","protected":false},"excerpt":{"rendered":"La arquitectura siempre ha tenido un pie en la tradici\u00f3n y otro en la innovaci\u00f3n. Desde Vitruvio hasta&hellip;\n","protected":false},"author":2,"featured_media":148813,"comment_status":"","ping_status":"","sticky":false,"template":"","format":"standard","meta":{"footnotes":""},"categories":[173],"tags":[229,233,231,230,232,234,146,147,25,24,23],"class_list":{"0":"post-148812","1":"post","2":"type-post","3":"status-publish","4":"format-standard","5":"has-post-thumbnail","7":"category-arte-y-diseno","8":"tag-arte","9":"tag-arte-y-diseno","10":"tag-arts","11":"tag-arts-and-design","12":"tag-design","13":"tag-diseno","14":"tag-entertainment","15":"tag-entretenimiento","16":"tag-es","17":"tag-espana","18":"tag-spain"},"share_on_mastodon":{"url":"","error":""},"_links":{"self":[{"href":"https:\/\/www.europesays.com\/es\/wp-json\/wp\/v2\/posts\/148812","targetHints":{"allow":["GET"]}}],"collection":[{"href":"https:\/\/www.europesays.com\/es\/wp-json\/wp\/v2\/posts"}],"about":[{"href":"https:\/\/www.europesays.com\/es\/wp-json\/wp\/v2\/types\/post"}],"author":[{"embeddable":true,"href":"https:\/\/www.europesays.com\/es\/wp-json\/wp\/v2\/users\/2"}],"replies":[{"embeddable":true,"href":"https:\/\/www.europesays.com\/es\/wp-json\/wp\/v2\/comments?post=148812"}],"version-history":[{"count":0,"href":"https:\/\/www.europesays.com\/es\/wp-json\/wp\/v2\/posts\/148812\/revisions"}],"wp:featuredmedia":[{"embeddable":true,"href":"https:\/\/www.europesays.com\/es\/wp-json\/wp\/v2\/media\/148813"}],"wp:attachment":[{"href":"https:\/\/www.europesays.com\/es\/wp-json\/wp\/v2\/media?parent=148812"}],"wp:term":[{"taxonomy":"category","embeddable":true,"href":"https:\/\/www.europesays.com\/es\/wp-json\/wp\/v2\/categories?post=148812"},{"taxonomy":"post_tag","embeddable":true,"href":"https:\/\/www.europesays.com\/es\/wp-json\/wp\/v2\/tags?post=148812"}],"curies":[{"name":"wp","href":"https:\/\/api.w.org\/{rel}","templated":true}]}}