{"id":148814,"date":"2025-09-30T15:13:06","date_gmt":"2025-09-30T15:13:06","guid":{"rendered":"https:\/\/www.europesays.com\/es\/148814\/"},"modified":"2025-09-30T15:13:06","modified_gmt":"2025-09-30T15:13:06","slug":"liber-la-feria-internacional-del-libro-regresa-a-madrid-el-mundo","status":"publish","type":"post","link":"https:\/\/www.europesays.com\/es\/148814\/","title":{"rendered":"Liber, la Feria Internacional del Libro, regresa a Madrid &#8211; El Mundo"},"content":{"rendered":"<ol>\n<li><a href=\"https:\/\/news.google.com\/rss\/articles\/CBMiggFBVV95cUxNODFzRlV1Vjc1aTFseHhnN1NLUlJUWUpoR3QwWjFpNVNXYnFGX2pHSjFUNEVVejk1dFRQemdDaktEQnJMbW9lUnJNc1R1b0xLc2RLVVRoeTZWMmVhZDlnVXV3Tk80eEJxNmU2Um5zcEFTUzF1VEdXb1ZhRFpUMmpKTjR30gGCAUFVX3lxTFBoWndCOGFsWGhBanJwcmdtRHVIMEp4eE0yX2FELXpCdG82d0xxYlJ5YVhiNl9HU1ZvZDhLem9xenRZOGE1WllONnppSEhuVWppV2M0LVdxcHVua0tvQkNJNkNRVkdDOVZSQXFpQ3R5ZFVpenBsZS1TeHAxZ2NWU3I1T3c?oc=5\" target=\"_blank\" rel=\"nofollow noopener\">Liber, la Feria Internacional del Libro, regresa a Madrid<\/a>&nbsp;&nbsp;El Mundo<\/li>\n<li><a href=\"https:\/\/news.google.com\/rss\/articles\/CBMirwFBVV95cUxQeVNnZXEwTHpoenJ3UGtyVUNUNTBScjNtWXdsdFJCUUpTUFNjQkVZY1MyZk8yMWRkTmw0QUVtVlV0V1E5NHhSdU4yakZQUmZNTzB1RlhXUDlkbUZOUDA4WFhXdGVYdnA3bjVWb01rVE9qYkF6VnYzRjhqQ3pCUTBVeGE4OUcyQjNoclVISl95RVF0VEdkMlFlZHo3SFd2bDBxOHN6SFo5aHp2U1ZUWW4w0gG0AUFVX3lxTFBpclEzdUVySjBlV29Ednd3ZXVHTkFMUWs5VGVLQ0U0Q1RRc2Y5U2ppSXBHa2ZDT0t3SkJrRHVpUGlwa1phcG54N2ZxWGNIcGJORFVXSFNFZlozX1RxUGtqYjFCNG5kZ2xZYnp4TGxmaGhhMks1dTFwT2p6ZTEyV3g1akswVnJIR1pjSkIzWDBnWjJMUHN2cW1JRm81Vk9USlBSeU9uRURmcHJ3V1ZoNWFRdEp0Sw?oc=5\" target=\"_blank\" rel=\"nofollow noopener\">LIBER 2025 regresa a Madrid: fechas, programa completo, entradas y c\u00f3mo asistir gratis<\/a>&nbsp;&nbsp;El Confidencial<\/li>\n<li><a href=\"https:\/\/news.google.com\/rss\/articles\/CBMi7wFBVV95cUxPb2l4OVcycVczQXcwemhDU1o4b29ObUltUkpQLVpPQ2NubV9STFF2QVpOM0RHRmx5VzVqSTdocGoxWTJKRXhGSVlWQXZzWVhJVzJpZmpwMEVyaDRCMVJBcFdZVEpsNGUxVjNjNmhxOWhxcG1oZXF5T3I4eU53b01hZDdWdVZDeGM1WUt2czBOc1FBZlIwQjhDeEhndHNwQzJlcGR6TGF5em1XNmdVRERhLUZySTdYR0hJYS1GWm94T0xKY1BackptbmJGd0lxSDBHdVU4X29zcmNhVklMeFBkbWlIVzZHejUxcWw0VzNnRQ?oc=5\" target=\"_blank\" rel=\"nofollow noopener\">Liber vuelve con 60 editores de 24 pa\u00edses, 70 actividades y un espacio sobre compraventa de derechos de autor<\/a>&nbsp;&nbsp;Europa Press<\/li>\n<li><a href=\"https:\/\/news.google.com\/rss\/articles\/CBMiuwFBVV95cUxQWThUd29CN25xUktrLUgxVlVBYnNoaXdZY0l4Nms0cnNGc21YNkxIeXhFV1ltZ1cxU3g2UHNScHlTRUxlT2Q3YU8ySnVma2h1bzg1N1Z1QVdpeFNkSWtKZ2RVZnNUTVU4alZMT1VmaDVGbmhkeHliVmhXdWE1MlQ1MnJnRS1fbHYyTDh5d1ZEZkwxak42WWJUVElKcEpabjFPMUdkN1otdHFnaXREeUF1ZEZFTHdxVWRXV0440gHAAUFVX3lxTE5GWFJCdU9qMDNpTTIwdlVUek0wRk9jZTFZQ0tMUjduT09qSXd6dnA4ak9KZG1vYm91aDdTRkRXcTVVYTNWVmRfY1VNbmdBTEFGa1JPZEIxalREdk52bTdhZzJEYmh1QzFvZGcyQ29Qd05YSmZ6QzRDOURsODBnMDVUd3VrSFY2VVFZWUIyUlNFT1gyZUdTenB3YUlybjRGQkhVNGdTOU9lb1NhbzJkUm83LXhwazZjVzd1a1RFcWM2Rw?oc=5\" target=\"_blank\" rel=\"nofollow noopener\">Todo sobre Liber Madrid 2025: cu\u00e1ndo es, horario, entradas, programa, c\u00f3mo ir gratis y d\u00f3nde es<\/a>&nbsp;&nbsp;OkDiario<\/li>\n<li><a href=\"https:\/\/news.google.com\/rss\/articles\/CBMi8gFBVV95cUxONGJWS0dfMkJ3OW04aDNieThKM0NnNDNpQWJWUzh0OEZpQzFxZ3JadFFzeW9ZZlBNVTJlbzd1Y1QwZENmQWd1Vi1OTjk2YkN0OXdlYlJkdnNYTmhZeVVZMFJVb1Q4aE15am9WVExMQzZVRnhZcmowY2hPSjl6TUxOZWF2d3owa0lZRExZTGZrWll5YkxQSFJTX2d5eUZEcklEaVJjd3laYTdhY2pkOW03SVB6ZkdsOGRycFJTOWY3UHhRcEdFUUJ2ZHZ2cWo5WmZCOHNCTkk4VzBPd2piYkVLY2tMMUc0LTBhTVhpZGc4dFI0QdIB9wFBVV95cUxPS0RVd1Z2SUhjV1Bqd18zYXhSRTRsb25PeHc0TXdweFd1M041REtfZWg4b1F3R1lKcnBtdk5OY2FOalZKaHJhRm0zdTBoZkNiLWFMQXN5ZUpJNGliT19yUVM0QUtiVDVvWURkOV9pdlk3LUFNREpzNEtfd2V1ZzZ5VVVNeGhUSzNqeUp5MXgwaHE3X1ZXdGpiY2tyc1JManA0VFpiUTY0S0wwZFBoajdDM1RzckVhR1RlZTFORk9BWHhuNmtGaHdNZEw0TDFhS0YtTlg2TTJPRGlJY0k4ZHpMSE1IcmgzWnJIeWxBOGdkZWxLTzdjaEo4?oc=5\" target=\"_blank\" rel=\"nofollow noopener\">&#8216;LIBER 2025&#8217; reunir\u00e1 en Madrid a profesionales del libro de m\u00e1s de 60 pa\u00edses, con Chile como invitado de honor<\/a>&nbsp;&nbsp;La Vanguardia<\/li>\n<\/ol>\n","protected":false},"excerpt":{"rendered":"Liber, la Feria Internacional del Libro, regresa a Madrid&nbsp;&nbsp;El Mundo LIBER 2025 regresa a Madrid: fechas, programa completo,&hellip;\n","protected":false},"author":2,"featured_media":148815,"comment_status":"","ping_status":"","sticky":false,"template":"","format":"standard","meta":{"footnotes":""},"categories":[172],"tags":[224,146,147,25,24,45432,225,23],"class_list":{"0":"post-148814","1":"post","2":"type-post","3":"status-publish","4":"format-standard","5":"has-post-thumbnail","7":"category-libros","8":"tag-books","9":"tag-entertainment","10":"tag-entretenimiento","11":"tag-es","12":"tag-espana","13":"tag-extras-ifema","14":"tag-libros","15":"tag-spain"},"share_on_mastodon":{"url":"","error":""},"_links":{"self":[{"href":"https:\/\/www.europesays.com\/es\/wp-json\/wp\/v2\/posts\/148814","targetHints":{"allow":["GET"]}}],"collection":[{"href":"https:\/\/www.europesays.com\/es\/wp-json\/wp\/v2\/posts"}],"about":[{"href":"https:\/\/www.europesays.com\/es\/wp-json\/wp\/v2\/types\/post"}],"author":[{"embeddable":true,"href":"https:\/\/www.europesays.com\/es\/wp-json\/wp\/v2\/users\/2"}],"replies":[{"embeddable":true,"href":"https:\/\/www.europesays.com\/es\/wp-json\/wp\/v2\/comments?post=148814"}],"version-history":[{"count":0,"href":"https:\/\/www.europesays.com\/es\/wp-json\/wp\/v2\/posts\/148814\/revisions"}],"wp:featuredmedia":[{"embeddable":true,"href":"https:\/\/www.europesays.com\/es\/wp-json\/wp\/v2\/media\/148815"}],"wp:attachment":[{"href":"https:\/\/www.europesays.com\/es\/wp-json\/wp\/v2\/media?parent=148814"}],"wp:term":[{"taxonomy":"category","embeddable":true,"href":"https:\/\/www.europesays.com\/es\/wp-json\/wp\/v2\/categories?post=148814"},{"taxonomy":"post_tag","embeddable":true,"href":"https:\/\/www.europesays.com\/es\/wp-json\/wp\/v2\/tags?post=148814"}],"curies":[{"name":"wp","href":"https:\/\/api.w.org\/{rel}","templated":true}]}}