{"id":148816,"date":"2025-09-30T15:14:14","date_gmt":"2025-09-30T15:14:14","guid":{"rendered":"https:\/\/www.europesays.com\/es\/148816\/"},"modified":"2025-09-30T15:14:14","modified_gmt":"2025-09-30T15:14:14","slug":"la-esperada-serie-con-la-que-redescubrir-salamanca-se-estrena-inminentemente-esperamos-volver-el-ano-que-viene","status":"publish","type":"post","link":"https:\/\/www.europesays.com\/es\/148816\/","title":{"rendered":"La esperada serie con la que redescubrir Salamanca se estrena inminentemente: \u00abEsperamos volver el a\u00f1o que viene\u00bb"},"content":{"rendered":"<p><a class=\"v-mdl-ath__fig-a\" href=\"https:\/\/www.lagacetadesalamanca.es\/autor\/jose-fuentes-rajo-6751.html\" title=\"Jos\u00e9 Fuentes Rajo\" rel=\"nofollow noopener\" target=\"_blank\"><br \/>\n<img decoding=\"async\" class=\"v-mdl-ath__img\" src=\"https:\/\/www.europesays.com\/es\/wp-content\/uploads\/2025\/09\/autor-6751-foto-1.jpeg\" alt=\"Jos\u00e9 Fuentes Rajo\"\/><br \/>\n<\/a><\/p>\n<p class=\"v-mdl-ath__p v-mdl-ath__p--6\">\nMartes, 30 de septiembre 2025, 14:48<\/p>\n<p>| Actualizado 15:00h.<\/p>\n<p class=\"v-p\">El alcalde de la ciudad, <strong>Carlos Garc\u00eda Carbayo<\/strong>, el productor ejecutivo <strong>Miguel Men\u00e9ndez de Zubillaga<\/strong> y el actor <strong>Biel Rossell<\/strong> han presentado este martes en el Ayuntamiento el preestreno de <a href=\"https:\/\/www.lagacetadesalamanca.es\/salamanca\/salamanca-trailer-zoomers-serie-prime-rodada-ciudad-20250902185931-nt.html\" data-voc-vtm-id=\"in-text-traffic\" title=\"&#039;Zoomers&#039;\" rel=\"nofollow noopener\" target=\"_blank\">&#8216;Zoomers&#8217;<\/a>, la serie de <strong>Prime Video<\/strong> rodada en Salamanca en julio del pasado a\u00f1o que se estrena este viernes y cuyos tres primeros cap\u00edtulos se podr\u00e1n ver esta tarde a las 20:00 horas en la sala menor del <strong>Palacio de Congresos y Exposiciones de Castilla y Le\u00f3n (las invitaciones son gratuitas y se recogen en la Oficina de Turismo situada en la Plaza Mayor).<\/strong><\/p>\n<p class=\"v-p\">La serie gira en torno a Javi, interpretado por <strong>Rossell<\/strong>, que inicia en Salamanca una carrera universitaria tras una tragedia personal con una lista de objetivos marcada por \u00e9l y por su terapeuta en un entorno estudiantil lleno de fiestas y conflictos emocionales.<\/p>\n<p class=\"v-p\">Junto a ellos tambi\u00e9n se encontraban los creadores <strong>Federico Mayorca<\/strong> y <strong>Guillermo Van Dre\u00ef<\/strong>, y otros actores de la serie como <strong>Adri\u00e1n Luque y Rub\u00e9n Fern\u00e1ndez.<\/strong><\/p>\n<p><img decoding=\"async\" loading=\"lazy\" src=\"https:\/\/s1.ppllstatics.com\/lagacetadesalamanca\/www\/multimedia\/2025\/09\/30\/carbayo.jpg\" class=\"v-a-img\" width=\"650\" height=\"455\" alt=\"El alcalde, Carlos Garc\u00eda Carbayo.\" data-voc-vtm-id=\"in-text-traffic\"\/><\/p>\n<p>El alcalde, Carlos Garc\u00eda Carbayo.<\/p>\n<p>LAYA<\/p>\n<p><img loading=\"lazy\" decoding=\"async\" src=\"https:\/\/s1.ppllstatics.com\/lagacetadesalamanca\/www\/multimedia\/2025\/09\/30\/carbayo.jpg\" class=\"v-mdl__img-z\" width=\"650\" height=\"455\" alt=\"\"\/><\/p>\n<p class=\"v-p\">El alcalde ha querido expresar su agradecimiento a todo el equipo de producci\u00f3n, \u00abque ha logrado fundirse con la ciudad\u00bb, as\u00ed como a la Film Commission, por su contribuci\u00f3n a haber convertido la ciudad en un escenario de cine.<\/p>\n<p class=\"v-p\">\u00abSe trata de una producci\u00f3n fresca, juvenil, desenfadada y con un punto gamberro. El equipo ha realzado la monumentalidad de Salamanca con un extraordinario gusto, y ha convertido a Zoomers no solo en la historia de Javi y sus amigos, sino en una postal que refleja la belleza de la ciudad\u00bb.<\/p>\n<p class=\"v-p\">Tambi\u00e9n ha destacado que durante el rodaje trabajaron miembros de la bolsa de empleo de la <strong>Universidad de Salamanca<\/strong> y de la <strong>Universidad Pontificia<\/strong>.<\/p>\n<p class=\"v-p\">Por \u00faltimo, le ha deseado lo mejor al equipo tanto en su vida personal como profesional y ha a\u00f1adido que ya son \u00abcharros como todos nosotros\u00bb y que saben \u00abc\u00f3mo se vive en esta ciudad que cuida bien a los que vienen y se quedan, un lugar para pas\u00e1rselo bien\u00bb.<\/p>\n<p>BIEL ROSSELL: \u00abCUANDO LOS PRODUCTORES VIERON SALAMANCA QUISIERON GRABAR M\u00c1S SECUENCIAS PARA QUE SE VIERA M\u00c1S Y MEJOR\u00bb<\/p>\n<p><img decoding=\"async\" loading=\"lazy\" src=\"https:\/\/www.europesays.com\/es\/wp-content\/uploads\/2025\/09\/biel-kEVC--650x455@Gaceta Salamanca.jpg\" class=\"v-a-img\" width=\"650\" height=\"455\" alt=\"El actor Biel Rossell durante su intervenci\u00f3n.\" data-voc-vtm-id=\"in-text-traffic\"\/><\/p>\n<p>El actor Biel Rossell durante su intervenci\u00f3n.<\/p>\n<p>LAYA<\/p>\n<p><img loading=\"lazy\" decoding=\"async\" src=\"https:\/\/www.europesays.com\/es\/wp-content\/uploads\/2025\/09\/biel-kEVC--650x455@Gaceta Salamanca.jpg\" class=\"v-mdl__img-z\" width=\"650\" height=\"455\" alt=\"\"\/><\/p>\n<p class=\"v-p\">El siguiente en hablar fue el actor que da vida a Javi, el protagonista, Biel Rossell, que quiso agradecer en primer lugar al Ayuntamiento por lo \u00abbien\u00bb que les han tratado y ha desvelado que \u00aben cada episodio se descubre un punto nuevo de Salamanca\u00bb y que \u00abcuando los productores vieron Salamanca quisieron grabar m\u00e1s secuencias para que se viera m\u00e1s y mejor\u00bb.<\/p>\n<p class=\"v-p\">El actor se\u00f1al\u00f3 que \u00abhab\u00edan trabajado muy duro\u00bb pero que tambi\u00e9n hab\u00edan disfrutado mucho durante los descansos y los fines de semana de la ciudad, \u00abde su gente, de sus bares y de su turismo\u00bb, llev\u00e1ndose consigo de Salamanca \u00abmuy buenos recuerdos\u00bb.<\/p>\n<p class=\"v-p\">Rossell tambi\u00e9n ha contado que durante las dos semanas de rodaje se ha narrado un curso universitario entero, es decir, un a\u00f1o, por lo que se podr\u00e1 apreciar el casco antiguo en todas las estaciones y fiestas como el Fin de A\u00f1o Universitario, que se celebra antes de Navidad para que los estudiantes puedan pasar las festividades con su familia, algo que el actor desconoc\u00eda.<\/p>\n<p>MIGUEL MEN\u00c9NDEZ: \u00abESPERAMOS VOLVER EL A\u00d1O QUE VIENE CON LA SEGUNDA TEMPORADA\u00bb<\/p>\n<p><img decoding=\"async\" loading=\"lazy\" src=\"https:\/\/www.europesays.com\/es\/wp-content\/uploads\/2025\/09\/miguel-kEVC--650x455@Gaceta Salamanca.jpg\" class=\"v-a-img\" width=\"650\" height=\"455\" alt=\"Miguel Men\u00e9ndez de Zubillaga durante su intervenci\u00f3n.\" data-voc-vtm-id=\"in-text-traffic\"\/><\/p>\n<p>Miguel Men\u00e9ndez de Zubillaga durante su intervenci\u00f3n.<\/p>\n<p>LAYA<\/p>\n<p><img loading=\"lazy\" decoding=\"async\" src=\"https:\/\/www.europesays.com\/es\/wp-content\/uploads\/2025\/09\/miguel-kEVC--650x455@Gaceta Salamanca.jpg\" class=\"v-mdl__img-z\" width=\"650\" height=\"455\" alt=\"\"\/><\/p>\n<p class=\"v-p\">Miguel Men\u00e9ndez, productor ejecutivo de la serie, fue el \u00faltimo en intervenir. Quiso agradecer tanto al Ayuntamiento como a la Film Commission su colaboraci\u00f3n para que la serie saliese adelante desde que hace un a\u00f1o y medio visitasen la ciudad para estudiarla como posible lugar de ambientaci\u00f3n. La serie se centra en mostrar c\u00f3mo es la vida de la conocida como &#8216;Generaci\u00f3n Z&#8217;, nacida a finales de los 90 y principios de los 2000 aproximadamente.<\/p>\n<p class=\"v-p\">\u00abFrente a otras series que muestran rasgos de esta generaci\u00f3n que no representan a la mayor\u00eda, &#8216;Zoomers&#8217; tiene una mirada honesta y realista del ser humano\u00bb, ha expresado Men\u00e9ndez, a\u00f1adiendo que muestra \u00abproblemas universales\u00bb que compart\u00edan los j\u00f3venes hace 30 a\u00f1os y los compartir\u00e1n dentro de otros 30, como \u00absentirse aceptado o tener un amigo\u00bb.<\/p>\n<p class=\"v-p\">Por \u00faltimo, ha ensalzado la ciudad como un gran escenario de cine en el que \u00abpongas donde pongas la c\u00e1mara sale un plano muy bonito\u00bb. \u00abEsperamos volver el a\u00f1o que viene con la segunda temporada\u00bb, ha concluido.<\/p>\n<p>UN RECUERDO DE LA CIUDAD<\/p>\n<p class=\"v-p\">Al concluir la presentaci\u00f3n, el alcalde hizo entrega a los miembros del equipo que estaban presentes de una placa de recuerdo como obsequio, para despu\u00e9s salir al balc\u00f3n de la Plaza Mayor y ense\u00f1arles algunas de las curiosidades que esconden el \u00e1gora y la ciudad.<\/p>\n<p>Men\u00e9ndez de Zubillaga recogiendo el obsequio del Ayuntamiento, detalle de los obsequios y el alcalde con el equipo en el balc\u00f3n de la Plaza Mayor.<\/p>\n<p>LAYA<\/p>\n<p><img decoding=\"async\" loading=\"lazy\" src=\"https:\/\/www.europesays.com\/es\/wp-content\/uploads\/2025\/09\/detalleproductor-kEVC--1200x841@Gaceta Salamanca.jpg\" class=\"v-mdl__img-z\" width=\"1200\" height=\"841\" alt=\"Imagen principal - Men\u00e9ndez de Zubillaga recogiendo el obsequio del Ayuntamiento, detalle de los obsequios y el alcalde con el equipo en el balc\u00f3n de la Plaza Mayor.\"\/><\/p>\n<p><img decoding=\"async\" loading=\"lazy\" src=\"https:\/\/www.europesays.com\/es\/wp-content\/uploads\/2025\/09\/detalle-kEVC--1200x851@Gaceta Salamanca.jpg\" class=\"v-mdl__img-z\" width=\"1200\" height=\"851\" alt=\"Imagen secundaria 1 - Men\u00e9ndez de Zubillaga recogiendo el obsequio del Ayuntamiento, detalle de los obsequios y el alcalde con el equipo en el balc\u00f3n de la Plaza Mayor.\"\/><\/p>\n<p><img decoding=\"async\" loading=\"lazy\" src=\"https:\/\/s1.ppllstatics.com\/lagacetadesalamanca\/www\/multimedia\/2025\/09\/30\/balcon-kEVC--711x841@Gaceta%20Salamanca.jpg\" class=\"v-mdl__img-z\" width=\"711\" height=\"841\" alt=\"Imagen secundaria 2 - Men\u00e9ndez de Zubillaga recogiendo el obsequio del Ayuntamiento, detalle de los obsequios y el alcalde con el equipo en el balc\u00f3n de la Plaza Mayor.\"\/><\/p>\n<p>Comenta<\/p>\n<p>Reporta un error<\/p>\n","protected":false},"excerpt":{"rendered":"Martes, 30 de septiembre 2025, 14:48 | Actualizado 15:00h. El alcalde de la ciudad, Carlos Garc\u00eda Carbayo, el&hellip;\n","protected":false},"author":2,"featured_media":148817,"comment_status":"","ping_status":"","sticky":false,"template":"","format":"standard","meta":{"footnotes":""},"categories":[171],"tags":[146,147,25,24,23,214,32588],"class_list":{"0":"post-148816","1":"post","2":"type-post","3":"status-publish","4":"format-standard","5":"has-post-thumbnail","7":"category-tv","8":"tag-entertainment","9":"tag-entretenimiento","10":"tag-es","11":"tag-espana","12":"tag-spain","13":"tag-tv","14":"tag-zoomers"},"share_on_mastodon":{"url":"","error":""},"_links":{"self":[{"href":"https:\/\/www.europesays.com\/es\/wp-json\/wp\/v2\/posts\/148816","targetHints":{"allow":["GET"]}}],"collection":[{"href":"https:\/\/www.europesays.com\/es\/wp-json\/wp\/v2\/posts"}],"about":[{"href":"https:\/\/www.europesays.com\/es\/wp-json\/wp\/v2\/types\/post"}],"author":[{"embeddable":true,"href":"https:\/\/www.europesays.com\/es\/wp-json\/wp\/v2\/users\/2"}],"replies":[{"embeddable":true,"href":"https:\/\/www.europesays.com\/es\/wp-json\/wp\/v2\/comments?post=148816"}],"version-history":[{"count":0,"href":"https:\/\/www.europesays.com\/es\/wp-json\/wp\/v2\/posts\/148816\/revisions"}],"wp:featuredmedia":[{"embeddable":true,"href":"https:\/\/www.europesays.com\/es\/wp-json\/wp\/v2\/media\/148817"}],"wp:attachment":[{"href":"https:\/\/www.europesays.com\/es\/wp-json\/wp\/v2\/media?parent=148816"}],"wp:term":[{"taxonomy":"category","embeddable":true,"href":"https:\/\/www.europesays.com\/es\/wp-json\/wp\/v2\/categories?post=148816"},{"taxonomy":"post_tag","embeddable":true,"href":"https:\/\/www.europesays.com\/es\/wp-json\/wp\/v2\/tags?post=148816"}],"curies":[{"name":"wp","href":"https:\/\/api.w.org\/{rel}","templated":true}]}}