{"id":148826,"date":"2025-09-30T15:23:09","date_gmt":"2025-09-30T15:23:09","guid":{"rendered":"https:\/\/www.europesays.com\/es\/148826\/"},"modified":"2025-09-30T15:23:09","modified_gmt":"2025-09-30T15:23:09","slug":"el-gobierno-aprueba-la-tramitacion-urgente-del-registro-horario","status":"publish","type":"post","link":"https:\/\/www.europesays.com\/es\/148826\/","title":{"rendered":"El Gobierno aprueba la tramitaci\u00f3n urgente del registro horario"},"content":{"rendered":"<p>El Gobierno insiste en la necesidad de mejorar el <strong>control de los horarios laborales y las horas extra.<\/strong> El Consejo de Ministros ha aprobado este martes la<strong> tramitaci\u00f3n urgente de la reforma del registro,<\/strong> que cay\u00f3 junto a la reducci\u00f3n de la jornada a 37,5 horas semanales hace casi tres semanas en el Congreso. <\/p>\n<p>\u00abLas tres derechas tumbaron el proyecto de reducci\u00f3n de jornada y dijimos que no nos iban a frenar. Vamos a defender cada hora trabajada para que sea pagada y registrada. Cada minuto de vida tiene que volver a ser vuestro. Seguimos\u00bb, ha escrito <strong>la vicepresidenta segunda y ministra de Trabajo, Yolanda D\u00edaz,<\/strong> en la red social Bluesky, al t\u00e9rmino de la reuni\u00f3n y mientras se desarrollaba la rueda de prensa con la ministra de Igualdad, Ana Redondo, y el de Memoria Democr\u00e1tica, \u00c1ngel V\u00edctor Torres.<\/p>\n<p>En declaraciones remitidas a los medios de comunicaci\u00f3n, D\u00edaz ha puesto tambi\u00e9n el foco en el presidente de la <strong>CEOE, Antonio Garamendi,<\/strong> y otras patronales, que est\u00e1n \u00abmuy preocupadas\u00bb por la acci\u00f3n de su Ministerio y les han \u00abacusado de cosas muy graves\u00bb. La semana pasada, Garamendi lament\u00f3 un problema de \u00abactitud\u00bb en Espa\u00f1a, asegur\u00f3 que \u00abmucha gente no quiere trabajar\u00bb y defendi\u00f3 la \u00abcultura del esfuerzo\u00bb del tenista Carlos Alcaraz.<\/p>\n<p>Seg\u00fan han concretado fuentes de Trabajo, su proyecto de Real Decreto plantea un<strong> registro digital <\/strong>que pueda revisarse en cualquier momento tanto por la persona trabajadora, como por los sindicatos y la inspecci\u00f3n, con el objetivo de garantizar el cumplimiento de las condiciones laborales del contrato, favorecer la conciliaci\u00f3n de la vida personal y asegurar la desconexi\u00f3n digital. Ser\u00e1, adem\u00e1s, \u00abverificable en tiempo real\u00bb y se aplicar\u00e1 a todas las jornadas (ordinarias, extraordinarias, flexibles o  complementarias a tiempo parcial).<\/p>\n<p>La v\u00eda de urgencia reducir\u00e1 a la mitad los plazos previstos para el tr\u00e1mite porque, entre otras cosas, no exigir\u00e1 consulta p\u00fablica.<\/p>\n<p>Dos millones y medio de horas extra semanales<\/p>\n<p>El pasado 10 de septiembre, el Congreso rechaz\u00f3 el <strong>proyecto de ley para reducir la jornada laboral, <\/strong>texto que inclu\u00eda la reforma del control de horario, adem\u00e1s del paso de 40 a 37,5 horas semanales sin merma salarial. Las enmiendas a la totalidad presentadas por PP, Vox y Junts salieron adelante con 178 votos a favor y 170 en contra, pero entonces D\u00edaz ya advirti\u00f3 de su intenci\u00f3n de sacar adelante, al menos, la parte relativa al registro para evitar las horas extra no pagadas. <\/p>\n<p>\u00abSon menos ratos con vuestros hijos e hijas, con amigos. Menos descanso, menos salud, m\u00e1s malestar. Es dinero y tiempo que es vuestro, que os pertenece y que ahora vamos a proteger\u00bb, ha se\u00f1alado D\u00edaz esta martes.<\/p>\n<p>El portavoz parlamentario del PSOE,<a href=\"https:\/\/www.rtve.es\/noticias\/20250930\/lopez-cree-gobierno-puede-sacar-adelante-pge-negociando-con-grupos-solemos-conseguir\/16749987.shtml\" target=\"_blank\" rel=\"nofollow noopener\"> Patxi L\u00f3pez<\/a>, tambi\u00e9n se ha referido a ello en el mismo d\u00eda por la ma\u00f1ana La hora de la 1. \u00abHay <strong>m\u00e1s de dos millones y medio de horas extras<\/strong> que no se pagan a la semana, es un abuso y empezamos a ordenar esto para que no vuelva a suceder o se paguen\u00bb, ha declarado.<\/p>\n<p>El secretario general de CC.OO., <a href=\"https:\/\/www.rtve.es\/play\/audios\/las-mananas-de-rne\/unai-sordo-ccoo-nuevo-resgistro-horario-facilitara-mucho-trabajo-mas-efectivo-inspeccion\/16749955\/\" target=\"_blank\" rel=\"nofollow noopener\">Unai Sordo<\/a>, ha coincidido en estas cifras y, en una intervenci\u00f3n en Las ma\u00f1anas de RNE, ha confiado en que la reforma<strong> ayude \u00aba la reducci\u00f3n efectiva del tiempo de trabajo, <\/strong>al menos del no pagado y no reconocido\u00bb, porque, en su opini\u00f3n, los sistemas de control \u00abno est\u00e1n adaptados a los tiempos\u00bb actuales. <\/p>\n","protected":false},"excerpt":{"rendered":"El Gobierno insiste en la necesidad de mejorar el control de los horarios laborales y las horas extra.&hellip;\n","protected":false},"author":2,"featured_media":148827,"comment_status":"","ping_status":"","sticky":false,"template":"","format":"standard","meta":{"footnotes":""},"categories":[8],"tags":[17,18,25,24,13,14,11,19,20,9,10,15,16,23,12,21,22],"class_list":{"0":"post-148826","1":"post","2":"type-post","3":"status-publish","4":"format-standard","5":"has-post-thumbnail","7":"category-espana","8":"tag-breaking-news","9":"tag-breakingnews","10":"tag-es","11":"tag-espana","12":"tag-featured-news","13":"tag-featurednews","14":"tag-headlines","15":"tag-latest-news","16":"tag-latestnews","17":"tag-news","18":"tag-noticias","19":"tag-noticias-destacadas","20":"tag-noticiasdestacadas","21":"tag-spain","22":"tag-titulares","23":"tag-ultimas-noticias","24":"tag-ultimasnoticias"},"share_on_mastodon":{"url":"","error":""},"_links":{"self":[{"href":"https:\/\/www.europesays.com\/es\/wp-json\/wp\/v2\/posts\/148826","targetHints":{"allow":["GET"]}}],"collection":[{"href":"https:\/\/www.europesays.com\/es\/wp-json\/wp\/v2\/posts"}],"about":[{"href":"https:\/\/www.europesays.com\/es\/wp-json\/wp\/v2\/types\/post"}],"author":[{"embeddable":true,"href":"https:\/\/www.europesays.com\/es\/wp-json\/wp\/v2\/users\/2"}],"replies":[{"embeddable":true,"href":"https:\/\/www.europesays.com\/es\/wp-json\/wp\/v2\/comments?post=148826"}],"version-history":[{"count":0,"href":"https:\/\/www.europesays.com\/es\/wp-json\/wp\/v2\/posts\/148826\/revisions"}],"wp:featuredmedia":[{"embeddable":true,"href":"https:\/\/www.europesays.com\/es\/wp-json\/wp\/v2\/media\/148827"}],"wp:attachment":[{"href":"https:\/\/www.europesays.com\/es\/wp-json\/wp\/v2\/media?parent=148826"}],"wp:term":[{"taxonomy":"category","embeddable":true,"href":"https:\/\/www.europesays.com\/es\/wp-json\/wp\/v2\/categories?post=148826"},{"taxonomy":"post_tag","embeddable":true,"href":"https:\/\/www.europesays.com\/es\/wp-json\/wp\/v2\/tags?post=148826"}],"curies":[{"name":"wp","href":"https:\/\/api.w.org\/{rel}","templated":true}]}}