{"id":148828,"date":"2025-09-30T15:24:32","date_gmt":"2025-09-30T15:24:32","guid":{"rendered":"https:\/\/www.europesays.com\/es\/148828\/"},"modified":"2025-09-30T15:24:32","modified_gmt":"2025-09-30T15:24:32","slug":"la-moncloa-30-09-2025-el-gobierno-impulsa-la-lucha-contra-la-violencia-vicaria-consejo-de-ministros-resumenes","status":"publish","type":"post","link":"https:\/\/www.europesays.com\/es\/148828\/","title":{"rendered":"La Moncloa. 30\/09\/2025. El Gobierno impulsa la lucha contra la violencia vicaria [Consejo de Ministros\/Res\u00famenes]"},"content":{"rendered":"<p class=\"news-location\">La Moncloa, Madrid<\/p>\n<p>El Consejo de Ministros ha abordado el anteproyecto de ley org\u00e1nica de medidas en materia de violencia vicaria.<\/p>\n<p>La ministra de Igualdad, Ana Redondo, ha destacado la oportunidad de la norma ante un \u00abcontexto pol\u00edtico de ola reaccionaria\u00bb y la ha enmarcado en el compromiso del Gobierno por seguir avanzando en la igualdad real y atender las peticiones de las asociaciones de v\u00edctimas. Redondo ha recordado las cifras de esta \u00abdur\u00edsima realidad\u00bb: desde el a\u00f1o 2013, un total de 65 ni\u00f1as y ni\u00f1os han sido asesinados por violencia vicaria, 9 el a\u00f1o pasado y 3 en 2025.<\/p>\n<p>Tipificaci\u00f3n de la violencia vicaria<\/p>\n<p>Los objetivos de la futura ley son tres, seg\u00fan ha detallado la ministra: cumplir el <a href=\"https:\/\/www.lamoncloa.gob.es\/serviciosdeprensa\/notasprensa\/igualdad\/paginas\/2025\/260225-redondo-renovacion-pacto-violencia-genero.aspx\" onclick=\"javascript:GoogleTrackEvent(&#039;True&#039;,&#039;Contenido&#039;,&#039;Click&#039;,&#039;[https:\/\/www.lamoncloa.gob.es\/consejodeministros\/resumenes\/Paginas\/2025\/300925-rueda-de-prensa-ministros.aspx] renovado Pacto de Estado contra la Violencia de G\u00e9nero. [\/serviciosdeprensa\/notasprensa\/igualdad\/paginas\/2025\/260225-redondo-renovacion-pacto-violencia-genero.aspx]&#039;);\" rel=\"nofollow noopener\" target=\"_blank\">renovado Pacto de Estado contra la Violencia de G\u00e9nero<\/a> en el \u00e1mbito de la violencia vicaria; definirla e incorporarla al ordenamiento jur\u00eddico y, sobre todo, proteger a las v\u00edctimas y concienciar a la sociedad contra \u00abestas violencias tan radicales, salvajes y absolutamente inconcebibles\u00bb.<\/p>\n<p>Ana Redondo ha explicado que el texto modifica otras leyes que afectan a la violencia vicaria, fundamentalmente la Ley Integral contra la Violencia de G\u00e9nero, de la que se ha celebrado recientemente el <a href=\"https:\/\/www.lamoncloa.gob.es\/presidente\/actividades\/paginas\/2025\/100225-sanchez-20-aniversario-ley-violencia-genero.aspx\" onclick=\"javascript:GoogleTrackEvent(&#039;True&#039;,&#039;Contenido&#039;,&#039;Click&#039;,&#039;[https:\/\/www.lamoncloa.gob.es\/consejodeministros\/resumenes\/Paginas\/2025\/300925-rueda-de-prensa-ministros.aspx] vig\u00e9simo aniversario. [\/presidente\/actividades\/paginas\/2025\/100225-sanchez-20-aniversario-ley-violencia-genero.aspx]&#039;);\" rel=\"nofollow noopener\" target=\"_blank\">vig\u00e9simo aniversario<\/a>, pero tambi\u00e9n el C\u00f3digo Penal, el C\u00f3digo Civil y las leyes sobre el enjuiciamiento civil, el Poder Judicial y la protecci\u00f3n jur\u00eddica del menor.<\/p>\n<p><img decoding=\"async\" src=\"https:\/\/www.europesays.com\/es\/wp-content\/uploads\/2025\/09\/300925-rueda-de-prensa-ministros2.JPG\" alt=\"La ministra de Igualdad, Ana Redondo, durante la rueda de prensa posterior al Consejo de Ministros\" title=\"La ministra de Igualdad, Ana Redondo, durante la rueda de prensa posterior al Consejo de Ministros\"\/>La ministra de Igualdad, Ana Redondo, en la rueda de prensa posterior al Consejo de Ministros. | Pool Moncloa\/ Cesar Porras<\/p>\n<p>El anteproyecto identifica la violencia vicaria como aquella que se ejerce sobre la mujer por parte de su pareja o expareja a trav\u00e9s de una persona interpuesta con el fin de vulnerar su integridad moral. Esas personas interpuestas pueden ser los menores, los descendientes, los mayores con discapacidad sometidos a la patria potestad o custodia, los ascendientes, los hermanos o la pareja actual de la v\u00edctima.<\/p>\n<p>Con la reforma, esta violencia queda tipificada con un nuevo art\u00edculo en el C\u00f3digo Penal que establece dos tipos, siguiendo la jurisprudencia del Tribunal Constitucional: uno general de violencia vicaria en el \u00e1mbito de la violencia dom\u00e9stica, con penas privativas de libertad de seis meses y un d\u00eda a tres a\u00f1os, y un tipo agravado en el contexto de la violencia de g\u00e9nero, con penas de un a\u00f1o y medio a tres a\u00f1os. Adem\u00e1s, se incorpora como pena accesoria la prohibici\u00f3n de portar armas entre tres y cinco a\u00f1os.<\/p>\n<p>Medidas accesorias, sensibilizaci\u00f3n y formaci\u00f3n espec\u00edfica<\/p>\n<p>La titular de Igualdad ha subrayado otra pena accesoria que se incorpora al C\u00f3digo Penal: el juez valorar\u00e1 la prohibici\u00f3n de publicar aquellos contenidos directamente relacionados con los hechos delictivos que puedan afectar a la integridad moral de la v\u00edctima.<\/p>\n<p>La reforma refuerza, adem\u00e1s, la obligaci\u00f3n de escuchar al menor antes de acordar un r\u00e9gimen de guardia y custodia. La \u00fanica excepci\u00f3n, que exigir\u00e1 una especial motivaci\u00f3n por parte del juez, ser\u00e1n aquellos casos donde la escucha sea imposible o interfiera clara y directamente con el inter\u00e9s superior del menor.<\/p>\n<p>Por otra parte, el anteproyecto incorpora planes de sensibilizaci\u00f3n contra la violencia vicaria, en l\u00ednea con los que existen respecto a la violencia de g\u00e9nero. Igualmente, incide en la formaci\u00f3n de los jueces y fiscales sobre la violencia vicaria, incluy\u00e9ndola en la oferta formativa del Consejo General del Poder Judicial y en el acceso y promoci\u00f3n de las carreras judicial y fiscal.<\/p>\n<p><img decoding=\"async\" src=\"https:\/\/www.europesays.com\/es\/wp-content\/uploads\/2025\/09\/300925-rueda-de-prensa-ministros1.JPG\" alt=\"La ministra de Igualdad, Ana Redondo, durante la rueda de prensa posterior al Consejo de Ministros\" title=\"La ministra de Igualdad, Ana Redondo, durante la rueda de prensa posterior al Consejo de Ministros\"\/>La ministra de Igualdad, Ana Redondo, durante la rueda de prensa tras el Consejo de Ministros. | Pool Moncloa\/ Cesar Porras<\/p>\n<p>Este conjunto de medidas pretende, en palabras de Ana Redondo, \u00absituar a Espa\u00f1a nuevamente a la vanguardia en las pol\u00edticas de defensa de la igualdad real de oportunidades, cuando la violencia de g\u00e9nero sigue siendo uno de los mayores problemas a los que se enfrentan las mujeres y la sociedad y la democracia espa\u00f1ola\u00bb.<\/p>\n<p>B\u00fasqueda, localizaci\u00f3n exhumaci\u00f3n e identificaci\u00f3n de v\u00edctimas de la guerra de Espa\u00f1a y la dictadura<\/p>\n<p>El Gobierno ha regulado la concesi\u00f3n directa de 2,4 millones de euros para buscar, localizar, exhumar e identificar restos de v\u00edctimas de la guerra en Espa\u00f1a y la dictadura. El ministro de Pol\u00edtica Territorial y Memoria Democr\u00e1tica, \u00c1ngel V\u00edctor Torres, ha precisado que un mill\u00f3n de euros se distribuir\u00e1 a la Federaci\u00f3n Espa\u00f1ola de Municipios y Provincias, que lo destinar\u00e1 \u00aba las fosas analizadas donde presumiblemente hay seguridad de encontrar restos de personas\u00bb, y el resto se repartir\u00e1 entre distintas entidades locales.<\/p>\n<p>En concreto, se asignar\u00e1n a las diputaciones provinciales de C\u00e1ceres, Badajoz, Ja\u00e9n, Sevilla y A Coru\u00f1a, a los ayuntamientos de Sevilla, Ja\u00e9n, Huelva y C\u00f3rdoba y a los de Nerva (Huelva) y V\u00edznar (Granada).<\/p>\n<p>Balance de los planes cuatrienales<\/p>\n<p>Durante su comparecencia en la rueda de prensa posterior a la reuni\u00f3n del Ejecutivo, \u00c1ngel V\u00edctor Torres ha repasado los logros obtenidos con los dos planes cuatrienales desplegados por el Gobierno desde 2019 para exhumar fosas comunes en todo el pa\u00eds. Los estudios e informes emitidos en el a\u00f1o 2019, seg\u00fan ha apuntado el ministro, reflejaban la posibilidad de que se pudieran rescatar hasta 20.000 personas de fosas, pozos y cunetas. En 5 a\u00f1os se han realizado 8.941 exhumaciones de v\u00edctimas en toda Espa\u00f1a; la cifra se acerca al 50% de las previstas.<\/p>\n<p>El ministro ha concretado que, una vez hechas las comprobaciones de ADN solicitadas por los familiares de los fallecidos hallados en esas fosas y pozos y en lugares como el Valle de Cuelgamuros, ya se han entregado 70 v\u00edctimas a sus familias.<\/p>\n<p><img decoding=\"async\" src=\"https:\/\/www.europesays.com\/es\/wp-content\/uploads\/2025\/09\/300925-rueda-de-prensa-ministros3.JPG\" alt=\"El ministro de Pol\u00edtica Territorial y Memoria Democr\u00e1tica, \u00c1ngel V\u00edctor Torres, en la rueda de prensa tras el Consejo\" title=\"El ministro de Pol\u00edtica Territorial y Memoria Democr\u00e1tica, \u00c1ngel V\u00edctor Torres, en la rueda de prensa tras el Consejo\"\/>El ministro de Pol\u00edtica Territorial y Memoria Democr\u00e1tica, \u00c1ngel V\u00edctor Torres, en la rueda de prensa tras el Consejo de Ministros. | Pool Moncloa\/ Cesar Porras<\/p>\n<p>\u00c1ngel V\u00edctor Torres tambi\u00e9n ha recordado que la Ley de Memoria Democr\u00e1tica de 2022 establece un plazo para que los hijos y los nietos de los exiliados espa\u00f1oles en Am\u00e9rica puedan obtener la nacionalidad espa\u00f1ola. A este respecto, ha avanzado que a finales de julio se hab\u00edan recibido 876.321 solicitudes, de las que ya se han concedido 24.000. El 40% de las peticiones vienen de Argentina.<\/p>\n<p>El titular de Memoria Democr\u00e1tica ha asegurado que el Gobierno seguir\u00e1 con las exhumaciones mientras haya \u00abuna sola fosa donde haya una v\u00edctima de la represi\u00f3n de la dictadura y el totalitarismo en nuestra Espa\u00f1a\u00bb.<\/p>\n<p>Recurso de inconstitucionalidad contra la Ley de Presupuestos de Canarias<\/p>\n<p>El Consejo de Ministros ha autorizado al presidente del Gobierno, Pedro S\u00e1nchez, para que recurra ante el Tribunal Constitucional determinados preceptos de la Ley de Presupuestos Generales de Canarias para 2025.<\/p>\n<p>\u00c1ngel V\u00edctor Torres ha explicado que exist\u00edan discrepancias entre los Ejecutivos de Espa\u00f1a y Canarias sobre algunos aspectos de los presupuestos canarios, pero se alcanz\u00f3 un acuerdo al respecto. Sin embargo, no hubo consenso sobre dos asuntos: las retribuciones del gerente del Servicio Canario de Salud y los puertos deportivos, por lo que se pidi\u00f3 el dictamen del Consejo de Estado.<\/p>\n<p><img decoding=\"async\" src=\"https:\/\/www.europesays.com\/es\/wp-content\/uploads\/2025\/09\/300925-rueda-de-prensa-ministros4.JPG\" alt=\"El ministro de Pol\u00edtica Territorial y Memoria Democr\u00e1tica, \u00c1ngel V\u00edctor Torres, en la rueda de prensa tras el Consejo\" title=\"El ministro de Pol\u00edtica Territorial y Memoria Democr\u00e1tica, \u00c1ngel V\u00edctor Torres, en la rueda de prensa tras el Consejo\"\/>El ministro de Pol\u00edtica Territorial y Memoria Democr\u00e1tica, \u00c1ngel V\u00edctor Torres, durante la rueda de prensa tras el Consejo de Ministros. | Pool Moncloa\/ Cesar Porras<\/p>\n<p>En cuanto al Servicio Canario de Salud, Torres ha informado de que la ley canaria establece que quienes sean nombrados gerentes o directores gerentes no percibir\u00e1n retribuciones inferiores a las del puesto que desempe\u00f1aran con anterioridad, tanto en el sector p\u00fablico como en el privado, lo que vulnera la competencia estatal.<\/p>\n<p>Respecto a las concesiones para los puertos deportivos, el ministro ha se\u00f1alado que la ley canaria establece que la inversi\u00f3n ser\u00e1 de \u00abno menos del 20%\u00bb, mientras la normativa estatal fija que tiene que ser por encima del 50%. De igual modo, la norma estatal exige que las inversiones se hagan en seis meses y la ley de presupuestos canaria marca un periodo de 4 a 6 a\u00f1os.<\/p>\n<p>El ministro ha reiterado que, no habiendo acuerdo en estos puntos, ser\u00e1 el Tribunal Constitucional quien terminar\u00e1 dilucidando.<\/p>\n<p>Oficina Espa\u00f1ola para la Reconstrucci\u00f3n de Ucrania<\/p>\n<p>La ministra de Educaci\u00f3n, Formaci\u00f3n Profesional y Deportes y portavoz del Gobierno, Pilar Alegr\u00eda, ha informado de la creaci\u00f3n por parte del Consejo de Ministros de la Oficina para la Reconstrucci\u00f3n de Ucrania, un organismo que depender\u00e1 del Ministerio de Econom\u00eda.<\/p>\n<p><img decoding=\"async\" src=\"https:\/\/www.europesays.com\/es\/wp-content\/uploads\/2025\/09\/300925-rueda-de-prensa-ministros6.JPG\" alt=\"La ministra de Educaci\u00f3n, Formaci\u00f3n Profesional y Deportes y portavoz del Gobierno, Pilar Alegr\u00eda, en la rueda de prensa\" title=\"La ministra de Educaci\u00f3n, Formaci\u00f3n Profesional y Deportes y portavoz del Gobierno, Pilar Alegr\u00eda, en la rueda de prensa\"\/>La ministra de Educaci\u00f3n, Formaci\u00f3n Profesional y Deportes, Pilar Alegr\u00eda, en la rueda de prensa tras el Consejo de Ministros. | Pool Moncloa\/Jos\u00e9 Manuel \u00c1lvarez<\/p>\n<p>La portavoz del Ejecutivo ha explicado que la nueva oficina actuar\u00e1 como ventanilla \u00fanica para las empresas espa\u00f1olas interesadas en desarrollar proyectos en Ucrania, a las que facilitar\u00e1 el acceso a los tr\u00e1mites e instrumentos disponibles para la reconstrucci\u00f3n y brindar\u00e1 asesoramiento y apoyo.<\/p>\n<p>Con la creaci\u00f3n de esta entidad, que contar\u00e1 con una dotaci\u00f3n presupuestaria de 1,3 millones de euros, se cumple uno de los <a href=\"https:\/\/www.lamoncloa.gob.es\/presidente\/actividades\/Paginas\/2025\/100725-sanchez-conferencia-ucrania.aspx\" onclick=\"javascript:GoogleTrackEvent(&#039;True&#039;,&#039;Contenido&#039;,&#039;Click&#039;,&#039;[https:\/\/www.lamoncloa.gob.es\/consejodeministros\/resumenes\/Paginas\/2025\/300925-rueda-de-prensa-ministros.aspx] compromisos anunciados por el presidente del Gobierno, Pedro S\u00e1nchez, ante el presidente de Ucrania,. [\/presidente\/actividades\/Paginas\/2025\/100725-sanchez-conferencia-ucrania.aspx]&#039;);\" rel=\"nofollow noopener\" target=\"_blank\">compromisos anunciados por el presidente del Gobierno, Pedro S\u00e1nchez, ante el presidente de Ucrania,<\/a> Volod\u00edmir Zelenski, el pasado mes de julio, en el marco de las actuaciones anunciadas por Espa\u00f1a para apoyar a los ucranianos.<\/p>\n","protected":false},"excerpt":{"rendered":"La Moncloa, Madrid El Consejo de Ministros ha abordado el anteproyecto de ley org\u00e1nica de medidas en materia&hellip;\n","protected":false},"author":2,"featured_media":148829,"comment_status":"","ping_status":"","sticky":false,"template":"","format":"standard","meta":{"footnotes":""},"categories":[5],"tags":[17,18,25,24,13,14,11,19,20,9,10,15,16,23,12,21,22],"class_list":{"0":"post-148828","1":"post","2":"type-post","3":"status-publish","4":"format-standard","5":"has-post-thumbnail","7":"category-titulares","8":"tag-breaking-news","9":"tag-breakingnews","10":"tag-es","11":"tag-espana","12":"tag-featured-news","13":"tag-featurednews","14":"tag-headlines","15":"tag-latest-news","16":"tag-latestnews","17":"tag-news","18":"tag-noticias","19":"tag-noticias-destacadas","20":"tag-noticiasdestacadas","21":"tag-spain","22":"tag-titulares","23":"tag-ultimas-noticias","24":"tag-ultimasnoticias"},"share_on_mastodon":{"url":"","error":""},"_links":{"self":[{"href":"https:\/\/www.europesays.com\/es\/wp-json\/wp\/v2\/posts\/148828","targetHints":{"allow":["GET"]}}],"collection":[{"href":"https:\/\/www.europesays.com\/es\/wp-json\/wp\/v2\/posts"}],"about":[{"href":"https:\/\/www.europesays.com\/es\/wp-json\/wp\/v2\/types\/post"}],"author":[{"embeddable":true,"href":"https:\/\/www.europesays.com\/es\/wp-json\/wp\/v2\/users\/2"}],"replies":[{"embeddable":true,"href":"https:\/\/www.europesays.com\/es\/wp-json\/wp\/v2\/comments?post=148828"}],"version-history":[{"count":0,"href":"https:\/\/www.europesays.com\/es\/wp-json\/wp\/v2\/posts\/148828\/revisions"}],"wp:featuredmedia":[{"embeddable":true,"href":"https:\/\/www.europesays.com\/es\/wp-json\/wp\/v2\/media\/148829"}],"wp:attachment":[{"href":"https:\/\/www.europesays.com\/es\/wp-json\/wp\/v2\/media?parent=148828"}],"wp:term":[{"taxonomy":"category","embeddable":true,"href":"https:\/\/www.europesays.com\/es\/wp-json\/wp\/v2\/categories?post=148828"},{"taxonomy":"post_tag","embeddable":true,"href":"https:\/\/www.europesays.com\/es\/wp-json\/wp\/v2\/tags?post=148828"}],"curies":[{"name":"wp","href":"https:\/\/api.w.org\/{rel}","templated":true}]}}