{"id":148830,"date":"2025-09-30T15:25:10","date_gmt":"2025-09-30T15:25:10","guid":{"rendered":"https:\/\/www.europesays.com\/es\/148830\/"},"modified":"2025-09-30T15:25:10","modified_gmt":"2025-09-30T15:25:10","slug":"cordoba-balonmano-milar-patrocinador-milar-nuevo-patrocinador-principal-del-cordoba-de-balonmano-para-la-25-26","status":"publish","type":"post","link":"https:\/\/www.europesays.com\/es\/148830\/","title":{"rendered":"C\u00d3RDOBA BALONMANO MILAR PATROCINADOR | Milar, nuevo patrocinador principal del C\u00f3rdoba de Balonmano para la 25-26"},"content":{"rendered":"<p class=\"ft-text\">La empresa <strong>Milar <\/strong>ya luce en la camiseta del <strong>C\u00f3rdoba de Balonmano como nuevo patrocinador para la temporada 2025-2026<\/strong>, sum\u00e1ndose as\u00ed a las entidades que apoyan al club desde hace a\u00f1os. Adem\u00e1s del equipo s\u00e9nior, la cadena de electrodom\u00e9sticos estar\u00e1 presente en el resto de categor\u00edas y en el plan de \u00ab<strong>Becas Deportivas Milar<\/strong>\u00bb, destinadas a aquellos jugadores del club con dificultades econ\u00f3micas para el normal desarrollo de su actividad deportiva vinculada al equipo.<\/p>\n<p>Un apoyo de calado<\/p>\n<p class=\"ft-text ft-helper-align-justify\">La cadena Milarest\u00e1 gestionada en <strong>Andaluc\u00eda <\/strong>por <strong>Codeco<\/strong>, empresa cordobesa con m\u00e1s de 60 tiendas en nuestra regi\u00f3n, dos de ellas en la capital: una en la Avenida de Granada y otra en el Pol\u00edgono de Chinales, muy pr\u00f3xima a la IDM F\u00e1tima, sede del club granate.<\/p>\n<p class=\"ft-text ft-helper-align-justify\"><strong>Rosa Navarro<\/strong>, CEO de Milar Codeco, apunt\u00f3 sobre el acuerdo que \u00aben Milar llevamos muchos a\u00f1os apoyando el deporte en distintas disciplinas y, de manera especial, a las categor\u00edas base, porque creemos firmemente en los valores de esfuerzo, superaci\u00f3n y trabajo en equipo que transmiten a la sociedad\u00bb. Por su parte, <strong>Francisco<\/strong> <strong>D\u00edez<\/strong>, presidente de Milar Codeco y CEO de Milar Chinales, destac\u00f3 al respecto que \u00ab<strong>para nosotros es un verdadero honor poder colaborar con este club de C\u00f3rdob<\/strong>a, la ciudad donde se ubica nuestra sede, y contribuir al crecimiento de un referente deportivo que representa los valores de nuestra tierra\u00bb.<\/p>\n<p class=\"ft-text ft-helper-align-justify\">A su vez, <strong>Miguel<\/strong> <strong>Pardo<\/strong>,<strong> presidente del Club C\u00f3rdoba de Balonman<\/strong>o, quiso dar valor al acuerdo de patrocinio se\u00f1alando que \u201cpara nuestro club es un aut\u00e9ntico lujo que una entidad como Milar, cordobesa y con gran calado en el tejido empresarial provincial, auton\u00f3mico y nacional, apueste por nuestro proyecto tanto a nivel deportivo como en el aspecto social\u00bb.<\/p>\n<p class=\"ft-text\">En el acto de presentaci\u00f3n del acuerdo, celebrado en <strong>Milar Chinales<\/strong>, adem\u00e1s de los mencionados Navarro, D\u00edez y Pardo, estuvieron presentes los jugadores del primer equipo masculino granate <strong>Jos\u00e9 Mar\u00eda May\u00e9n, Jes\u00fas Lesmes, Alberto Barbolla y D\u00e1niel Cs\u00e1nyi<\/strong>.<\/p>\n","protected":false},"excerpt":{"rendered":"La empresa Milar ya luce en la camiseta del C\u00f3rdoba de Balonmano como nuevo patrocinador para la temporada&hellip;\n","protected":false},"author":2,"featured_media":148831,"comment_status":"","ping_status":"","sticky":false,"template":"","format":"standard","meta":{"footnotes":""},"categories":[278],"tags":[376,2760,168,25,24,375,45344,524,9696,15068,23,167],"class_list":{"0":"post-148830","1":"post","2":"type-post","3":"status-publish","4":"format-standard","5":"has-post-thumbnail","7":"category-balonmano","8":"tag-balonmano","9":"tag-cordoba","10":"tag-deportes","11":"tag-es","12":"tag-espana","13":"tag-handball","14":"tag-milar","15":"tag-nuevo","16":"tag-patrocinador","17":"tag-principal","18":"tag-spain","19":"tag-sports"},"share_on_mastodon":{"url":"","error":""},"_links":{"self":[{"href":"https:\/\/www.europesays.com\/es\/wp-json\/wp\/v2\/posts\/148830","targetHints":{"allow":["GET"]}}],"collection":[{"href":"https:\/\/www.europesays.com\/es\/wp-json\/wp\/v2\/posts"}],"about":[{"href":"https:\/\/www.europesays.com\/es\/wp-json\/wp\/v2\/types\/post"}],"author":[{"embeddable":true,"href":"https:\/\/www.europesays.com\/es\/wp-json\/wp\/v2\/users\/2"}],"replies":[{"embeddable":true,"href":"https:\/\/www.europesays.com\/es\/wp-json\/wp\/v2\/comments?post=148830"}],"version-history":[{"count":0,"href":"https:\/\/www.europesays.com\/es\/wp-json\/wp\/v2\/posts\/148830\/revisions"}],"wp:featuredmedia":[{"embeddable":true,"href":"https:\/\/www.europesays.com\/es\/wp-json\/wp\/v2\/media\/148831"}],"wp:attachment":[{"href":"https:\/\/www.europesays.com\/es\/wp-json\/wp\/v2\/media?parent=148830"}],"wp:term":[{"taxonomy":"category","embeddable":true,"href":"https:\/\/www.europesays.com\/es\/wp-json\/wp\/v2\/categories?post=148830"},{"taxonomy":"post_tag","embeddable":true,"href":"https:\/\/www.europesays.com\/es\/wp-json\/wp\/v2\/tags?post=148830"}],"curies":[{"name":"wp","href":"https:\/\/api.w.org\/{rel}","templated":true}]}}