{"id":148834,"date":"2025-09-30T15:28:07","date_gmt":"2025-09-30T15:28:07","guid":{"rendered":"https:\/\/www.europesays.com\/es\/148834\/"},"modified":"2025-09-30T15:28:07","modified_gmt":"2025-09-30T15:28:07","slug":"equipo-internacional-se-impone-en-intercambio-golf-entre-naciones","status":"publish","type":"post","link":"https:\/\/www.europesays.com\/es\/148834\/","title":{"rendered":"Equipo Internacional se impone en Intercambio Golf entre Naciones"},"content":{"rendered":"<p>El Campo Guavaberry Golf &amp; Country Club fue escenario este domingo 28 de septiembre del 2025 del <strong>Intercambio de Golf entre Naciones 2025<\/strong>, evento organizado por la <strong style=\"background-color: #ffffff;\">Liga de Golf Quisqueya,<\/strong> donde el <strong style=\"background-color: #ffffff;\">Equipo Internacional<\/strong> super\u00f3 al <strong>Eq<\/strong><strong style=\"background-color: #ffffff;\">uipo Dominicano<\/strong> por 187 puntos, consolidando su liderazgo en esta jornada deportiva.<\/p>\n<p>El evento cont\u00f3 con la participaci\u00f3n de golfistas de <strong>10 pa\u00edses<\/strong>: <strong>Estados Unidos<\/strong>, Alemania, <strong>China<\/strong>, Jap\u00f3n, Espa\u00f1a, Argentina, Venezuela, Colombia, El Salvador y Rep\u00fablica Dominicana.<\/p>\n<p>En la modalidad <strong>StrokePlay individual<\/strong>, los <strong>resultados<\/strong> fueron los siguientes:<\/p>\n<ul class=\"list-text\">\n<li><strong>Primer lugar gross<\/strong>: <strong>Maiker Ram\u00edrez<\/strong> (Rep\u00fablica Dominicana), con un score de 79 golpes brutos.<\/li>\n<\/ul>\n<ul class=\"list-text\">\n<li><strong>Primer lugar neto<\/strong>: Jean Carlos Bardot (Venezuela), con 68 golpes netos.<\/li>\n<\/ul>\n<ul class=\"list-text\">\n<li><strong>Segundo lugar neto<\/strong>: Francisco Pichardo (<strong>Estados Unidos<\/strong>), con 68 golpes netos.<\/li>\n<\/ul>\n<ul class=\"list-text\">\n<li><strong>Tercer lugar neto<\/strong>: Vilma M\u00e1rquez (El Salvador), con 68 golpes netos.<\/li>\n<\/ul>\n<p>El torneo reuni\u00f3 a destacados golfistas de distintas naciones, promoviendo la <strong>hermandad deportiva<\/strong> y el <strong>intercambio cultural<\/strong> a trav\u00e9s del golf, en un ambiente de <strong>sana competencia<\/strong> y compa\u00f1erismo; conforme a los jugadores este fue un evento in\u00e9dito en la Rep\u00fablica Dominicana y que esperan la <strong>Segunda Copa<\/strong> para el 2026.<\/p>\n<p>La Liga de Golf Quisqueya agradeci\u00f3 el respaldo de GP Abogados de Litigios, patrocinador oficial del evento, cuyo apoyo hizo posible la realizaci\u00f3n exitosa de esta edici\u00f3n.\u00a0 La directiva de la <strong>Liga de Golf Quisqueya <\/strong>esta compuesta por:\u00a0 Andres Terrero A., presidente, Wladislao Guzm\u00e1n, vicepresidente, Lenin Herrera, Tesorero y Rafael Fr\u00edas, secretario.<\/p>\n<p>En el 2026 se ver\u00e1n la cara nueva vez en este intercambio, ya con la <strong>Segunda Copa<\/strong>.\u00a0 El <strong>equipo ganador<\/strong> estuvo capitaneado por el estadounidense\u00a0<strong>Ralph Canale<\/strong>.<\/p>\n<p class=\"w-auto\" style=\"font-size: 21px;\">Peri\u00f3dico l\u00edder de Rep\u00fablica Dominicana centrado en las noticias generales y el periodismo innovador.<\/p>\n","protected":false},"excerpt":{"rendered":"El Campo Guavaberry Golf &amp; Country Club fue escenario este domingo 28 de septiembre del 2025 del Intercambio&hellip;\n","protected":false},"author":2,"featured_media":148835,"comment_status":"","ping_status":"","sticky":false,"template":"","format":"standard","meta":{"footnotes":""},"categories":[275],"tags":[168,25,24,329,23,167],"class_list":{"0":"post-148834","1":"post","2":"type-post","3":"status-publish","4":"format-standard","5":"has-post-thumbnail","7":"category-golf","8":"tag-deportes","9":"tag-es","10":"tag-espana","11":"tag-golf","12":"tag-spain","13":"tag-sports"},"share_on_mastodon":{"url":"","error":""},"_links":{"self":[{"href":"https:\/\/www.europesays.com\/es\/wp-json\/wp\/v2\/posts\/148834","targetHints":{"allow":["GET"]}}],"collection":[{"href":"https:\/\/www.europesays.com\/es\/wp-json\/wp\/v2\/posts"}],"about":[{"href":"https:\/\/www.europesays.com\/es\/wp-json\/wp\/v2\/types\/post"}],"author":[{"embeddable":true,"href":"https:\/\/www.europesays.com\/es\/wp-json\/wp\/v2\/users\/2"}],"replies":[{"embeddable":true,"href":"https:\/\/www.europesays.com\/es\/wp-json\/wp\/v2\/comments?post=148834"}],"version-history":[{"count":0,"href":"https:\/\/www.europesays.com\/es\/wp-json\/wp\/v2\/posts\/148834\/revisions"}],"wp:featuredmedia":[{"embeddable":true,"href":"https:\/\/www.europesays.com\/es\/wp-json\/wp\/v2\/media\/148835"}],"wp:attachment":[{"href":"https:\/\/www.europesays.com\/es\/wp-json\/wp\/v2\/media?parent=148834"}],"wp:term":[{"taxonomy":"category","embeddable":true,"href":"https:\/\/www.europesays.com\/es\/wp-json\/wp\/v2\/categories?post=148834"},{"taxonomy":"post_tag","embeddable":true,"href":"https:\/\/www.europesays.com\/es\/wp-json\/wp\/v2\/tags?post=148834"}],"curies":[{"name":"wp","href":"https:\/\/api.w.org\/{rel}","templated":true}]}}