{"id":148836,"date":"2025-09-30T15:29:12","date_gmt":"2025-09-30T15:29:12","guid":{"rendered":"https:\/\/www.europesays.com\/es\/148836\/"},"modified":"2025-09-30T15:29:12","modified_gmt":"2025-09-30T15:29:12","slug":"badosa-anuncia-su-adios-al-tenis-hasta-2026-2","status":"publish","type":"post","link":"https:\/\/www.europesays.com\/es\/148836\/","title":{"rendered":"Badosa anuncia su adi\u00f3s al tenis hasta 2026"},"content":{"rendered":"<p class=\"ft-text\"><a class=\"ft-link ft-link--decoration\" href=\"https:\/\/www.superdeporte.es\/tags\/paula-badosa\/\" rel=\"nofollow noopener\" target=\"_blank\">Paula Badosa<\/a>\u00a0ha dicho basta. Y lo ha hecho para poder volver m\u00e1s fuerte. Despu\u00e9s de que una lesi\u00f3n en la ingle apartase a la espa\u00f1ola del\u00a0<strong>WTA 1000 en Pek\u00edn<\/strong>, Paula ha comunicado que\u00a0<strong>no volver\u00e1 a disputar ning\u00fan torneo hasta 2026<\/strong>, fecha que se marca para regresar completamente en forma al circuito.<\/p>\n<p class=\"ft-text\"><strong>No est\u00e1n siendo tiempos f\u00e1ciles para Badosa<\/strong>. <a class=\"ft-link ft-link--decoration\" href=\"https:\/\/www.superdeporte.es\/tenis\/2025\/09\/28\/paula-badosa-vez-lesionada-retira-abierto-de-china-122057662.html\" rel=\"nofollow noopener\" target=\"_blank\">Su calvario con las lesiones<\/a> volvi\u00f3 a apuntarse un nuevo tanto tras tres meses de ausencia de la competici\u00f3n,\u00a0<strong>aunque su vuelta a las pistas se sald\u00f3 con un nuevo percance f\u00edsico<\/strong>. Y con su \u00faltimo varapalo, Paula ha dicho basta. Lo hace porque la espa\u00f1ola es consciente de que no puede competir as\u00ed.\u00a0<strong>Y quiere que cuando vuelva, hacerlo con garant\u00edas<\/strong>.<\/p>\n<p>\u00abNos vemos en 2026\u00bb<\/p>\n<p class=\"ft-text\">En un sentido mensaje en redes sociales, la tenista se ha abierto a sus seguidores para actualizar su estado de forma: \u00ab<strong>Hay momentos en los que me pregunto c\u00f3mo logro seguir adelante en los instantes m\u00e1s duros y dolorosos.<\/strong>\u00a0Y la verdad es que es precisamente en esos momentos cuando descubro la fuerza m\u00e1s profunda dentro de m\u00ed\u00bb, empieza Paula. \u00ab<strong>Cada tropiezo duele, pero tambi\u00e9n me recuerdo cu\u00e1nto deseo luchar, cu\u00e1nto quiero volver m\u00e1s fuerte<\/strong>\u201d.<\/p>\n<p><img decoding=\"async\" src=\"https:\/\/www.europesays.com\/es\/wp-content\/uploads\/2025\/09\/2031dcb2-c053-4fe7-a561-ed535929b5e3_alta-libre-aspect-ratio_default_0.jpg\" width=\"1200\" height=\"2048\" alt=\"Badosa anuncia su adi\u00f3s en redes sociales\" class=\"ft-helper-img-rd\" loading=\"lazy\" hasdataaida=\"true\"\/><\/p>\n<p class=\"ft-helper-fontColor-quaternary ft-helper-fontSize-body-S ft-helper-spacer-t-xxs\">Badosa anuncia su adi\u00f3s en redes sociales  \/ SD<\/p>\n<p class=\"ft-text\"><strong>\u00abNo podr\u00eda hacer esto sin las personas que siguen creyendo en m\u00ed. Su apoyo me sostiene cuando todo se vuelve pesado<\/strong>, y su fe me da valor cuando la duda aparece. No hay un sentimiento m\u00e1s grande que entrar a una cancha de tenis y verlos all\u00ed, respald\u00e1ndome. Esa energ\u00eda, ese amor. Es algo por lo que nunca podr\u00e9 agradecer lo suficiente\u201d, asegura la tenista, que pone en valor el apoyo constante que recibe a pesar de los momentos tan complicados que atraviesa.<\/p>\n<p class=\"ft-text\">Pero nada podr\u00e1 parar a\u00a0<strong>Badosa<\/strong>. Porque si algo lleva en el ADN la tenista es luchar. Y lo har\u00e1 para volver a lo grande: \u00ab<strong>No importa cu\u00e1ntos obst\u00e1culos se crucen en mi camino, les prometo esto: seguir\u00e9 luchando, seguir\u00e9 empujando,<\/strong>\u00a0y seguir\u00e9 encontrando la manera de volver.\u00a0<strong>Nos vemos en 2026\u201d.\u00a0<\/strong>Unas palabras que confirman el par\u00f3n de competici\u00f3n de Paula hasta la temporada que viene, momento que se marca poder regresar en garant\u00edas a las pistas.<\/p>\n","protected":false},"excerpt":{"rendered":"Paula Badosa\u00a0ha dicho basta. Y lo ha hecho para poder volver m\u00e1s fuerte. Despu\u00e9s de que una lesi\u00f3n&hellip;\n","protected":false},"author":2,"featured_media":148837,"comment_status":"","ping_status":"","sticky":false,"template":"","format":"standard","meta":{"footnotes":""},"categories":[274],"tags":[3076,6831,4187,11838,168,25,24,10480,9408,1922,23,167,327,326,3123],"class_list":{"0":"post-148836","1":"post","2":"type-post","3":"status-publish","4":"format-standard","5":"has-post-thumbnail","7":"category-tenis","8":"tag-3076","9":"tag-adios","10":"tag-anuncia","11":"tag-badosa","12":"tag-deportes","13":"tag-es","14":"tag-espana","15":"tag-lesiones","16":"tag-paula-badosa","17":"tag-redes-sociales","18":"tag-spain","19":"tag-sports","20":"tag-tenis","21":"tag-tennis","22":"tag-wta"},"share_on_mastodon":{"url":"","error":""},"_links":{"self":[{"href":"https:\/\/www.europesays.com\/es\/wp-json\/wp\/v2\/posts\/148836","targetHints":{"allow":["GET"]}}],"collection":[{"href":"https:\/\/www.europesays.com\/es\/wp-json\/wp\/v2\/posts"}],"about":[{"href":"https:\/\/www.europesays.com\/es\/wp-json\/wp\/v2\/types\/post"}],"author":[{"embeddable":true,"href":"https:\/\/www.europesays.com\/es\/wp-json\/wp\/v2\/users\/2"}],"replies":[{"embeddable":true,"href":"https:\/\/www.europesays.com\/es\/wp-json\/wp\/v2\/comments?post=148836"}],"version-history":[{"count":0,"href":"https:\/\/www.europesays.com\/es\/wp-json\/wp\/v2\/posts\/148836\/revisions"}],"wp:featuredmedia":[{"embeddable":true,"href":"https:\/\/www.europesays.com\/es\/wp-json\/wp\/v2\/media\/148837"}],"wp:attachment":[{"href":"https:\/\/www.europesays.com\/es\/wp-json\/wp\/v2\/media?parent=148836"}],"wp:term":[{"taxonomy":"category","embeddable":true,"href":"https:\/\/www.europesays.com\/es\/wp-json\/wp\/v2\/categories?post=148836"},{"taxonomy":"post_tag","embeddable":true,"href":"https:\/\/www.europesays.com\/es\/wp-json\/wp\/v2\/tags?post=148836"}],"curies":[{"name":"wp","href":"https:\/\/api.w.org\/{rel}","templated":true}]}}