{"id":148844,"date":"2025-09-30T15:33:07","date_gmt":"2025-09-30T15:33:07","guid":{"rendered":"https:\/\/www.europesays.com\/es\/148844\/"},"modified":"2025-09-30T15:33:07","modified_gmt":"2025-09-30T15:33:07","slug":"ibon-sanchez-y-adrian-perez-los-dos-jovenes-talentos-en-la-convocatoria-del-athletic-para-dortmund","status":"publish","type":"post","link":"https:\/\/www.europesays.com\/es\/148844\/","title":{"rendered":"Ibon S\u00e1nchez y Adri\u00e1n P\u00e9rez, los dos j\u00f3venes talentos en la convocatoria del Athletic para Dortmund"},"content":{"rendered":"<p>El Athletic afronta su segundo partido de Champions League ante todo un Borussia Dortmund mermado por su fat\u00eddico momento -un empate y cuatro derrotas en  &#8230; sus \u00faltimos cinco partidos- y tambi\u00e9n por las lesiones. A las largas bajas ya conocidas de Yeray, Egiluz y Prados, hay que a\u00f1adir las de Mikel Vesga, \u00c1lex Berenguer y Nico Williams, que <a href=\"https:\/\/www.elcorreo.com\/athletic\/nico-williams-entra-convocatoria-dortmund-20250930131253-nt.html\" data-voc-vtm-id=\"in-text-traffic\" title=\"tampoco viajar\u00e1n a Alemania\" data-mrf-link=\"www.elcorreo.com\" rel=\"nofollow noopener\" target=\"_blank\">tampoco viajar\u00e1n a Alemania<\/a>. Esta situaci\u00f3n cr\u00edtica ha abierto la puerta a dos cachorros muy talentosos como Ibon S\u00e1nchez y Adri\u00e1n P\u00e9rez, las dos grandes novedades en la lista que presenta el conjunto de Ernesto Valverde.<\/p>\n<p class=\"v-p\">Ambos jugadores, de ataque, menudos y vizca\u00ednos, tienen un largo recorrido en Lezama. Ibon S\u00e1nchez (08\/03\/2004) ingres\u00f3 en la cantera rojiblanca con catorce a\u00f1os, debutando a los 18 en el f\u00fatbol senior de la mano del Basconia. Pronto su capacidad de mando, sacrificio y entrega desde la mediapunta y, sobre todo, su calidad para sortear l\u00edneas en conducci\u00f3n y con pases filtrados se hicieron notar en Tercera Federaci\u00f3n. De hecho, termina su misma temporada del debut jugando las \u00faltimas ocho jornadas ligueras con el Bilbao Athletic, dos escalones por encima, firmando su primera diana en el filial. <\/p>\n<p class=\"v-p\">Al siguiente a\u00f1o, lo \u00fanico que le tap\u00f3 de estar en el foco de todas las miradas fue la competencia con Peio Canales en el mismo puesto. No obstante, el getxotarra fue el tercer jugador con m\u00e1s minutos de la plantilla en la temporada del ascenso a Primera Federaci\u00f3n, categor\u00eda que hab\u00edan perdido el curso anterior. Disput\u00f3 33 encuentros -26 de titular y 7 desde el banquillo-, marcando dos goles y repartiendo cinco asistencias. La campa\u00f1a pasada fue la de su confirmaci\u00f3n, pese a que en la primera vuelta volvi\u00f3 a estar ciertamente eclipsado por el futbolista de Barrika. <\/p>\n<p class=\"v-p\">En la segunda vuelta explot\u00f3 todo su potencial, demostrando estar preparado para grandes retos. Hizo tres goles y otras tres asistencias en Primera Federaci\u00f3n. Adem\u00e1s, se pod\u00eda ver que era uno de los l\u00edderes del vestuario, ya que llevaba la voz cantante en la mayor\u00eda de las arengas que hac\u00edan los jugadores del filial antes de comenzar los partidos. Ese liderazgo le ha hecho portar el brazalete del segundo equipo en el presente curso, tras la marcha como cedido de Be\u00f1at Gerenabarrena. Su versi\u00f3n sigue mejorando y se puede decir que est\u00e1 ofreciendo su mejor nivel en las primeras cinco jornadas ligueras, que ha jugado de manera \u00edntegra, a excepci\u00f3n de once minutos en el \u00faltimo choque ante el Real Avil\u00e9s. <\/p>\n<p>Un estilo Muniain<\/p>\n<p class=\"v-p\">Por otro lado, Adri\u00e1n P\u00e9rez es uno de esos futbolistas que entran por el ojo nada m\u00e1s verlo. El extremo bilba\u00edno de 18 a\u00f1os (25\/10\/2006) llama la atenci\u00f3n de propios y extra\u00f1os pr\u00e1cticamente desde el primer momento que pis\u00f3 Lezama, sin haber cumplido a\u00fan los diez a\u00f1os de edad. Peque\u00f1o de estatura, es todo talento y desparpajo que desarrolla desde el costado izquierdo del ataque o desde la mediapunta. Muchos le asemejan a Iker Muniain por sus atributos f\u00edsicos y futbol\u00edsticos. Desde luego, tambi\u00e9n avanza pasos con precocidad. <\/p>\n<p class=\"v-p\">Pese a que, sorprendentemente, nunca ha militado en categor\u00edas inferiores de la selecci\u00f3n espa\u00f1ola, es uno de los grandes diamantes en brutos de la factor\u00eda rojiblanca. Adri\u00e1n P\u00e9rez era uno de los grandes nombres del Juvenil Divisi\u00f3n de Honor hace dos temporadas, donde tambi\u00e9n destacaban Be\u00f1at Larrea, Be\u00f1at Garc\u00eda o Elijah Gift, entre otros. Nadie pod\u00eda quedar indiferente al ver el f\u00fatbol que atesoraba ese peque\u00f1o atacante rubio. Apenas tomaba malas decisiones, habilitaba a sus compa\u00f1eros con buenos pases y centros, desbordaba a los rivales con grandes regates y tambi\u00e9n ten\u00eda gol. Marc\u00f3 diez ese curso. <\/p>\n<p class=\"v-p\">No fue de extra\u00f1ar que promocionase al Basconia siendo juvenil de tercer a\u00f1o. All\u00ed dio sus primeros pasos en el f\u00fatbol senior la temporada pasada. No acus\u00f3 el salto. Todo lo contrario. Anot\u00f3 cuatro goles en diez partidos con los el cuadro basauritarra. En noviembre, ya estaba de lleno en din\u00e1mica del Bilbao Athletic. En el segundo equipo jug\u00f3 catorce envites, siete de titular y siete de suplente, mermado por una lesi\u00f3n que le tuvo alejado de los terrenos de juego durante mes y medio. Sin embargo, en ese poco tiempo, anot\u00f3 tres dianas y otorg\u00f3 dos pases de gol. Ahora es una de las grandes figuras del filial. <\/p>\n","protected":false},"excerpt":{"rendered":"El Athletic afronta su segundo partido de Champions League ante todo un Borussia Dortmund mermado por su fat\u00eddico&hellip;\n","protected":false},"author":2,"featured_media":148845,"comment_status":"","ping_status":"","sticky":false,"template":"","format":"standard","meta":{"footnotes":""},"categories":[268],"tags":[2722,8461,168,45434,1563,25,24,280,282,27856,433,738,199,281,23,167,5938],"class_list":{"0":"post-148844","1":"post","2":"type-post","3":"status-publish","4":"format-standard","5":"has-post-thumbnail","7":"category-futbol","8":"tag-adrian","9":"tag-convocatoria","10":"tag-deportes","11":"tag-dortmund","12":"tag-dos","13":"tag-es","14":"tag-espana","15":"tag-football","16":"tag-futbol","17":"tag-ibon","18":"tag-jovenes","19":"tag-perez","20":"tag-sanchez","21":"tag-soccer","22":"tag-spain","23":"tag-sports","24":"tag-talentos"},"share_on_mastodon":{"url":"","error":""},"_links":{"self":[{"href":"https:\/\/www.europesays.com\/es\/wp-json\/wp\/v2\/posts\/148844","targetHints":{"allow":["GET"]}}],"collection":[{"href":"https:\/\/www.europesays.com\/es\/wp-json\/wp\/v2\/posts"}],"about":[{"href":"https:\/\/www.europesays.com\/es\/wp-json\/wp\/v2\/types\/post"}],"author":[{"embeddable":true,"href":"https:\/\/www.europesays.com\/es\/wp-json\/wp\/v2\/users\/2"}],"replies":[{"embeddable":true,"href":"https:\/\/www.europesays.com\/es\/wp-json\/wp\/v2\/comments?post=148844"}],"version-history":[{"count":0,"href":"https:\/\/www.europesays.com\/es\/wp-json\/wp\/v2\/posts\/148844\/revisions"}],"wp:featuredmedia":[{"embeddable":true,"href":"https:\/\/www.europesays.com\/es\/wp-json\/wp\/v2\/media\/148845"}],"wp:attachment":[{"href":"https:\/\/www.europesays.com\/es\/wp-json\/wp\/v2\/media?parent=148844"}],"wp:term":[{"taxonomy":"category","embeddable":true,"href":"https:\/\/www.europesays.com\/es\/wp-json\/wp\/v2\/categories?post=148844"},{"taxonomy":"post_tag","embeddable":true,"href":"https:\/\/www.europesays.com\/es\/wp-json\/wp\/v2\/tags?post=148844"}],"curies":[{"name":"wp","href":"https:\/\/api.w.org\/{rel}","templated":true}]}}