{"id":148846,"date":"2025-09-30T15:34:08","date_gmt":"2025-09-30T15:34:08","guid":{"rendered":"https:\/\/www.europesays.com\/es\/148846\/"},"modified":"2025-09-30T15:34:08","modified_gmt":"2025-09-30T15:34:08","slug":"silvia-jato-la-miss-que-se-convirtio-en-la-primera-presentadora-de-pasapalabra-esta-tarde-en-y-ahora-sonsoles","status":"publish","type":"post","link":"https:\/\/www.europesays.com\/es\/148846\/","title":{"rendered":"Silvia Jato, la Miss que se convirti\u00f3 en la primera presentadora de Pasapalabra , esta tarde en Y ahora Sonsoles"},"content":{"rendered":"<p><b>Silvia Jato<\/b> es una de las presentadoras que hizo historia en<b> Antena 3<\/b>. Tras comenzar su carrera como modelo y coronarse como<b> Miss Nacional y Miss Fotogenia<\/b> con tan solo 17 a\u00f1os, termin\u00f3 convertida en la <b>primera presentadora de Pasapalabra. <\/b><\/p>\n<p>Pese a que opt\u00f3 por <b>estudiar Ciencias Econ\u00f3micas y Empresariales<\/b> con el objetivo de convertirse en Inspectora de Hacienda, su carisma le llev\u00f3 a triunfar en la televisi\u00f3n. Junto a periodistas como <b>Jes\u00fas Hermida<\/b>, Silvia comienza a ganar popularidad hasta que salta a la fama definitiva poni\u00e9ndose a la cabeza del formato que triunfa cada tarde en Antena 3.<\/p>\n<p>Hoy, recibimos a Silvia Jato para repasar toda una vida de \u00e9xitos frente a la c\u00e1mara. \u00a1No te pierdas su entrevista, esta tarde a partir de las 17:00h en Y ahora Sonsoles!<\/p>\n","protected":false},"excerpt":{"rendered":"Silvia Jato es una de las presentadoras que hizo historia en Antena 3. Tras comenzar su carrera como&hellip;\n","protected":false},"author":2,"featured_media":148847,"comment_status":"","ping_status":"","sticky":false,"template":"","format":"standard","meta":{"footnotes":""},"categories":[174],"tags":[255,146,147,25,24,256,23],"class_list":{"0":"post-148846","1":"post","2":"type-post","3":"status-publish","4":"format-standard","5":"has-post-thumbnail","7":"category-famosos","8":"tag-celebrities","9":"tag-entertainment","10":"tag-entretenimiento","11":"tag-es","12":"tag-espana","13":"tag-famosos","14":"tag-spain"},"share_on_mastodon":{"url":"","error":""},"_links":{"self":[{"href":"https:\/\/www.europesays.com\/es\/wp-json\/wp\/v2\/posts\/148846","targetHints":{"allow":["GET"]}}],"collection":[{"href":"https:\/\/www.europesays.com\/es\/wp-json\/wp\/v2\/posts"}],"about":[{"href":"https:\/\/www.europesays.com\/es\/wp-json\/wp\/v2\/types\/post"}],"author":[{"embeddable":true,"href":"https:\/\/www.europesays.com\/es\/wp-json\/wp\/v2\/users\/2"}],"replies":[{"embeddable":true,"href":"https:\/\/www.europesays.com\/es\/wp-json\/wp\/v2\/comments?post=148846"}],"version-history":[{"count":0,"href":"https:\/\/www.europesays.com\/es\/wp-json\/wp\/v2\/posts\/148846\/revisions"}],"wp:featuredmedia":[{"embeddable":true,"href":"https:\/\/www.europesays.com\/es\/wp-json\/wp\/v2\/media\/148847"}],"wp:attachment":[{"href":"https:\/\/www.europesays.com\/es\/wp-json\/wp\/v2\/media?parent=148846"}],"wp:term":[{"taxonomy":"category","embeddable":true,"href":"https:\/\/www.europesays.com\/es\/wp-json\/wp\/v2\/categories?post=148846"},{"taxonomy":"post_tag","embeddable":true,"href":"https:\/\/www.europesays.com\/es\/wp-json\/wp\/v2\/tags?post=148846"}],"curies":[{"name":"wp","href":"https:\/\/api.w.org\/{rel}","templated":true}]}}