{"id":148856,"date":"2025-09-30T15:39:11","date_gmt":"2025-09-30T15:39:11","guid":{"rendered":"https:\/\/www.europesays.com\/es\/148856\/"},"modified":"2025-09-30T15:39:11","modified_gmt":"2025-09-30T15:39:11","slug":"a-proposito-de-sirat-o-por-que-una-pelicula-se-queda-en-tu-cabeza","status":"publish","type":"post","link":"https:\/\/www.europesays.com\/es\/148856\/","title":{"rendered":"A prop\u00f3sito de &#8216;Sirat&#8217; o por qu\u00e9 una pel\u00edcula se queda en tu cabeza"},"content":{"rendered":"<p>\u2018Sirat\u2019 es ya una de las pel\u00edculas del a\u00f1o en Espa\u00f1a y el tiempo y muy relevantes galas de premios (los \u00d3scar, obviamente) dir\u00e1n si tambi\u00e9n en el mundo. Mientras tanto, la ciudadan\u00eda que la ha visto se debate entre el elogio encendido y el rechazo rotundo. A quienes les ha gustado les salen expresiones como \u201cremueve\u201d, \u201cdeja en shock\u201d o \u201csigue dando vueltas en la cabeza\u201d. \u00bfC\u00f3mo puede una pel\u00edcula lograr efectos as\u00ed? EFEsalud se lo ha consultado a la psic\u00f3loga cl\u00ednica Lecina Fern\u00e1ndez.<\/p>\n<p>      <img fetchpriority=\"high\" width=\"889\" height=\"500\" class=\"attachment-newpress-featured-large size-newpress-featured-large wp-post-image lazyload\" alt=\"A prop\u00f3sito de \u2018Sirat\u2019 o por qu\u00e9 una pel\u00edcula puede quedarse en tu cabeza\" decoding=\"async\" data-attachment-id=\"382774\" data-permalink=\"https:\/\/efesalud.com\/sirat-emociones-psicologia-pelicula-se-queda-en-tu-cabeza\/sirat\/\" data-orig-file=\"https:\/\/www.europesays.com\/es\/wp-content\/uploads\/2025\/09\/sirat.jpg\" data-orig-size=\"889,500\" data-comments-opened=\"0\" data-image-meta=\"{&quot;aperture&quot;:&quot;0&quot;,&quot;credit&quot;:&quot;&quot;,&quot;camera&quot;:&quot;&quot;,&quot;caption&quot;:&quot;&quot;,&quot;created_timestamp&quot;:&quot;0&quot;,&quot;copyright&quot;:&quot;&quot;,&quot;focal_length&quot;:&quot;0&quot;,&quot;iso&quot;:&quot;0&quot;,&quot;shutter_speed&quot;:&quot;0&quot;,&quot;title&quot;:&quot;&quot;,&quot;orientation&quot;:&quot;0&quot;}\" data-image-title=\"sirat\" data-image-description=\"&lt;p&gt;Cartel promocional de Sirat. Movistar Plus +&lt;\/p&gt;&#10;\" data-image-caption=\"&lt;p&gt;Cartel promocional de Sirat. Movistar Plus +&lt;\/p&gt;&#10;\" data-medium-file=\"https:\/\/efesalud.com\/wp-content\/uploads\/2025\/09\/sirat-300x169.jpg\" data-large-file=\"https:\/\/www.europesays.com\/es\/wp-content\/uploads\/2025\/09\/sirat.jpg\" src=\"https:\/\/www.europesays.com\/es\/wp-content\/uploads\/2025\/09\/sirat.jpg\"  data- data-eio-rwidth=\"889\" data-eio-rheight=\"500\"\/>          <\/p>\n<p>&#13;<br \/>\n            Cartel promocional de Sirat. Movistar Plus +&#13;\n          <\/p>\n<p>La historia firmada por el cineasta Oliver Laxe es un viaje exterior-interior. Los personajes atraviesan desiertos y monta\u00f1as de Marruecos mientras los espectadores atraviesan desiertos y monta\u00f1as de su interior. Afirma Fern\u00e1ndez: \u201cPasas de las emociones al pensamiento, del yo al t\u00fa\u201d.\u00a0<\/p>\n<p>\u201cSirat es impactante, permite ver y sentir, no te da tiempo a reparar en otros detalles, pero si pasas al pensamiento, empiezas entonces a pensar en los personajes porque has hecho un viaje interior con ellos\u201d, a\u00f1ade.<\/p>\n<p>La trama es la siguiente: una chica ha desaparecido en Marruecos tras participar en una \u2018rave\u2019; su padre y su hermano peque\u00f1o ir\u00e1n a buscarla. Para ello, se unen a un grupo de \u2018raveros\u2019 en un viaje-huida. Viaje porque van a otra fiesta; huida porque intentan zafarse de los ecos de una guerra. La aventura llevar\u00e1 al l\u00edmite a los personajes.\u00a0<\/p>\n<p>Y a los espectadores.<\/p>\n<p>Emociones que forman \u201cla esencia humana\u201d<\/p>\n<p>Laxe ha dicho de su \u00faltima pel\u00edcula que despierta \u201cemociones fuertes\u201d. \u00bfPuede una pel\u00edcula provocar emociones fuertes?<\/p>\n<p>Dice Fern\u00e1ndez que \u201clas emociones fuertes circulan en el cine en dos direcciones\u201d. Por un lado, relacionado con la psicolog\u00eda de la comunicaci\u00f3n, alude a c\u00f3mo \u201clas emociones pueden cambiar la interpretaci\u00f3n del mensaje\u201d. Por otro, seg\u00fan la experiencia personal de quien ve la pel\u00edcula, pueden ser algo as\u00ed como \u201cuna autopista directa a lo m\u00e1s visceral\u201d.\u00a0<\/p>\n<p>Se producen reacciones en los planos \u201cf\u00edsico y emocional\u201d; unidas, conectan con la moral o con la \u00e9tica. \u201cSirat trata muchos temas, pero en mi opini\u00f3n hay uno que es central, y es la esencia humana\u201d. \u201cLos personajes \u2013contin\u00faa\u2013 se van rompiendo y conectamos con ellos porque todos estamos un poco rotos\u201d.<\/p>\n<p><img loading=\"lazy\" decoding=\"async\" width=\"900\" height=\"595\" data-attachment-id=\"382748\" data-permalink=\"https:\/\/efesalud.com\/sirat-emociones-psicologia-pelicula-se-queda-en-tu-cabeza\/sirat-press-conference-78th-cannes-film-festival\/\" data-orig-file=\"https:\/\/www.europesays.com\/es\/wp-content\/uploads\/2025\/09\/FRANCE-CANNES-FILM-FESTIVAL-2025.-SIRAT.jpg\" data-orig-size=\"900,595\" data-comments-opened=\"0\" data-image-meta=\"{&quot;aperture&quot;:&quot;0&quot;,&quot;credit&quot;:&quot;EFE&quot;,&quot;camera&quot;:&quot;&quot;,&quot;caption&quot;:&quot;CANNES (France), 16\\\/05\\\/2025.- Director Oliver Laxe attends the press conference for 'Sirat' during the 78th annual Cannes Film Festival, in Cannes, France, 16 May 2025. The film festival runs from 13 to 24 May 2025. (Cine, Francia) EFE\\\/EPA\\\/SEBASTIEN NOGIER \\\/ POOL&quot;,&quot;created_timestamp&quot;:&quot;1747391778&quot;,&quot;copyright&quot;:&quot;&quot;,&quot;focal_length&quot;:&quot;0&quot;,&quot;iso&quot;:&quot;0&quot;,&quot;shutter_speed&quot;:&quot;0&quot;,&quot;title&quot;:&quot;Sirat - Press Conference - 78th Cannes Film Festival&quot;,&quot;orientation&quot;:&quot;0&quot;}\" data-image-title=\"Sirat \u2013 Press Conference \u2013 78th Cannes Film Festival\" data-image-description=\"&lt;p&gt;CANNES (France), 16\/05\/2025.- Director Oliver Laxe attends the press conference for \u2018Sirat\u2019 during the 78th annual Cannes Film Festival, in Cannes, France, 16 May 2025. The film festival runs from 13 to 24 May 2025. (Cine, Francia) EFE\/EPA\/SEBASTIEN NOGIER \/ POOL&lt;\/p&gt;&#10;\" data-image-caption=\"&lt;p&gt;El cineasta Oliver Laxe, en rueda de prensa en el Festival de Cannes de 2025. EFE\/EPA\/SEBASTIEN NOGIER \/ POOL&lt;\/p&gt;&#10;\" data-medium-file=\"https:\/\/efesalud.com\/wp-content\/uploads\/2025\/09\/FRANCE-CANNES-FILM-FESTIVAL-2025.-SIRAT-300x198.jpg\" data-large-file=\"https:\/\/www.europesays.com\/es\/wp-content\/uploads\/2025\/09\/FRANCE-CANNES-FILM-FESTIVAL-2025.-SIRAT.jpg\" alt=\"Sirat emociones\" class=\"wp-image-382748 lazyload\" style=\"width:578px;height:auto\" src=\"https:\/\/www.europesays.com\/es\/wp-content\/uploads\/2025\/09\/FRANCE-CANNES-FILM-FESTIVAL-2025.-SIRAT.jpg\"  data- data-eio-rwidth=\"900\" data-eio-rheight=\"595\"\/>El cineasta Oliver Laxe, en rueda de prensa en el Festival de Cannes de 2025. EFE\/EPA\/SEBASTIEN NOGIER \/ POOL<\/p>\n<p>La empat\u00eda facilita el v\u00ednculo con los personajes, pero en opini\u00f3n de la psic\u00f3loga, \u00e9sta puede emerger tras ver la pel\u00edcula por primera vez. Si es as\u00ed, es porque la historia funciona como un pegamento de \u201cdetalles y virtudes\u201d que quedaron subterr\u00e1neos tras una lectura inicial.<\/p>\n<p>Acerca de \u2018Sirat\u2019, la psic\u00f3loga pone como ejemplo de este tipo de descubrimientos posteriores \u201cla capacidad de ayuda de los personajes\u201d y \u201cla comprensi\u00f3n de unos con otros\u201d.<\/p>\n<p>Est\u00edmulos y el efecto sorpresa<\/p>\n<p>La expresi\u00f3n \u2018estar en shock\u2019 suele aparecer tras una experiencia poderosa. A tenor de las descripciones de los espectadores y espectadoras, ver \u2018Sirat\u2019 lo es. Para bien o para mal. Para amar la pel\u00edcula o para repudiarla.\u00a0<\/p>\n<p>Fern\u00e1ndez ahonda en esta expresi\u00f3n coloquial, lejos, claro, de \u201cla psicopatolog\u00eda\u201d que es el \u201cshock\u201d. \u201cSe refiere a una respuesta emocional intensa, a algo traum\u00e1tico que en el caso de esta pel\u00edcula, adem\u00e1s, no te lo esperas\u201d. A su juicio, el impacto de las secuencias que forman \u2018Sirat\u2019 proviene de \u201cun est\u00edmulo visual, auditivo y sensorial\u201d, y del efecto sorpresa.<\/p>\n<p>El escenario acent\u00faa el sobrecogimiento. Escenarios de naturaleza rocosa, polvorienta, misteriosa y amenazante. \u201cEs tan grande que como espectadores nos sentimos peque\u00f1os\u201d, apunta Fern\u00e1ndez, que zanja: \u201cEntonces buscamos una cueva en la que refugiarnos\u201d. Esa cueva es nuestro interior, dice.<\/p>\n<p>\u201cEl arte debe emocionar y conmover, para lo que es relevante mostrar, no contar\u201d, incide la especialista.<\/p>\n<p>Sirat: paisajes, m\u00fasica, personajes y viaje<\/p>\n<p>La especialista recuerda a la escritora Vivian Gornick para remarcar la diferencia entre \u201csituaci\u00f3n e historia\u201d. En \u2018Sirat\u2019, la situaci\u00f3n la dar\u00edan un tipo y un ni\u00f1o que buscan en una \u2018rave\u2019 a su hija y hermana, pero la historia es lo que cuenta Laxe a partir de entonces, a partir de la entrada en la trama de dos personajes alejad\u00edsimos de la cultura \u2018rave\u2019.<\/p>\n<p><img loading=\"lazy\" decoding=\"async\" width=\"750\" height=\"500\" data-attachment-id=\"382777\" data-permalink=\"https:\/\/efesalud.com\/sirat-emociones-psicologia-pelicula-se-queda-en-tu-cabeza\/sirat2\/\" data-orig-file=\"https:\/\/www.europesays.com\/es\/wp-content\/uploads\/2025\/09\/sirat2.jpg\" data-orig-size=\"750,500\" data-comments-opened=\"0\" data-image-meta=\"{&quot;aperture&quot;:&quot;0&quot;,&quot;credit&quot;:&quot;&quot;,&quot;camera&quot;:&quot;&quot;,&quot;caption&quot;:&quot;&quot;,&quot;created_timestamp&quot;:&quot;0&quot;,&quot;copyright&quot;:&quot;&quot;,&quot;focal_length&quot;:&quot;0&quot;,&quot;iso&quot;:&quot;0&quot;,&quot;shutter_speed&quot;:&quot;0&quot;,&quot;title&quot;:&quot;&quot;,&quot;orientation&quot;:&quot;0&quot;}\" data-image-title=\"sirat2\" data-image-description=\"\" data-image-caption=\"\" data-medium-file=\"https:\/\/efesalud.com\/wp-content\/uploads\/2025\/09\/sirat2-300x200.jpg\" data-large-file=\"https:\/\/www.europesays.com\/es\/wp-content\/uploads\/2025\/09\/sirat2.jpg\" alt=\"\" class=\"wp-image-382777 lazyload\" style=\"width:598px;height:auto\" src=\"https:\/\/www.europesays.com\/es\/wp-content\/uploads\/2025\/09\/sirat2.jpg\"  data- data-eio-rwidth=\"750\" data-eio-rheight=\"500\"\/>Imagen promocional de Sirat. Movistar Plus +.<\/p>\n<p>Un adulto y un menor se sumergen, por tanto, en un entorno ajeno, distinto, y se sumergen los espectadores tambi\u00e9n. La m\u00fasica, la c\u00e1mara, la fotograf\u00eda, el casting, la direcci\u00f3n art\u00edstica se han revelado ya como personajes de la historia. \u201cLa m\u00fasica es aqu\u00ed un elemento corp\u00f3reo\u201d, asegura Fern\u00e1ndez.<\/p>\n<p>\u201cSirat \u2013insiste\u2013 va recogiendo sensibilidades y emociones para, m\u00e1s tarde, efectuar un viaje interior, un viaje que va de lo corp\u00f3reo a lo espiritual\u201d.<\/p>\n<p>Por eso, esta pel\u00edcula, ya una de las del a\u00f1o, no deja indiferente. Se ama o se odia. Viajar por las emociones propias no es sencillo.<\/p>\n","protected":false},"excerpt":{"rendered":"\u2018Sirat\u2019 es ya una de las pel\u00edculas del a\u00f1o en Espa\u00f1a y el tiempo y muy relevantes galas&hellip;\n","protected":false},"author":2,"featured_media":148857,"comment_status":"","ping_status":"","sticky":false,"template":"","format":"standard","meta":{"footnotes":""},"categories":[169],"tags":[177,146,147,25,24,176,175,1600,23],"class_list":{"0":"post-148856","1":"post","2":"type-post","3":"status-publish","4":"format-standard","5":"has-post-thumbnail","7":"category-cine","8":"tag-cine","9":"tag-entertainment","10":"tag-entretenimiento","11":"tag-es","12":"tag-espana","13":"tag-film","14":"tag-movies","15":"tag-psicologia","16":"tag-spain"},"share_on_mastodon":{"url":"","error":""},"_links":{"self":[{"href":"https:\/\/www.europesays.com\/es\/wp-json\/wp\/v2\/posts\/148856","targetHints":{"allow":["GET"]}}],"collection":[{"href":"https:\/\/www.europesays.com\/es\/wp-json\/wp\/v2\/posts"}],"about":[{"href":"https:\/\/www.europesays.com\/es\/wp-json\/wp\/v2\/types\/post"}],"author":[{"embeddable":true,"href":"https:\/\/www.europesays.com\/es\/wp-json\/wp\/v2\/users\/2"}],"replies":[{"embeddable":true,"href":"https:\/\/www.europesays.com\/es\/wp-json\/wp\/v2\/comments?post=148856"}],"version-history":[{"count":0,"href":"https:\/\/www.europesays.com\/es\/wp-json\/wp\/v2\/posts\/148856\/revisions"}],"wp:featuredmedia":[{"embeddable":true,"href":"https:\/\/www.europesays.com\/es\/wp-json\/wp\/v2\/media\/148857"}],"wp:attachment":[{"href":"https:\/\/www.europesays.com\/es\/wp-json\/wp\/v2\/media?parent=148856"}],"wp:term":[{"taxonomy":"category","embeddable":true,"href":"https:\/\/www.europesays.com\/es\/wp-json\/wp\/v2\/categories?post=148856"},{"taxonomy":"post_tag","embeddable":true,"href":"https:\/\/www.europesays.com\/es\/wp-json\/wp\/v2\/tags?post=148856"}],"curies":[{"name":"wp","href":"https:\/\/api.w.org\/{rel}","templated":true}]}}