{"id":148864,"date":"2025-09-30T15:44:09","date_gmt":"2025-09-30T15:44:09","guid":{"rendered":"https:\/\/www.europesays.com\/es\/148864\/"},"modified":"2025-09-30T15:44:09","modified_gmt":"2025-09-30T15:44:09","slug":"el-banco-espanol-bbva-anuncia-el-pago-de-un-dividendo-excepcional-en-plena-opa-por-su-rival-sabadell","status":"publish","type":"post","link":"https:\/\/www.europesays.com\/es\/148864\/","title":{"rendered":"El banco espa\u00f1ol BBVA anuncia el pago de un dividendo excepcional en plena opa por su rival Sabadell"},"content":{"rendered":"<p>    <img src=\"https:\/\/www.europesays.com\/es\/wp-content\/uploads\/2025\/09\/2025-09-30T153A303A53Z-90093511.jpg\" width=\"1024\" height=\"681\" alt=\"\" loading=\"eager\" decoding=\"sync\" fetchpriority=\"high\"\/><\/p>\n<p>            afp_tickers        <\/p>\n<p>        Este contenido fue publicado en    <\/p>\n<p>        30 septiembre 2025 &#8211; 17:30\n<\/p>\n<p>El banco espa\u00f1ol BBVA anunci\u00f3 este lunes que pagar\u00e1 un dividendo excepcionalmente alto en un nuevo intento por convencer a los accionistas de su rival Sabadell de aceptar su oferta de compra.<\/p>\n<p>\u00abEl Consejo de Administraci\u00f3n de BBVA ha acordado el pago de una cantidad a cuenta del dividendo del ejercicio 2025 por un importe bruto de 0,32 euros por acci\u00f3n en efectivo\u00bb, indic\u00f3 la entidad en un comunicado.<\/p>\n<p>Tambi\u00e9n precis\u00f3 que los nuevos accionistas de BBVA como resultado de la opa podr\u00e1n beneficiarse de ese dividendo.<\/p>\n<p>La oferta de BBVA valora a su rival catalana en 17.000 millones de euros (19.900 millones de d\u00f3lares), tomando \u00fanicamente en cuenta el valor de las acciones que recibir\u00e1n los accionistas de Sabadell si la aceptan.<\/p>\n<p>Tras la mejora del 10% anunciada la semana pasada, BBVA intenta de nuevo persuadir a los accionistas de Sabadell a aceptar su opa, lanzada el 8 de septiembre, y cuando faltan pocos d\u00edas para su cierre.<\/p>\n<p>La opa del BBVA, la segunda entidad bancaria de Espa\u00f1a con m\u00e1s de 78 millones de clientes en 25 pa\u00edses y una fuerte presencia en Am\u00e9rica Latina, podr\u00eda dar lugar a un gigante europeo del sector.<\/p>\n<p>Pero muchos actores del mercado la ven con malos ojos, empezando por el propio Sabadell, cuyo consejo de administraci\u00f3n consider\u00f3 que la propuesta infravalora \u00abmuy significativamente\u00bb el banco, recomendando a sus accionistas rechazarla.<\/p>\n<p>Buscando frustrar la operaci\u00f3n, Sabadell vendi\u00f3 su filial brit\u00e1nica TSB a Santander por 3.100 millones de euros (3.600 millones de d\u00f3lares) y prometi\u00f3 una remuneraci\u00f3n r\u00e9cord a sus accionistas, gracias en parte a esa venta.<\/p>\n<p>El desenlace de esta operaci\u00f3n es muy incierto debido a la multitud de peque\u00f1os accionistas de Sabadell, ninguno de los cuales posee m\u00e1s del 7% de su capital.<\/p>\n<p>mig\/pc\/eg<\/p>\n","protected":false},"excerpt":{"rendered":"afp_tickers Este contenido fue publicado en 30 septiembre 2025 &#8211; 17:30 El banco espa\u00f1ol BBVA anunci\u00f3 este lunes&hellip;\n","protected":false},"author":2,"featured_media":148865,"comment_status":"","ping_status":"","sticky":false,"template":"","format":"standard","meta":{"footnotes":""},"categories":[80],"tags":[36495,36493,82,7654,9396,95,94,84,25,24,30273,87,2736,36494,23,90],"class_list":{"0":"post-148864","1":"post","2":"type-post","3":"status-publish","4":"format-standard","5":"has-post-thumbnail","7":"category-economia","8":"tag-acquisition-and-takeover","9":"tag-banking","10":"tag-business","11":"tag-business-enterprises","12":"tag-company-information","13":"tag-economia","14":"tag-economy","15":"tag-economy-general","16":"tag-es","17":"tag-espana","18":"tag-financial-and-business-service","19":"tag-macro-economics","20":"tag-marketing","21":"tag-merger","22":"tag-spain","23":"tag-ticker"},"share_on_mastodon":{"url":"","error":""},"_links":{"self":[{"href":"https:\/\/www.europesays.com\/es\/wp-json\/wp\/v2\/posts\/148864","targetHints":{"allow":["GET"]}}],"collection":[{"href":"https:\/\/www.europesays.com\/es\/wp-json\/wp\/v2\/posts"}],"about":[{"href":"https:\/\/www.europesays.com\/es\/wp-json\/wp\/v2\/types\/post"}],"author":[{"embeddable":true,"href":"https:\/\/www.europesays.com\/es\/wp-json\/wp\/v2\/users\/2"}],"replies":[{"embeddable":true,"href":"https:\/\/www.europesays.com\/es\/wp-json\/wp\/v2\/comments?post=148864"}],"version-history":[{"count":0,"href":"https:\/\/www.europesays.com\/es\/wp-json\/wp\/v2\/posts\/148864\/revisions"}],"wp:featuredmedia":[{"embeddable":true,"href":"https:\/\/www.europesays.com\/es\/wp-json\/wp\/v2\/media\/148865"}],"wp:attachment":[{"href":"https:\/\/www.europesays.com\/es\/wp-json\/wp\/v2\/media?parent=148864"}],"wp:term":[{"taxonomy":"category","embeddable":true,"href":"https:\/\/www.europesays.com\/es\/wp-json\/wp\/v2\/categories?post=148864"},{"taxonomy":"post_tag","embeddable":true,"href":"https:\/\/www.europesays.com\/es\/wp-json\/wp\/v2\/tags?post=148864"}],"curies":[{"name":"wp","href":"https:\/\/api.w.org\/{rel}","templated":true}]}}