{"id":148866,"date":"2025-09-30T15:45:10","date_gmt":"2025-09-30T15:45:10","guid":{"rendered":"https:\/\/www.europesays.com\/es\/148866\/"},"modified":"2025-09-30T15:45:10","modified_gmt":"2025-09-30T15:45:10","slug":"trump-dice-que-resucitara-el-espiritu-guerrero-de-las-fuerzas-armadas-de-eeuu","status":"publish","type":"post","link":"https:\/\/www.europesays.com\/es\/148866\/","title":{"rendered":"Trump dice que \u00abresucitar\u00e1 el esp\u00edritu guerrero\u00bb de las fuerzas armadas de EEUU"},"content":{"rendered":"<p>    <img src=\"https:\/\/www.europesays.com\/es\/wp-content\/uploads\/2025\/09\/2025-09-30T153A213A20Z-90093441.jpg\" width=\"1024\" height=\"682\" alt=\"\" loading=\"eager\" decoding=\"sync\" fetchpriority=\"high\"\/><\/p>\n<p>            afp_tickers        <\/p>\n<p>        Este contenido fue publicado en    <\/p>\n<p>        30 septiembre 2025 &#8211; 17:21\n<\/p>\n<p>El presidente Donald Trump prometi\u00f3 este martes que \u00abresucitar\u00e1 el esp\u00edritu guerrero\u00bb de las fuerzas armadas de Estados Unidos que \u00abgan\u00f3 y construy\u00f3 esta naci\u00f3n\u00bb, en un discurso ante la c\u00fapula militar en las afueras de Washington.<\/p>\n<p>\u00abJuntos, en los pr\u00f3ximos a\u00f1os, vamos a transformar a nuestras fuerzas armadas en algo m\u00e1s fuerte, m\u00e1s recio, m\u00e1s r\u00e1pido\u00bb, declar\u00f3 Trump a los generales y almirantes estadounidenses reunidos en un encuentro poco habitual en Quantico, Virginia.<\/p>\n<p>Poco antes, el jefe del Pent\u00e1gono, Pete Hegseth, afirm\u00f3 en la misma reuni\u00f3n que las fuerzas armadas de Estados Unidos debe ser reformadas para acabar con \u00abd\u00e9cadas de decadencia\u00bb, que, seg\u00fan \u00e9l, fueron causadas por pol\u00edticas de diversidad.<\/p>\n<p>En esa reuni\u00f3n poco habitual con altos mandos convocados desde bases en el mundo entero, Hegseth declar\u00f3 el fin de la \u00abbasura ideol\u00f3gica\u00bb, poniendo como ejemplos preocupaciones sobre el cambio clim\u00e1tico, el acoso, l\u00edderes \u00abt\u00f3xicos\u00bb y ascensos basados en raza o g\u00e9nero.<\/p>\n<p>\u00abVamos a poner fin a la guerra contra los guerreros\u00bb, enfatiz\u00f3 el secretario de Guerra, seg\u00fan la nueva terminolog\u00eda adoptada por el gobierno de Trump.<\/p>\n<p>Ese nueva \u00abmentalidad guerrera\u00bb, en palabras de Hegseth, implica que las fuerzas armadas volver\u00e1n a utilizar est\u00e1ndares de reclutamiento y entrenamiento basados en la capacidad masculina en t\u00e9rminos de resistencia f\u00edsica.<\/p>\n<p>\u00abQuiero ser muy claro: no se trata de impedir a las mujeres servir\u00bb en las fuerzas armadas, insisti\u00f3. \u00abNuestras oficiales femeninas son las mejores del mundo, pero cuando se trate de un trabajo que requiera poder f\u00edsico para entrar en combate, esos est\u00e1ndares deben ser neutrales, y altos\u00bb, explic\u00f3.<\/p>\n<p>\u00abSi las mujeres pueden lograrlo, excelente. Si no, pues as\u00ed ser\u00e1\u00bb, a\u00f1adi\u00f3.<\/p>\n<p>\u2013 \u00abDepartamento de Guerra\u00bb \u2013<\/p>\n<p>El Departamento de Defensa, inmune a la intervenci\u00f3n pol\u00edtica directa, se vio especialmente afectado por la llegada de Trump a la Casa Blanca en enero.<\/p>\n<p>El despliegue de soldados en las calles de varias ciudades estadounidenses, algo muy raro en Estados Unidos, ha sido duramente criticado por la oposici\u00f3n dem\u00f3crata.<\/p>\n<p>Adem\u00e1s, los mortales ataques en el Caribe, que destruyeron barcos que Washington asegur\u00f3 que transportaban drogas, han suscitado cr\u00edticas en el extranjero. Trump tambi\u00e9n ha ordenado ataques contra instalaciones nucleares iran\u00edes y contra los hut\u00edes, rebeldes yemen\u00edes respaldados por Teher\u00e1n.<\/p>\n<p>Con la llegada del republicano al poder tambi\u00e9n se sacudi\u00f3 internamente el Pent\u00e1gono, que fue rebautizado Departamento de Guerra.<\/p>\n<p>En mayo, Hegseth orden\u00f3 reducciones significativas en el n\u00famero de altos cargos en el ej\u00e9rcito estadounidense, incluido un recorte de al menos el 20% en el n\u00famero de generales y almirantes de cuatro estrellas en servicio.<\/p>\n<p>Adem\u00e1s, desde el regreso de Trump, varios oficiales militares estadounidenses fueron empujados a dejar sus cargos. En febrero, el presidente despidi\u00f3, sin dar explicaciones, al jefe del Estado Mayor Charles Brown.<\/p>\n<p>Tambi\u00e9n fueron destituidos el jefe de la Armada y la Guardia Costera de Estados Unidos, el subjefe del Estado Mayor de la Fuerza A\u00e9rea y varios abogados militares de alto rango.<\/p>\n<p>wd\/eml\/ube\/lgo\/cr\/cjc\/ad\/mar<\/p>\n","protected":false},"excerpt":{"rendered":"afp_tickers Este contenido fue publicado en 30 septiembre 2025 &#8211; 17:21 El presidente Donald Trump prometi\u00f3 este martes&hellip;\n","protected":false},"author":2,"featured_media":148867,"comment_status":"","ping_status":"","sticky":false,"template":"","format":"standard","meta":{"footnotes":""},"categories":[42],"tags":[11642,17,18,11643,13,14,4437,11,61,62,63,64,19,20,9,10,15,16,88,90,12,21,22,65,66,67],"class_list":{"0":"post-148866","1":"post","2":"type-post","3":"status-publish","4":"format-standard","5":"has-post-thumbnail","7":"category-internacional","8":"tag-armed-forces","9":"tag-breaking-news","10":"tag-breakingnews","11":"tag-defence","12":"tag-featured-news","13":"tag-featurednews","14":"tag-government","15":"tag-headlines","16":"tag-internacional","17":"tag-international","18":"tag-international-news","19":"tag-internationalnews","20":"tag-latest-news","21":"tag-latestnews","22":"tag-news","23":"tag-noticias","24":"tag-noticias-destacadas","25":"tag-noticiasdestacadas","26":"tag-politics","27":"tag-ticker","28":"tag-titulares","29":"tag-ultimas-noticias","30":"tag-ultimasnoticias","31":"tag-world","32":"tag-world-news","33":"tag-worldnews"},"share_on_mastodon":{"url":"","error":""},"_links":{"self":[{"href":"https:\/\/www.europesays.com\/es\/wp-json\/wp\/v2\/posts\/148866","targetHints":{"allow":["GET"]}}],"collection":[{"href":"https:\/\/www.europesays.com\/es\/wp-json\/wp\/v2\/posts"}],"about":[{"href":"https:\/\/www.europesays.com\/es\/wp-json\/wp\/v2\/types\/post"}],"author":[{"embeddable":true,"href":"https:\/\/www.europesays.com\/es\/wp-json\/wp\/v2\/users\/2"}],"replies":[{"embeddable":true,"href":"https:\/\/www.europesays.com\/es\/wp-json\/wp\/v2\/comments?post=148866"}],"version-history":[{"count":0,"href":"https:\/\/www.europesays.com\/es\/wp-json\/wp\/v2\/posts\/148866\/revisions"}],"wp:featuredmedia":[{"embeddable":true,"href":"https:\/\/www.europesays.com\/es\/wp-json\/wp\/v2\/media\/148867"}],"wp:attachment":[{"href":"https:\/\/www.europesays.com\/es\/wp-json\/wp\/v2\/media?parent=148866"}],"wp:term":[{"taxonomy":"category","embeddable":true,"href":"https:\/\/www.europesays.com\/es\/wp-json\/wp\/v2\/categories?post=148866"},{"taxonomy":"post_tag","embeddable":true,"href":"https:\/\/www.europesays.com\/es\/wp-json\/wp\/v2\/tags?post=148866"}],"curies":[{"name":"wp","href":"https:\/\/api.w.org\/{rel}","templated":true}]}}