{"id":148868,"date":"2025-09-30T15:46:08","date_gmt":"2025-09-30T15:46:08","guid":{"rendered":"https:\/\/www.europesays.com\/es\/148868\/"},"modified":"2025-09-30T15:46:08","modified_gmt":"2025-09-30T15:46:08","slug":"el-ojo-critico-derechos-culturales-desde-mondiacult-2025","status":"publish","type":"post","link":"https:\/\/www.europesays.com\/es\/148868\/","title":{"rendered":"El ojo cr\u00edtico &#8211; Derechos culturales desde Mondiacult 2025"},"content":{"rendered":"<p>Segunda jornada desde<strong> Mundiacult 2025,<\/strong> la convenci\u00f3n de la <strong>UNESCO <\/strong>que re\u00fane a sus 148 pa\u00edses miembros para dirimir distintos aspectos cutleriales. <\/p>\n<p>Empezamos reflexionando sobre los derechos culturales y lo que estos suponen con <strong>Jazm\u00edn Beirak  <\/strong>directora General de Derechos Culturales del ministerio de cultura, quien adem\u00e1s nos contar\u00e1 que pasos se est\u00e1n dando al respecto. <\/p>\n<p>Adem\u00e1s, con<strong>  Agn\u00e8s Bstlle <\/strong>descubrimos el primer<strong> Museo Virtual<\/strong> de objetos virtuales robados. Un proyecto de la UNESCO en colaboraci\u00f3n con la Interpol para denunciar y sensibilizar de las consecuencias del tr\u00e1fico ilegal de bienes culturales y patrimoniales. <\/p>\n<p>Sin dejar de lado el \u00c1gora y los debates que all\u00ed se han dado nos detenemos en la brecha de g\u00e9nero que sigue exigiendo en la industria cultural como detall<strong>a Ana Villarroya,<\/strong> profesora de la Universidad de Barcelona y miembro del equipo de comisariado del \u00c1gora C\u00edvica.<\/p>\n<p>Cerramos como no hablando sobre el papel de la inteligencia artificial en la cultura y los desaf\u00edos que esto planea con <strong>Marta Peirano y Lluis Nacenta. <\/strong><\/p>\n","protected":false},"excerpt":{"rendered":"Segunda jornada desde Mundiacult 2025, la convenci\u00f3n de la UNESCO que re\u00fane a sus 148 pa\u00edses miembros para&hellip;\n","protected":false},"author":2,"featured_media":148869,"comment_status":"","ping_status":"","sticky":false,"template":"","format":"standard","meta":{"footnotes":""},"categories":[8],"tags":[17,18,45437,8519,25,24,13,14,11,19,20,9,10,15,16,133,1448,1986,1987,23,12,21,22],"class_list":{"0":"post-148868","1":"post","2":"type-post","3":"status-publish","4":"format-standard","5":"has-post-thumbnail","7":"category-espana","8":"tag-breaking-news","9":"tag-breakingnews","10":"tag-derechos-culturales-desde-mondiacult-2025","11":"tag-el-ojo-critico","12":"tag-es","13":"tag-espana","14":"tag-featured-news","15":"tag-featurednews","16":"tag-headlines","17":"tag-latest-news","18":"tag-latestnews","19":"tag-news","20":"tag-noticias","21":"tag-noticias-destacadas","22":"tag-noticiasdestacadas","23":"tag-online","24":"tag-radio","25":"tag-rne","26":"tag-rtve-play","27":"tag-spain","28":"tag-titulares","29":"tag-ultimas-noticias","30":"tag-ultimasnoticias"},"share_on_mastodon":{"url":"","error":""},"_links":{"self":[{"href":"https:\/\/www.europesays.com\/es\/wp-json\/wp\/v2\/posts\/148868","targetHints":{"allow":["GET"]}}],"collection":[{"href":"https:\/\/www.europesays.com\/es\/wp-json\/wp\/v2\/posts"}],"about":[{"href":"https:\/\/www.europesays.com\/es\/wp-json\/wp\/v2\/types\/post"}],"author":[{"embeddable":true,"href":"https:\/\/www.europesays.com\/es\/wp-json\/wp\/v2\/users\/2"}],"replies":[{"embeddable":true,"href":"https:\/\/www.europesays.com\/es\/wp-json\/wp\/v2\/comments?post=148868"}],"version-history":[{"count":0,"href":"https:\/\/www.europesays.com\/es\/wp-json\/wp\/v2\/posts\/148868\/revisions"}],"wp:featuredmedia":[{"embeddable":true,"href":"https:\/\/www.europesays.com\/es\/wp-json\/wp\/v2\/media\/148869"}],"wp:attachment":[{"href":"https:\/\/www.europesays.com\/es\/wp-json\/wp\/v2\/media?parent=148868"}],"wp:term":[{"taxonomy":"category","embeddable":true,"href":"https:\/\/www.europesays.com\/es\/wp-json\/wp\/v2\/categories?post=148868"},{"taxonomy":"post_tag","embeddable":true,"href":"https:\/\/www.europesays.com\/es\/wp-json\/wp\/v2\/tags?post=148868"}],"curies":[{"name":"wp","href":"https:\/\/api.w.org\/{rel}","templated":true}]}}