{"id":148870,"date":"2025-09-30T15:47:13","date_gmt":"2025-09-30T15:47:13","guid":{"rendered":"https:\/\/www.europesays.com\/es\/148870\/"},"modified":"2025-09-30T15:47:13","modified_gmt":"2025-09-30T15:47:13","slug":"la-noche-internacional-de-los-murcielagos-llega-este-jueves-al-acuario-de-zaragoza-noticia-ayuntamiento-de-zaragoza","status":"publish","type":"post","link":"https:\/\/www.europesays.com\/es\/148870\/","title":{"rendered":"La Noche Internacional de los Murci\u00e9lagos llega este jueves al Acuario de Zaragoza. Noticia. Ayuntamiento de Zaragoza"},"content":{"rendered":"<p>      Cuerpo de la noticia<\/p>\n<p>Este jueves, 2 de octubre, de 18,30 a 21,30 horas, el <strong>Acuario de Zaragoza<\/strong> acoge la <strong>Noche Internacional de los Murci\u00e9lagos<\/strong>, una cita de divulgaci\u00f3n y participaci\u00f3n ciudadana promovida por <strong>EUROBATS<\/strong> que se celebra en m\u00e1s de 30 pa\u00edses. La actividad, <strong>organizada por el Ayuntamiento de Zaragoza <\/strong>en colaboraci\u00f3n con <strong>SECEMU<\/strong> (Sociedad Espa\u00f1ola para la Conservaci\u00f3n y el Estudio de los Murci\u00e9lagos) y el <strong>Acuario<\/strong> <strong>de<\/strong> <strong>Zaragoza<\/strong>, acercar\u00e1 a la ciudadan\u00eda la ecolog\u00eda y conservaci\u00f3n de estos mam\u00edferos alados.<\/p>\n<p>Los murci\u00e9lagos, \u00fanicos mam\u00edferos capaces de volar, cumplen un papel clave como controladores naturales de insectos y bioindicadores de la calidad del h\u00e1bitat. Sus poblaciones est\u00e1n protegidas por normativa estatal e internacional.<\/p>\n<p><strong>Programa y aforos (inscripci\u00f3n previa)<\/strong><\/p>\n<p>\u00a0 \u00a0 \u00a0 \u00a0 \u00a0 \u00a0 \u00a0 \u00a0 \u2022 18,30h. &#8211; <strong>Taller infantil 4\u20137 a\u00f1os<\/strong> (30 plazas). Duraci\u00f3n 60 minutos.<br \/>\u00abVen a conocer y a volar con los murcielagos por el mundo. Forma parte de estos h\u00e9roes alados que protegen al planeta. Una forma divertida de conocer la gran variedad de especies y su papel esencial en el planeta\u00bb.\u00a0<br \/>\u00a0 \u00a0 \u00a0 \u00a0 \u00a0 \u00a0 \u00a0 \u00a0 \u2022 18,30h. &#8211; <strong>Taller infantil 8\u201312 a\u00f1os<\/strong> (20 plazas). Duraci\u00f3n 60 minutos.<br \/>\u00abTaller de refugios para murci\u00e9lagos\u00bb. Estos refugios son una alternativa a la falta de lugares en el medio natural. Los utilizan fundamentalmente para aparearse y criar.<br \/>\u00a0 \u00a0 \u00a0 \u00a0 \u00a0 \u00a0 \u00a0 \u00a0 \u2022 18,30h. &#8211; <strong>Charla informativa<\/strong> (80 plazas). Duraci\u00f3n 60 minutos.<br \/>Conferencia dirigida al p\u00fablico general donde un experto de SECEMU dar\u00e1 a conocer los diferentes murci\u00e9lagos de Arag\u00f3n.\u00a0<br \/>\u00a0 \u00a0 \u00a0 \u00a0 \u00a0 \u00a0 \u00a0 \u00a0 \u2022 20,00h. &#8211; <strong>Itinerario por la Ribera <\/strong>(50 plazas). Duraci\u00f3n 90 minutos.<br \/>Paseo interpretativo al anochecer con equipos de escucha de ultrasonidos para identificar actividad ac\u00fastica (sin manipulaci\u00f3n de fauna). Recomendado para p\u00fablico general y familias.<br \/>\u00a0 \u00a0 \u00a0 \u00a0 \u00a0 \u00a0 \u00a0 \u00a0 \u00a0\u00a0<br \/><strong>Recomendaci\u00f3n<\/strong>: llevar agua y repelente de insectos; ropa y calzado c\u00f3modos.<\/p>\n<p><strong>Inscripci\u00f3n:<\/strong><br \/>Hasta completar aforo, antes del 1 de octubre, por correo electr\u00f3nico a congresos@estudiomov.es indicando nombre y apellidos, actividad\/es de inter\u00e9s (taller 4\u20137, taller 8\u201312, charla, itinerario) y n\u00famero de personas. La plaza quedar\u00e1 confirmada por email.<\/p>\n","protected":false},"excerpt":{"rendered":"Cuerpo de la noticia Este jueves, 2 de octubre, de 18,30 a 21,30 horas, el Acuario de Zaragoza&hellip;\n","protected":false},"author":2,"featured_media":148871,"comment_status":"","ping_status":"","sticky":false,"template":"","format":"standard","meta":{"footnotes":""},"categories":[5],"tags":[17,18,25,24,13,14,11,19,20,9,10,15,16,23,12,21,22],"class_list":{"0":"post-148870","1":"post","2":"type-post","3":"status-publish","4":"format-standard","5":"has-post-thumbnail","7":"category-titulares","8":"tag-breaking-news","9":"tag-breakingnews","10":"tag-es","11":"tag-espana","12":"tag-featured-news","13":"tag-featurednews","14":"tag-headlines","15":"tag-latest-news","16":"tag-latestnews","17":"tag-news","18":"tag-noticias","19":"tag-noticias-destacadas","20":"tag-noticiasdestacadas","21":"tag-spain","22":"tag-titulares","23":"tag-ultimas-noticias","24":"tag-ultimasnoticias"},"share_on_mastodon":{"url":"","error":""},"_links":{"self":[{"href":"https:\/\/www.europesays.com\/es\/wp-json\/wp\/v2\/posts\/148870","targetHints":{"allow":["GET"]}}],"collection":[{"href":"https:\/\/www.europesays.com\/es\/wp-json\/wp\/v2\/posts"}],"about":[{"href":"https:\/\/www.europesays.com\/es\/wp-json\/wp\/v2\/types\/post"}],"author":[{"embeddable":true,"href":"https:\/\/www.europesays.com\/es\/wp-json\/wp\/v2\/users\/2"}],"replies":[{"embeddable":true,"href":"https:\/\/www.europesays.com\/es\/wp-json\/wp\/v2\/comments?post=148870"}],"version-history":[{"count":0,"href":"https:\/\/www.europesays.com\/es\/wp-json\/wp\/v2\/posts\/148870\/revisions"}],"wp:featuredmedia":[{"embeddable":true,"href":"https:\/\/www.europesays.com\/es\/wp-json\/wp\/v2\/media\/148871"}],"wp:attachment":[{"href":"https:\/\/www.europesays.com\/es\/wp-json\/wp\/v2\/media?parent=148870"}],"wp:term":[{"taxonomy":"category","embeddable":true,"href":"https:\/\/www.europesays.com\/es\/wp-json\/wp\/v2\/categories?post=148870"},{"taxonomy":"post_tag","embeddable":true,"href":"https:\/\/www.europesays.com\/es\/wp-json\/wp\/v2\/tags?post=148870"}],"curies":[{"name":"wp","href":"https:\/\/api.w.org\/{rel}","templated":true}]}}