{"id":148876,"date":"2025-09-30T15:50:09","date_gmt":"2025-09-30T15:50:09","guid":{"rendered":"https:\/\/www.europesays.com\/es\/148876\/"},"modified":"2025-09-30T15:50:09","modified_gmt":"2025-09-30T15:50:09","slug":"della-maddallena-promete-finalizar-a-makhachev","status":"publish","type":"post","link":"https:\/\/www.europesays.com\/es\/148876\/","title":{"rendered":"Della Maddallena promete finalizar a Makhachev"},"content":{"rendered":"<p data-mrf-recirculation=\"Links P\u00e1rrafos\" class=\"ue-c-article__paragraph paragraph ue-c-article--first-letter-highlighted\">El 16 de noviembre, <strong>Jack Della Maddalena<\/strong> (18-2) defender\u00e1 por primera vez su <strong>cintur\u00f3n de peso w\u00e9lter <\/strong>tras hab\u00e9rselo arrebatado a Belal Muhammad el pasado UFC 315. Lo har\u00e1 en el evento estelar del UFC 322 ante <strong>Islam Makhachev<\/strong> (27-1), que ha decidido subir de categor\u00eda a intentar conseguir el <strong>doble campeonato.<\/strong> A pesar del favoritismo que tiene Makhachev de cara a la pelea, el peleador austrliano esta decidido a dar un <strong>golpe sobre la mesa<\/strong> y arruinar los sue\u00f1os del <strong>mejor amigo<\/strong> de Khabib Nurmagomedov.<\/p>\n<p data-mrf-recirculation=\"Links P\u00e1rrafos\" class=\"ue-c-article__paragraph paragraph\">Tras perder sus<strong> dos primeros<\/strong> combates profesionales, Jack ha acumulado <strong>18 victorias <\/strong>seguidas, haciendo gala de un gran striking y de una m\u00e1s que notable <strong>defensa contra derribos.<\/strong> A pesar de que Makhachev es uno de los <strong>mejores grapplers<\/strong>de toda la UFC, Della Maddalena cree que tiene las habilidades suficientes para<strong> finalizarle<\/strong> y sorprender al mundo.<\/p>\n<blockquote class=\"ue-c-article__blockquote\">\n<p>Me veo arrasando en el Madison Square Garden<\/p>\n<p>Jack Della Maddalena, en &#8216;Submission Radio&#8217;<\/p><\/blockquote>\n<p data-mrf-recirculation=\"Links P\u00e1rrafos\" class=\"ue-c-article__paragraph paragraph\">\u00abVoy a por la <strong>finalizaci\u00f3n.<\/strong> Ser\u00eda el mejor escenario posible, me veo <strong>arrasando<\/strong> en el Madison Square Garden\u00bb, afirm\u00f3 en una entrevista con &#8216;Submission Radio&#8217;. <strong>Nueva York<\/strong> ser\u00e1 testigo de uno de los combates m\u00e1s importantes del a\u00f1o.<strong> Un a\u00f1o antes<\/strong>, en esa misma fecha y en la misma sede, <strong>Jon Jones <\/strong>se encarg\u00f3 de finalizar a Stipe Miocic para retener su cintur\u00f3n de peso pesado. Esta vez ser\u00e1 el turno de Della Maddalena, que tendr\u00e1 en frente el reto<strong> m\u00e1s dif\u00edcil<\/strong> de su carrera.<\/p>\n<p><img decoding=\"async\" width=\"1980\" height=\"1320\" class=\"ue-c-article__image lazyload\" alt=\"Jack Della Maddalena durante uno de sus combates en la UFC.\" loading=\"lazy\" src=\"https:\/\/www.europesays.com\/es\/wp-content\/uploads\/2025\/09\/681c9bacb5c9e.jpeg\"\/><\/p>\n<p>Jack Della Maddalena durante uno de sus combates en la UFC.UFC.<\/p>\n<p>El mejor Makhachev<\/p>\n<p data-mrf-recirculation=\"Links P\u00e1rrafos\" class=\"ue-c-article__paragraph paragraph\">La divisi\u00f3n de peso w\u00e9lter es una de las <strong>m\u00e1s complicadas<\/strong> de toda la UFC, por no decir la que m\u00e1s. <strong>Rakhmonov<\/strong>, Brady, Garry, Morales, Prates, Della Maddalena, Belal, <strong>Usman<\/strong>&#8230; Son muchos los nombres que podr\u00edan pelear por el t\u00edtulo, ya que <strong>talento<\/strong> les sobra. Por tanto, la decisi\u00f3n de Makhachev de abandonar el peso ligero es un tanto <strong>arriesgada<\/strong>, ya que se enfrentar\u00e1 a peleadores mucho<strong> m\u00e1s grandes.\u00a0<\/strong><\/p>\n<blockquote class=\"ue-c-article__blockquote\">\n<p>Veremos al mejor Makhachev que hayamos visto nunca<\/p>\n<p>Jack Della Maddalena, campe\u00f3n de peso w\u00e9lter<\/p><\/blockquote>\n<p data-mrf-recirculation=\"Links P\u00e1rrafos\" class=\"ue-c-article__paragraph paragraph\">Sin embargo, Jack cree que este cambio<strong> le vendr\u00e1 bien<\/strong> al daguestan\u00ed, ya que antes <strong>cortaba mucho peso<\/strong>. \u00abA veces el corte de peso te hace m\u00e1s lento o peor. Por tanto, espero al <strong>mejor Makhachev<\/strong> para nuestra pelea. Mejor f\u00edsicamente y m\u00e1s fuerte. Creo que veremos al mejor Makhachev que hayamos<strong> visto nunca<\/strong>\u00ab, sentenci\u00f3. Eso quiere decir que Della Maddalena se est\u00e1 preparando para el <strong>peor escenario <\/strong>posible, para no dejarse nada en el tintero.<\/p>\n<p data-mrf-recirculation=\"Links P\u00e1rrafos\" class=\"ue-c-article__paragraph paragraph\">Jack cree que Islam intentar\u00e1 el <strong>derribo tempranero<\/strong> para evitar cometer los mismos<strong> errores <\/strong>que su amigo Belal Muhammad, pero no tiene miedo a ir al suelo contra el mejor amigo de Khabib. Se le ha visto en ocasiones pasadas entrenando con un experto en jiu-jitsu como<strong> Craig Jones<\/strong>, y ya ha sobrevivido a otro gran especialista como<strong> Gilbert Burns<\/strong>. Su estrategia pasa por aguantar esas acometidas, y acabar finaliz\u00e1ndolo en la <strong>pelea en pie<\/strong>, donde a priori es superior.<\/p>\n","protected":false},"excerpt":{"rendered":"El 16 de noviembre, Jack Della Maddalena (18-2) defender\u00e1 por primera vez su cintur\u00f3n de peso w\u00e9lter tras&hellip;\n","protected":false},"author":2,"featured_media":89980,"comment_status":"","ping_status":"","sticky":false,"template":"","format":"standard","meta":{"footnotes":""},"categories":[276],"tags":[168,25,24,23,167,343],"class_list":{"0":"post-148876","1":"post","2":"type-post","3":"status-publish","4":"format-standard","5":"has-post-thumbnail","7":"category-ufc","8":"tag-deportes","9":"tag-es","10":"tag-espana","11":"tag-spain","12":"tag-sports","13":"tag-ufc"},"share_on_mastodon":{"url":"","error":""},"_links":{"self":[{"href":"https:\/\/www.europesays.com\/es\/wp-json\/wp\/v2\/posts\/148876","targetHints":{"allow":["GET"]}}],"collection":[{"href":"https:\/\/www.europesays.com\/es\/wp-json\/wp\/v2\/posts"}],"about":[{"href":"https:\/\/www.europesays.com\/es\/wp-json\/wp\/v2\/types\/post"}],"author":[{"embeddable":true,"href":"https:\/\/www.europesays.com\/es\/wp-json\/wp\/v2\/users\/2"}],"replies":[{"embeddable":true,"href":"https:\/\/www.europesays.com\/es\/wp-json\/wp\/v2\/comments?post=148876"}],"version-history":[{"count":0,"href":"https:\/\/www.europesays.com\/es\/wp-json\/wp\/v2\/posts\/148876\/revisions"}],"wp:featuredmedia":[{"embeddable":true,"href":"https:\/\/www.europesays.com\/es\/wp-json\/wp\/v2\/media\/89980"}],"wp:attachment":[{"href":"https:\/\/www.europesays.com\/es\/wp-json\/wp\/v2\/media?parent=148876"}],"wp:term":[{"taxonomy":"category","embeddable":true,"href":"https:\/\/www.europesays.com\/es\/wp-json\/wp\/v2\/categories?post=148876"},{"taxonomy":"post_tag","embeddable":true,"href":"https:\/\/www.europesays.com\/es\/wp-json\/wp\/v2\/tags?post=148876"}],"curies":[{"name":"wp","href":"https:\/\/api.w.org\/{rel}","templated":true}]}}