{"id":148879,"date":"2025-09-30T15:52:08","date_gmt":"2025-09-30T15:52:08","guid":{"rendered":"https:\/\/www.europesays.com\/es\/148879\/"},"modified":"2025-09-30T15:52:08","modified_gmt":"2025-09-30T15:52:08","slug":"carlos-alcaraz-tumba-a-taylor-fritz-y-tambien-reina-en-tokio-octavo-titulo-del-ano","status":"publish","type":"post","link":"https:\/\/www.europesays.com\/es\/148879\/","title":{"rendered":"Carlos Alcaraz tumba a Taylor Fritz y tambi\u00e9n reina en Tokio: octavo t\u00edtulo del a\u00f1o"},"content":{"rendered":"<p><a href=\"https:\/\/www.laverdad.es\/carlos-alcaraz\/\" title=\"www.laverdad.es\" data-voc-vtm-id=\"in-text-traffic\" data-mrf-link=\"www.laverdad.es\" rel=\"nofollow noopener\" target=\"_blank\">Carlos Alcaraz<\/a> se ha convertido en una trituradora de rivales. Da igual el n\u00famero que marque la clasificaci\u00f3n, el estilo de juego o la  &#8230; edad. Todos acaban derribados ante la bola de demolici\u00f3n que es ahora mismo el tenis del palmare\u00f1o. Su \u00faltima v\u00edctima ha sido Taylor Fritz, n\u00famero cinco del mundo, en la final de Tokio (6-4 y 6-4). Hora y media necesit\u00f3 Alcaraz para alzar al cielo nublado de la capital japonesa su octavo t\u00edtulo de la temporada.<\/p>\n<p class=\"v-p\">Sab\u00eda perfectamente d\u00f3nde se met\u00eda Alcaraz. La final de Tokio le med\u00eda al jugador m\u00e1s en forma del momento, si nos referimos a los humanos. Porque Sinner y el de El Palmar est\u00e1n en otra galaxia. Est\u00e1 siendo una segunda mitad de temporada muy positiva para Fritz, que llegaba a esta batalla por el t\u00edtulo con la confianza por las nubes, especialmente con el servicio. Las condiciones de la pista favorec\u00edan al estadounidense, con el techo del Colosseum de Tokio cerrado. Pero quien llev\u00f3 el tim\u00f3n del partido desde el principio fue Alcaraz. Se jug\u00f3 a lo que quiso el murciano en todo momento. Exhibi\u00f3 todo el repertorio de golpes para agotar a Fritz. Dejadas, globos, voleas y tambi\u00e9n un rev\u00e9s que cada vez ejecuta con mayor fluidez un Alcaraz que lleg\u00f3 a disponer de cinco puntos de rotura. Solamente aprovech\u00f3 una en la primera manga, pero fue suficiente para llev\u00e1rsela.<\/p>\n<p class=\"v-p\">Hubo tiempo para todo en el primer set. Incluso para que el de El Palmar le echara una bronca tremenda al juez de silla Fergus Murphy: \u00ab\u00bfT\u00fa ves normal que yo acabe un punto largo en la red y luego apenas tenga tiempo para ir a por las pelotas, sin descanso? \u00bfLo ves normal o no? Vale, no has jugado al tenis en tu vida\u00bb, le espet\u00f3 Alcaraz al \u00e1rbitro del partido. Fue el momento en el que m\u00e1s nervioso se vio al murciano en toda la final. Siempre dominando la escena, alentado tambi\u00e9n por los gritos de \u00abViva Murcia\u00bb a miles de kil\u00f3metros de casa el tenista que estos d\u00edas cumple 40 semanas como n\u00famero uno del mundo. <\/p>\n<p class=\"v-p\">Se le acumularon los problemas a Fritz. A remolque en el marcador, el segundo cabeza de serie en Tokio empez\u00f3 a sentir molestias en su muslo izquierdo. Recibi\u00f3 asistencia m\u00e9dica Fritz durante el descanso, pero fue insuficiente para reactivar su cuerpo. Pronto se ver\u00eda con una rotura en contra a manos de un Alcaraz soberbio, sin fisuras en su tenis desde el mes de abril, que acaba el torneo sin un rasgu\u00f1o en su carrocer\u00eda m\u00e1s all\u00e1 del susto tempranero en su tobillo izquierdo. Un triunfo tras otro en el casillero del murciano que, con el de Tokio, acumula ocho t\u00edtulos en su palmar\u00e9s en un 2025 de ensue\u00f1o.<\/p>\n<p class=\"v-p\">Coronado con \u00e9xito un torneo que arranc\u00f3 con problemas para el palmare\u00f1o despu\u00e9s de doblarse el tobillo en su primer partido. Por ello, quiso agradecer especialmente a su fisioterapeuta Juanjo Moreno el trabajo de estos d\u00edas para que pudiera competir en condiciones \u00f3ptimas: \u00abAgradecerte el trabajo que has hecho durante estos d\u00edas para que pueda competir en buenas condiciones\u00bb, destac\u00f3 Alcaraz durante su discurso de ganador al tiempo que recib\u00eda el gesto c\u00f3mplice de Moreno desde la tribuna. Pocos minutos antes hab\u00eda celebrado junto a su equipo por todo lo alto la consecuci\u00f3n de un nuevo trofeo en este 2025 y tambi\u00e9n hab\u00eda recibido el cheque como campe\u00f3n del torneo por un valor de 416.365 d\u00f3lares.<\/p>\n<p class=\"v-p\">Con este triunfo, Alcaraz da un paso de gigante en sus aspiraciones de mantener el n\u00famero uno del ranking ATP hasta el final de temporada, ya que conserva los 500 puntos que el a\u00f1o pasado gan\u00f3 en Pek\u00edn y de aqu\u00ed a final de temporada ser\u00e1 Sinner quien tenga que defender los puntos obtenidos en 2024 en Shanghai y las ATP Finals. Lo tiene muy de cara el tenista murciano, que ya finaliz\u00f3 2022 en el primer puesto del ranking mundial.<\/p>\n<p>Carlos Alcaraz no estar\u00e1 en Shangh\u00e1i<\/p>\n<p class=\"v-p\">Tras vencer de manera c\u00f3moda al estadounidense, el murciano se quit\u00f3 las vendas de su tobillo izquierdo delante de todo mundo sin miedo a que sus rivales pudieran ver c\u00f3mo transcurre la salud de su articulaci\u00f3n. A pesar de que ha jugado la final sin problemas importantes, Carlos Alcaraz confirm\u00f3 a trav\u00e9s de sus redes sociales que no estar\u00e1 en el M\u00e1sters 1.000 de Shangh\u00e1i debido a unos problemas f\u00edsicos, ya que prefiere tener m\u00e1s descanso en su tobillo de cara al tramo final de temporada.<\/p>\n<p class=\"v-p\">Esto no supone ninguna perdida importante de puntos, debido a que Carlos Alcaraz perder\u00e1 los 200 puntos que consigui\u00f3 la temporada pasada en el torneo chino. Adem\u00e1s, Jannik Sinner solo puede recortarle esa misma cantidad de puntos, porque al ser el vigente campe\u00f3n de este M\u00e1sters 1.000, no puede ampliar su puntuaci\u00f3n. Por lo tanto, la distancia entre el italiano y el murciano en el r\u00e1nking ATP ser\u00eda de 560 puntos, en el caso en el que Sinner consiga repetir el triunfo obtenido en Shangh\u00e1i.<\/p>\n<p class=\"v-p\">La ruta a seguir por Carlos Alcaraz para acabar la temporada empieza por acudir al Six Kings Slam, del 15 al 16 de octubre, en Arabia Saud\u00ed, que no otorga puntos para el r\u00e1nking, pero tiene un gran premio econ\u00f3mico. Le sigue el M\u00e1sters 1.000 de Par\u00eds, del 27 de octubre al 2 de noviembre, donde defiende 100 puntos, y despu\u00e9s llegan las Finales ATP en Tur\u00edn, del 9 al 16 de noviembre, donde pelear\u00e1 por levantar un t\u00edtulo que a\u00fan no tiene en su palmar\u00e9s.<\/p>\n","protected":false},"excerpt":{"rendered":"Carlos Alcaraz se ha convertido en una trituradora de rivales. Da igual el n\u00famero que marque la clasificaci\u00f3n,&hellip;\n","protected":false},"author":2,"featured_media":148880,"comment_status":"","ping_status":"","sticky":false,"template":"","format":"standard","meta":{"footnotes":""},"categories":[274],"tags":[4985,4736,1691,415,168,2125,25,24,1058,4097,23,167,9274,327,326,13536],"class_list":{"0":"post-148879","1":"post","2":"type-post","3":"status-publish","4":"format-standard","5":"has-post-thumbnail","7":"category-tenis","8":"tag-4985","9":"tag-alcaraz","10":"tag-atp","11":"tag-carlos","12":"tag-deportes","13":"tag-directo","14":"tag-es","15":"tag-espana","16":"tag-final","17":"tag-fritz","18":"tag-spain","19":"tag-sports","20":"tag-taylor","21":"tag-tenis","22":"tag-tennis","23":"tag-tokio"},"share_on_mastodon":{"url":"","error":""},"_links":{"self":[{"href":"https:\/\/www.europesays.com\/es\/wp-json\/wp\/v2\/posts\/148879","targetHints":{"allow":["GET"]}}],"collection":[{"href":"https:\/\/www.europesays.com\/es\/wp-json\/wp\/v2\/posts"}],"about":[{"href":"https:\/\/www.europesays.com\/es\/wp-json\/wp\/v2\/types\/post"}],"author":[{"embeddable":true,"href":"https:\/\/www.europesays.com\/es\/wp-json\/wp\/v2\/users\/2"}],"replies":[{"embeddable":true,"href":"https:\/\/www.europesays.com\/es\/wp-json\/wp\/v2\/comments?post=148879"}],"version-history":[{"count":0,"href":"https:\/\/www.europesays.com\/es\/wp-json\/wp\/v2\/posts\/148879\/revisions"}],"wp:featuredmedia":[{"embeddable":true,"href":"https:\/\/www.europesays.com\/es\/wp-json\/wp\/v2\/media\/148880"}],"wp:attachment":[{"href":"https:\/\/www.europesays.com\/es\/wp-json\/wp\/v2\/media?parent=148879"}],"wp:term":[{"taxonomy":"category","embeddable":true,"href":"https:\/\/www.europesays.com\/es\/wp-json\/wp\/v2\/categories?post=148879"},{"taxonomy":"post_tag","embeddable":true,"href":"https:\/\/www.europesays.com\/es\/wp-json\/wp\/v2\/tags?post=148879"}],"curies":[{"name":"wp","href":"https:\/\/api.w.org\/{rel}","templated":true}]}}